{"id":107418,"date":"2025-03-15T18:39:32","date_gmt":"2025-03-15T18:39:32","guid":{"rendered":"https:\/\/rdnews.al\/?p=107418"},"modified":"2025-03-15T18:39:32","modified_gmt":"2025-03-15T18:39:32","slug":"boci-rama-armik-i-fjales-se-lire","status":"publish","type":"post","link":"https:\/\/rdnews.al\/index.php\/2025\/03\/15\/boci-rama-armik-i-fjales-se-lire\/","title":{"rendered":"Bo\u00e7i: Rama, armik i fjal\u00ebs s\u00eb lir\u00eb!"},"content":{"rendered":"<p>Deputet\u00ebt e opozit\u00ebs e cil\u00ebsojn\u00eb mbylljen e rrjetit social TikTok nj\u00eb akt censure nga ana e qeveris\u00eb q\u00eb vjen disa dit\u00eb p\u00ebrpara nisjes s\u00eb fushat\u00ebs elektroale.<\/p>\n<p>P\u00ebr Flamur Nok\u00ebn, Rama do t\u00eb mbahet mend n\u00eb histori si armik i fjal\u00ebs s\u00eb lir\u00eb.<\/p>\n<p>\u201cRama po b\u00ebn censur\u00eb. Cfar\u00eb do t\u00eb b\u00ebj do t\u00eb mbetet n\u00eb histori si armiku i fjal\u00ebs s\u00eb lir\u00eb dhe armiku i shqiptar\u00ebve\u201d, tha Noka.<\/p>\n<p>N\u00eb t\u00eb nj\u00ebjtin mendim ishte dhe Lu\u00e7iano Bo\u00e7i i cili ka dhe disa pyetje drejtuar kryeministrit Rama.<\/p>\n<p>\u201cPo e mbyll p\u00ebrpara fushat\u00ebs. Rama k\u00ebrkon t\u00eb edukoj\u00eb TikTok? P\u00ebrse nuk ndodh si n\u00eb vendet e tjera ku aplikohen filtrat n\u00eb platform\u00eb kund\u00ebr dhun\u00ebs\u201d, tha Bo\u00e7i.<\/p>\n","protected":false},"excerpt":{"rendered":"<p>Deputet\u00ebt e opozit\u00ebs e cil\u00ebsojn\u00eb mbylljen e rrjetit social TikTok nj\u00eb akt censure nga ana e qeveris\u00eb q\u00eb vjen disa dit\u00eb p\u00ebrpara nisjes s\u00eb fushat\u00ebs elektroale. P\u00ebr Flamur Nok\u00ebn, Rama do t\u00eb mbahet mend n\u00eb histori si armik i fjal\u00ebs s\u00eb lir\u00eb. \u201cRama po b\u00ebn censur\u00eb. Cfar\u00eb do t\u00eb b\u00ebj do t\u00eb mbetet n\u00eb histori &hellip;<\/p>\n","protected":false},"author":4,"featured_media":107419,"comment_status":"closed","ping_status":"closed","sticky":false,"template":"","format":"standard","meta":{"footnotes":""},"categories":[37],"tags":[],"class_list":["post-107418","post","type-post","status-publish","format-standard","has-post-thumbnail","","category-politike"],"_links":{"self":[{"href":"https:\/\/rdnews.al\/index.php\/wp-json\/wp\/v2\/posts\/107418","targetHints":{"allow":["GET"]}}],"collection":[{"href":"https:\/\/rdnews.al\/index.php\/wp-json\/wp\/v2\/posts"}],"about":[{"href":"https:\/\/rdnews.al\/index.php\/wp-json\/wp\/v2\/types\/post"}],"author":[{"embeddable":true,"href":"https:\/\/rdnews.al\/index.php\/wp-json\/wp\/v2\/users\/4"}],"replies":[{"embeddable":true,"href":"https:\/\/rdnews.al\/index.php\/wp-json\/wp\/v2\/comments?post=107418"}],"version-history":[{"count":1,"href":"https:\/\/rdnews.al\/index.php\/wp-json\/wp\/v2\/posts\/107418\/revisions"}],"predecessor-version":[{"id":107420,"href":"https:\/\/rdnews.al\/index.php\/wp-json\/wp\/v2\/posts\/107418\/revisions\/107420"}],"wp:featuredmedia":[{"embeddable":true,"href":"https:\/\/rdnews.al\/index.php\/wp-json\/wp\/v2\/media\/107419"}],"wp:attachment":[{"href":"https:\/\/rdnews.al\/index.php\/wp-json\/wp\/v2\/media?parent=107418"}],"wp:term":[{"taxonomy":"category","embeddable":true,"href":"https:\/\/rdnews.al\/index.php\/wp-json\/wp\/v2\/categories?post=107418"},{"taxonomy":"post_tag","embeddable":true,"href":"https:\/\/rdnews.al\/index.php\/wp-json\/wp\/v2\/tags?post=107418"}],"curies":[{"name":"wp","href":"https:\/\/api.w.org\/{rel}","templated":true}]}}