{"id":107440,"date":"2025-03-15T19:45:33","date_gmt":"2025-03-15T19:45:33","guid":{"rendered":"https:\/\/rdnews.al\/?p=107440"},"modified":"2025-03-15T19:45:33","modified_gmt":"2025-03-15T19:45:33","slug":"berisha-mbyllja-e-zerit-te-amerikes-nuk-ishte-nje-akt-censure-ai-eshte-nje-ent-publik","status":"publish","type":"post","link":"https:\/\/rdnews.al\/index.php\/2025\/03\/15\/berisha-mbyllja-e-zerit-te-amerikes-nuk-ishte-nje-akt-censure-ai-eshte-nje-ent-publik\/","title":{"rendered":"Berisha: Mbyllja e \u201cZ\u00ebrit t\u00eb Amerik\u00ebs\u201d nuk ishte nj\u00eb akt censure, ai \u00ebsht\u00eb nj\u00eb ent publik"},"content":{"rendered":"<p>Kryetari i PD, Sali Berisha nuk e ka konsideruar vendimin e presidentit amerikan Donald Trump, p\u00ebr mbylljen e Z\u00ebrit t\u00eb Amerik\u00ebs, si nj\u00eb akt censure.\u00a0Sipas tij, \u2018Z\u00ebri i Amerik\u00ebs\u2019 \u00ebsht\u00eb nj\u00eb ent publik, dhe nj\u00eb vendimmarrje e till\u00eb \u00ebsht\u00eb \u00e7\u00ebshtje e gjeopolitik\u00ebs globale.<\/p>\n<p>\u201cKomenti im \u00ebsht\u00eb ky, gjat\u00eb mandatit t\u00eb par\u00eb t\u00eb presidentit Donald Trump, pavar\u00ebsisht se \u00e7far\u00eb thot\u00eb propaganda kund\u00ebr tij, asnj\u00eb gazetar nuk \u00ebsht\u00eb nd\u00ebshkuar.<\/p>\n<p>Un\u00eb e kam ndjekur sepse at\u00eb e kam tregues.<\/p>\n<p>Dhe e dyta,fjala m\u00eb e bukur q\u00eb ai ka mbajtur, ka qen\u00eb fjala p\u00ebr censur\u00ebn, garancit\u00eb q\u00eb ai dha se nuk do ket\u00eb censur\u00eb n\u00eb SHBA.<\/p>\n<p>N\u00eb k\u00ebt\u00eb kontekst, mbyllja e Z\u00ebrit t\u00eb Amerik\u00ebs \u00ebsht\u00eb \u00e7\u00ebshtje e gjeopolitik\u00ebs globale.<\/p>\n<p>Pra, ata konsiderojn\u00eb se shpenzimet kolosale q\u00eb b\u00ebhen me k\u00ebt\u00eb radio t\u00eb kufizohen ose t\u00eb shmangin nj\u00eb propagande q\u00eb administrata aktuale dhe zonja Lake e konsideronte t\u00eb tep\u00ebrt.<\/p>\n<p>K\u00ebshtu q\u00eb nuk ka t\u00eb b\u00ebj\u00eb me censur\u00ebn kjo. Ai \u00ebsht\u00eb nj\u00eb ent publik. Nes\u00ebr mund t\u00eb vendoset t\u00eb mbyllet televizioni shtet\u00ebror, por n\u00eb qoft\u00eb se televizionet private kan\u00eb t\u00eb gjith\u00eb hap\u00ebsir\u00ebn, shqiptar\u00ebt nuk p\u00ebsojn\u00eb asnj\u00eb censur\u00eb.<\/p>\n<p>N\u00eb k\u00ebt\u00eb aspekt, mund t\u00eb them se ai ishte nj\u00eb akt anticensure mbyllja e Z\u00ebrit t\u00eb Amerik\u00ebs\u201d, tha Berisha.<\/p>\n","protected":false},"excerpt":{"rendered":"<p>Kryetari i PD, Sali Berisha nuk e ka konsideruar vendimin e presidentit amerikan Donald Trump, p\u00ebr mbylljen e Z\u00ebrit t\u00eb Amerik\u00ebs, si nj\u00eb akt censure.\u00a0Sipas tij, \u2018Z\u00ebri i Amerik\u00ebs\u2019 \u00ebsht\u00eb nj\u00eb ent publik, dhe nj\u00eb vendimmarrje e till\u00eb \u00ebsht\u00eb \u00e7\u00ebshtje e gjeopolitik\u00ebs globale. \u201cKomenti im \u00ebsht\u00eb ky, gjat\u00eb mandatit t\u00eb par\u00eb t\u00eb presidentit Donald Trump, &hellip;<\/p>\n","protected":false},"author":4,"featured_media":107441,"comment_status":"closed","ping_status":"closed","sticky":false,"template":"","format":"standard","meta":{"footnotes":""},"categories":[37],"tags":[],"class_list":["post-107440","post","type-post","status-publish","format-standard","has-post-thumbnail","","category-politike"],"_links":{"self":[{"href":"https:\/\/rdnews.al\/index.php\/wp-json\/wp\/v2\/posts\/107440","targetHints":{"allow":["GET"]}}],"collection":[{"href":"https:\/\/rdnews.al\/index.php\/wp-json\/wp\/v2\/posts"}],"about":[{"href":"https:\/\/rdnews.al\/index.php\/wp-json\/wp\/v2\/types\/post"}],"author":[{"embeddable":true,"href":"https:\/\/rdnews.al\/index.php\/wp-json\/wp\/v2\/users\/4"}],"replies":[{"embeddable":true,"href":"https:\/\/rdnews.al\/index.php\/wp-json\/wp\/v2\/comments?post=107440"}],"version-history":[{"count":1,"href":"https:\/\/rdnews.al\/index.php\/wp-json\/wp\/v2\/posts\/107440\/revisions"}],"predecessor-version":[{"id":107442,"href":"https:\/\/rdnews.al\/index.php\/wp-json\/wp\/v2\/posts\/107440\/revisions\/107442"}],"wp:featuredmedia":[{"embeddable":true,"href":"https:\/\/rdnews.al\/index.php\/wp-json\/wp\/v2\/media\/107441"}],"wp:attachment":[{"href":"https:\/\/rdnews.al\/index.php\/wp-json\/wp\/v2\/media?parent=107440"}],"wp:term":[{"taxonomy":"category","embeddable":true,"href":"https:\/\/rdnews.al\/index.php\/wp-json\/wp\/v2\/categories?post=107440"},{"taxonomy":"post_tag","embeddable":true,"href":"https:\/\/rdnews.al\/index.php\/wp-json\/wp\/v2\/tags?post=107440"}],"curies":[{"name":"wp","href":"https:\/\/api.w.org\/{rel}","templated":true}]}}