{"id":107465,"date":"2025-03-15T21:50:06","date_gmt":"2025-03-15T21:50:06","guid":{"rendered":"https:\/\/rdnews.al\/?p=107465"},"modified":"2025-03-15T21:50:06","modified_gmt":"2025-03-15T21:50:06","slug":"kandidati-i-se-djathtes-ne-rumani-lejohet-te-garoje-per-president-pas-reagimit-te-jd-vance","status":"publish","type":"post","link":"https:\/\/rdnews.al\/index.php\/2025\/03\/15\/kandidati-i-se-djathtes-ne-rumani-lejohet-te-garoje-per-president-pas-reagimit-te-jd-vance\/","title":{"rendered":"Kandidati i s\u00eb djatht\u00ebs n\u00eb Rumani lejohet t\u00eb garoj\u00eb p\u00ebr President pas reagimit t\u00eb JD Vance"},"content":{"rendered":"<p>Autoritetet zgjedhore n\u00eb Rumani i mund\u00ebsuan udh\u00ebheq\u00ebsit t\u00eb nj\u00eb partie t\u00eb djatht\u00eb t\u00eb garoj\u00eb n\u00eb zgjedhjet presidenciale t\u00eb vendit, q\u00eb do te mbahen n\u00eb muajin maj.<\/p>\n<p>Vendimi u mor disa dit\u00eb pasi Gjykata Kushtetuese la n\u00eb fuqi mas\u00ebn q\u00eb i ndalon populistit t\u00eb ekstremit t\u00eb djatht\u00eb, Calin Georgescu, pjes\u00ebmarrjen n\u00eb zgjedhje.<\/p>\n<p>Bordi Qendror Zgjedhor e miratoi kandidatur\u00ebn e George Simionit, udh\u00ebheq\u00ebs i Aleanc\u00ebs p\u00ebr Unitetin e Rumun\u00ebve (AUR) dhe aleat i Georgescut, m\u00eb 15 mars &#8211; nj\u00eb dit\u00eb pasi Simion paraqiti k\u00ebrkes\u00ebn e tij p\u00ebr regjistrim si kandidat.<\/p>\n<p>Simion dhe Anamaria Gavrila, udh\u00ebheq\u00ebse e Partis\u00eb s\u00eb t\u00eb Rinjve (POT) t\u00eb ekstremit t\u00eb djatht\u00eb dhe ish-an\u00ebtare e AUR-s\u00eb, than\u00eb n\u00eb fillim t\u00eb k\u00ebsaj jave se do t\u00eb p\u00ebrpiqen t\u00eb hyjn\u00eb n\u00eb gar\u00eb dhe n\u00ebse t\u00eb dyve u mund\u00ebsohet, nj\u00ebri do t\u00eb t\u00ebrhiqet.<\/p>\n<p>Gavrila pritej ta dor\u00ebzonte aplikimin e saj m\u00eb 15 mars, kur ishte edhe afati i fundit p\u00ebr ta paraqitur.<\/p>\n<p>Po k\u00ebt\u00eb dit\u00eb, Bordi Qendror Zgjedhor e refuzoi kandidatur\u00ebn e nj\u00eb tjet\u00ebr politikaneje t\u00eb s\u00eb djatht\u00ebs ekstreme, kryetares s\u00eb partis\u00eb SOS Rumania, Diana Sosoaca, dhe miratoi kandidatur\u00ebn e politikanes s\u00eb qendr\u00ebs pro-evropiane, Elena Lasconi.<\/p>\n<p>Sosoaca ishte refuzuar edhe kur zgjedhjet u mbajt\u00ebn n\u00eb n\u00ebntor.<\/p>\n<p>Georgescu, i cili \u00ebsht\u00eb kritik ndaj NATO-s dhe kund\u00ebrshton mb\u00ebshtetjen rumune p\u00ebr Ukrain\u00ebn, ishte fituesi surpriz\u00eb i m\u00eb shum\u00eb votave n\u00eb rundin e par\u00eb t\u00eb zgjedhjeve, m\u00eb 24 n\u00ebntor. Simion u rendit i kat\u00ebrti.<\/p>\n<p>Pas atyre zgjedhjeve, inteligjenca rumune tha se aktor\u00eb t\u00eb huaj, me shum\u00eb gjasa nga Rusia, kishin manipuluar platformat e mediave sociale, ve\u00e7an\u00ebrisht TikTok-un, n\u00eb favor t\u00eb Georgescut.<\/p>\n<p>M\u00eb 6 dhjetor &#8211; derisa pritej balotazhi mes Georgescut dhe Lasconit &#8211; Gjykata Kushtetuese i anuloi zgjedhjet presidenciale.<\/p>\n<p>M\u00eb pas, ato u caktuan p\u00ebr dat\u00ebn 4 maj, nd\u00ebrsa balotazhi &#8211; n\u00ebse do t\u00eb jet\u00eb i nevojsh\u00ebm &#8211; do t\u00eb mbahet m\u00eb 18 maj.<\/p>\n","protected":false},"excerpt":{"rendered":"<p>Autoritetet zgjedhore n\u00eb Rumani i mund\u00ebsuan udh\u00ebheq\u00ebsit t\u00eb nj\u00eb partie t\u00eb djatht\u00eb t\u00eb garoj\u00eb n\u00eb zgjedhjet presidenciale t\u00eb vendit, q\u00eb do te mbahen n\u00eb muajin maj. Vendimi u mor disa dit\u00eb pasi Gjykata Kushtetuese la n\u00eb fuqi mas\u00ebn q\u00eb i ndalon populistit t\u00eb ekstremit t\u00eb djatht\u00eb, Calin Georgescu, pjes\u00ebmarrjen n\u00eb zgjedhje. Bordi Qendror Zgjedhor e &hellip;<\/p>\n","protected":false},"author":3,"featured_media":107467,"comment_status":"closed","ping_status":"closed","sticky":false,"template":"","format":"standard","meta":{"footnotes":""},"categories":[38],"tags":[],"class_list":["post-107465","post","type-post","status-publish","format-standard","has-post-thumbnail","","category-bota"],"_links":{"self":[{"href":"https:\/\/rdnews.al\/index.php\/wp-json\/wp\/v2\/posts\/107465","targetHints":{"allow":["GET"]}}],"collection":[{"href":"https:\/\/rdnews.al\/index.php\/wp-json\/wp\/v2\/posts"}],"about":[{"href":"https:\/\/rdnews.al\/index.php\/wp-json\/wp\/v2\/types\/post"}],"author":[{"embeddable":true,"href":"https:\/\/rdnews.al\/index.php\/wp-json\/wp\/v2\/users\/3"}],"replies":[{"embeddable":true,"href":"https:\/\/rdnews.al\/index.php\/wp-json\/wp\/v2\/comments?post=107465"}],"version-history":[{"count":1,"href":"https:\/\/rdnews.al\/index.php\/wp-json\/wp\/v2\/posts\/107465\/revisions"}],"predecessor-version":[{"id":107468,"href":"https:\/\/rdnews.al\/index.php\/wp-json\/wp\/v2\/posts\/107465\/revisions\/107468"}],"wp:featuredmedia":[{"embeddable":true,"href":"https:\/\/rdnews.al\/index.php\/wp-json\/wp\/v2\/media\/107467"}],"wp:attachment":[{"href":"https:\/\/rdnews.al\/index.php\/wp-json\/wp\/v2\/media?parent=107465"}],"wp:term":[{"taxonomy":"category","embeddable":true,"href":"https:\/\/rdnews.al\/index.php\/wp-json\/wp\/v2\/categories?post=107465"},{"taxonomy":"post_tag","embeddable":true,"href":"https:\/\/rdnews.al\/index.php\/wp-json\/wp\/v2\/tags?post=107465"}],"curies":[{"name":"wp","href":"https:\/\/api.w.org\/{rel}","templated":true}]}}