{"id":107476,"date":"2025-03-17T09:44:11","date_gmt":"2025-03-17T09:44:11","guid":{"rendered":"https:\/\/rdnews.al\/?p=107476"},"modified":"2025-03-17T10:14:53","modified_gmt":"2025-03-17T10:14:53","slug":"berisha-mesazh-dumanit-amnistimi-i-krimit-elektoral-eshte-atentati-me-i-rende-ndaj-zgjedhjeve-te-lira","status":"publish","type":"post","link":"https:\/\/rdnews.al\/index.php\/2025\/03\/17\/berisha-mesazh-dumanit-amnistimi-i-krimit-elektoral-eshte-atentati-me-i-rende-ndaj-zgjedhjeve-te-lira\/","title":{"rendered":"Berisha lexon mesazhin q\u00eb i la Dumanit"},"content":{"rendered":"<p>Kryetari i PD, Sali Berisha \u00ebsht\u00eb paraqitur vet\u00ebm pak momente m\u00eb par\u00eb n\u00eb ambientet e Prokuroris\u00eb s\u00eb Posa\u00e7me, SPAK.<\/p>\n<p>N\u00eb nj\u00eb prononcim p\u00ebr media, Berisha u shpreh se amnistimi i krimit elektoral nga Dumani dhe Skapi i partis\u00eb \u00ebsht\u00eb krimi antikushtetues dhe antidemokratik m\u00eb i madh n\u00eb historin\u00eb e pluralizmit politik.<\/p>\n<p><strong>Mesazhi<\/strong><\/p>\n<p><em>Amnistimi i krimit elektoral nga Dumani dhe Skapi i partis\u00eb \u00ebsht\u00eb krimi antikushtetues dhe antidemokratik m\u00eb i madh n\u00eb historin\u00eb e pluralizmit politik.<\/em><\/p>\n<p><em>\u00cbsht\u00eb atentati m\u00eb i r\u00ebnd\u00eb ndaj zgjedhjeve t\u00eb lira.<\/em><\/p>\n<p><em>Sali Berisha.<\/em><\/p>\n<p><em>Ua lash\u00eb aty!<\/em><\/p>\n","protected":false},"excerpt":{"rendered":"<p>Kryetari i PD, Sali Berisha \u00ebsht\u00eb paraqitur vet\u00ebm pak momente m\u00eb par\u00eb n\u00eb ambientet e Prokuroris\u00eb s\u00eb Posa\u00e7me, SPAK. N\u00eb nj\u00eb prononcim p\u00ebr media, Berisha u shpreh se amnistimi i krimit elektoral nga Dumani dhe Skapi i partis\u00eb \u00ebsht\u00eb krimi antikushtetues dhe antidemokratik m\u00eb i madh n\u00eb historin\u00eb e pluralizmit politik. Mesazhi Amnistimi i krimit &hellip;<\/p>\n","protected":false},"author":4,"featured_media":107477,"comment_status":"closed","ping_status":"closed","sticky":false,"template":"","format":"standard","meta":{"footnotes":""},"categories":[37],"tags":[],"class_list":["post-107476","post","type-post","status-publish","format-standard","has-post-thumbnail","","category-politike"],"_links":{"self":[{"href":"https:\/\/rdnews.al\/index.php\/wp-json\/wp\/v2\/posts\/107476","targetHints":{"allow":["GET"]}}],"collection":[{"href":"https:\/\/rdnews.al\/index.php\/wp-json\/wp\/v2\/posts"}],"about":[{"href":"https:\/\/rdnews.al\/index.php\/wp-json\/wp\/v2\/types\/post"}],"author":[{"embeddable":true,"href":"https:\/\/rdnews.al\/index.php\/wp-json\/wp\/v2\/users\/4"}],"replies":[{"embeddable":true,"href":"https:\/\/rdnews.al\/index.php\/wp-json\/wp\/v2\/comments?post=107476"}],"version-history":[{"count":2,"href":"https:\/\/rdnews.al\/index.php\/wp-json\/wp\/v2\/posts\/107476\/revisions"}],"predecessor-version":[{"id":107495,"href":"https:\/\/rdnews.al\/index.php\/wp-json\/wp\/v2\/posts\/107476\/revisions\/107495"}],"wp:featuredmedia":[{"embeddable":true,"href":"https:\/\/rdnews.al\/index.php\/wp-json\/wp\/v2\/media\/107477"}],"wp:attachment":[{"href":"https:\/\/rdnews.al\/index.php\/wp-json\/wp\/v2\/media?parent=107476"}],"wp:term":[{"taxonomy":"category","embeddable":true,"href":"https:\/\/rdnews.al\/index.php\/wp-json\/wp\/v2\/categories?post=107476"},{"taxonomy":"post_tag","embeddable":true,"href":"https:\/\/rdnews.al\/index.php\/wp-json\/wp\/v2\/tags?post=107476"}],"curies":[{"name":"wp","href":"https:\/\/api.w.org\/{rel}","templated":true}]}}