{"id":107479,"date":"2025-03-17T09:50:01","date_gmt":"2025-03-17T09:50:01","guid":{"rendered":"https:\/\/rdnews.al\/?p=107479"},"modified":"2025-03-17T09:50:01","modified_gmt":"2025-03-17T09:50:01","slug":"pergjimet-e-veliajt-berisha-redaktori-eshte-rama-naten-i-ndersen-kunder-skapit-diten-i-mbron","status":"publish","type":"post","link":"https:\/\/rdnews.al\/index.php\/2025\/03\/17\/pergjimet-e-veliajt-berisha-redaktori-eshte-rama-naten-i-ndersen-kunder-skapit-diten-i-mbron\/","title":{"rendered":"P\u00ebrgjimet e Veliajt\/ Berisha: Redaktori \u00ebsht\u00eb Rama, nat\u00ebn i nd\u00ebrsen kund\u00ebr Skapit, dit\u00ebn i mbron"},"content":{"rendered":"<p>Kryetari i PD, Sali Berisha pas daljes nga Prokuroria e Posa\u00e7me tregoi se, k\u00eb kishte ndeshur n\u00eb korridoret e SPAK. Berisha tha se, aty ka takuar \u2018redaktorin\u2019, i cili dirigjon lajmet ndaj kryebashkiakut Erion Veliaj.<\/p>\n<p>\u201cTani, si\u00e7 e don dhe transparenca, me t\u00eb drejt\u00eb prisni t\u2019u rr\u00ebfej se \u00e7far\u00eb gjeta aty brenda, \u00e7far\u00eb kishte n\u00eb sallat dhe korridoret e Skapit t\u00eb partis\u00eb.<\/p>\n<p>Sot, aty takova Redaktorin.<\/p>\n<p>Redaktori \u00ebsht\u00eb nj\u00eb person, t\u00eb cilin mediat e censuruan.<\/p>\n<p>Mediat d\u00ebshmuan se Erion Veliaj, Lal Vjedh\u00ebsi, n\u00eb telefonatat e tij t\u00eb panum\u00ebrta, i jepte t\u00eb v\u00ebllait porosi p\u00ebr Mjero Bazen, p\u00ebr Bolinon, p\u00ebr Yzeirin e t\u00eb tjer\u00eb.<\/p>\n<p>Por at\u00eb q\u00eb u fsheh\u00ebn mediat ju, ua them un\u00eb.<\/p>\n<p>N\u00eb urdh\u00ebresat dhe udh\u00ebzimet e tij ishte nj\u00eb shum\u00eb e ve\u00e7ant\u00eb.<\/p>\n<p>P\u00ebr k\u00ebt\u00eb \u00e7\u00ebshtje, thoshte, do pyetet Redaktori.<\/p>\n<p>Kjo \u00e7\u00ebshtje nuk do dal\u00eb pa u pyetur Redaktori.<\/p>\n<p>Tani, do thoni ju, cili ishte Redaktori.<\/p>\n<p>Redaktori ishte Edi Rama.<\/p>\n<p>D\u00ebgjojeni miq se \u00e7far\u00eb Jagoje i paskrupullt \u00ebsht\u00eb.<\/p>\n<p>Nat\u00ebn i nd\u00ebrsente kund\u00ebr Skapit, dit\u00ebn sulmonte Etjenin se guxove t\u00eb sulmonte Skapin.<\/p>\n<p>Nd\u00ebrkoh\u00eb, statuset e para jan\u00eb t\u00eb gjitha t\u00eb redaktuara nga Redaktori.<\/p>\n<p>Po \u00e7far\u00eb po b\u00ebnte Redaktori k\u00ebtu?<\/p>\n<p>Redaktori k\u00ebtu kishte v\u00ebn\u00eb p\u00ebrpara nj\u00eb telajo dhe qejf e qejf po pikturonte mustaqet e Kujtim Gjuzit.<\/p>\n<p>Po, i them un\u00eb, \u00e7far\u00eb ke ti me k\u00ebto mustaqe? Ti i ke t\u00eb tuat.<\/p>\n<p>Epo k\u00ebto t\u00eb miat nuk m\u00eb mbushin.<\/p>\n<p>E v\u00ebrteta \u00ebsht\u00eb kjo. Prandaj \u00ebsht\u00eb i fiksuar.<\/p>\n<p>Dhe \u00e7do fjal\u00eb e tij \u00e7do m\u00ebngjes fillon me mustaqet dhe mbaron pastaj e dini vet\u00eb me \u00e7far\u00eb&#8230;<\/p>\n<p>N\u00eb fakt n\u00eb burg e ka vendin. Nj\u00eb audit i gjithansh\u00ebm e pret\u201d, tha Berisha.<\/p>\n","protected":false},"excerpt":{"rendered":"<p>Kryetari i PD, Sali Berisha pas daljes nga Prokuroria e Posa\u00e7me tregoi se, k\u00eb kishte ndeshur n\u00eb korridoret e SPAK. Berisha tha se, aty ka takuar \u2018redaktorin\u2019, i cili dirigjon lajmet ndaj kryebashkiakut Erion Veliaj. \u201cTani, si\u00e7 e don dhe transparenca, me t\u00eb drejt\u00eb prisni t\u2019u rr\u00ebfej se \u00e7far\u00eb gjeta aty brenda, \u00e7far\u00eb kishte n\u00eb &hellip;<\/p>\n","protected":false},"author":4,"featured_media":107480,"comment_status":"closed","ping_status":"closed","sticky":false,"template":"","format":"standard","meta":{"footnotes":""},"categories":[37],"tags":[],"class_list":["post-107479","post","type-post","status-publish","format-standard","has-post-thumbnail","","category-politike"],"_links":{"self":[{"href":"https:\/\/rdnews.al\/index.php\/wp-json\/wp\/v2\/posts\/107479","targetHints":{"allow":["GET"]}}],"collection":[{"href":"https:\/\/rdnews.al\/index.php\/wp-json\/wp\/v2\/posts"}],"about":[{"href":"https:\/\/rdnews.al\/index.php\/wp-json\/wp\/v2\/types\/post"}],"author":[{"embeddable":true,"href":"https:\/\/rdnews.al\/index.php\/wp-json\/wp\/v2\/users\/4"}],"replies":[{"embeddable":true,"href":"https:\/\/rdnews.al\/index.php\/wp-json\/wp\/v2\/comments?post=107479"}],"version-history":[{"count":1,"href":"https:\/\/rdnews.al\/index.php\/wp-json\/wp\/v2\/posts\/107479\/revisions"}],"predecessor-version":[{"id":107481,"href":"https:\/\/rdnews.al\/index.php\/wp-json\/wp\/v2\/posts\/107479\/revisions\/107481"}],"wp:featuredmedia":[{"embeddable":true,"href":"https:\/\/rdnews.al\/index.php\/wp-json\/wp\/v2\/media\/107480"}],"wp:attachment":[{"href":"https:\/\/rdnews.al\/index.php\/wp-json\/wp\/v2\/media?parent=107479"}],"wp:term":[{"taxonomy":"category","embeddable":true,"href":"https:\/\/rdnews.al\/index.php\/wp-json\/wp\/v2\/categories?post=107479"},{"taxonomy":"post_tag","embeddable":true,"href":"https:\/\/rdnews.al\/index.php\/wp-json\/wp\/v2\/tags?post=107479"}],"curies":[{"name":"wp","href":"https:\/\/api.w.org\/{rel}","templated":true}]}}