{"id":107482,"date":"2025-03-17T09:53:12","date_gmt":"2025-03-17T09:53:12","guid":{"rendered":"https:\/\/rdnews.al\/?p=107482"},"modified":"2025-03-17T10:34:49","modified_gmt":"2025-03-17T10:34:49","slug":"berisha-publikon-pergjimet-balles-ja-si-ben-pazare-suel-cela-me-dosjet-e-skapit-dokumenti","status":"publish","type":"post","link":"https:\/\/rdnews.al\/index.php\/2025\/03\/17\/berisha-publikon-pergjimet-balles-ja-si-ben-pazare-suel-cela-me-dosjet-e-skapit-dokumenti\/","title":{"rendered":"Berisha publikon p\u00ebrgjimet Ball\u00ebs: Suel \u00c7ela pazare me dosjet e Skapit (Dokumenti)"},"content":{"rendered":"<p>Kryetari i PD, Sali Berisha nga SPAK ka sfiduar prokuror\u00ebt e Posa\u00e7\u00ebm p\u00ebr bandat kriminale n\u00eb Elbasan dhe lidhjet kriminale t\u00eb socialistit Taulant Balla me k\u00ebto banda.<\/p>\n<p>N\u00eb nj\u00eb deklarat\u00eb p\u00ebr mediat jash\u00ebt dyerve t\u00eb SPAK, Berisha bashk\u00eblidhur ka publikuar edhe bised\u00ebn e p\u00ebrgjimeve t\u00eb dala mes Ball\u00ebs dhe Suel \u00c7el\u00ebs, i dyshuar p\u00ebr n\u00ebj s\u00ebr\u00eb veprash penale, se si Suel \u00c7ela b\u00ebn pazare me ligjv\u00ebn\u00ebsin e PS me dosjet e SPAK.<\/p>\n<p>\u201cTani vazhdojm\u00eb p\u00ebrs\u00ebri me personazhin m\u00eb t\u00eb inkriminuar pas Edi Ram\u00ebs n\u00eb Shqip\u00ebri dhe ky \u00ebsht\u00eb Taulant Bego Yaris.<\/p>\n<p>Taulanti \u00ebsht\u00eb nj\u00eb personazh unik.<\/p>\n<p>A e dini ju t\u00eb nderuar gazetar\u00eb q\u00eb ai \u00ebsht\u00eb edhe hajdut xhepash n\u00eb kuptimin q\u00eb nuk ngurron t\u2019u k\u00ebrkoj\u00eb mbushmani kart\u00ebn e telefonit, hidh ca mbushje n\u00eb kart\u00ebn time t\u00eb telefonit.<\/p>\n<p>Pra, ky \u00ebsht\u00eb njeriu q\u00eb p\u00ebrfaq\u00ebson Edi Ram\u00ebn n\u00eb Tiran\u00eb.<\/p>\n<p>N\u00eb janar t\u00eb vitit 2021, Sueli, kapoja i band\u00ebs s\u00eb Elbasanit \u00ebsht\u00eb n\u00eb diskutim me pinin D787BO, e gjeni vet\u00eb ju ku \u00ebsht\u00eb, por edhe un\u00eb do p\u00ebrpiqem, n\u00eb lidhje me nj\u00eb \u00e7\u00ebshtje kund\u00ebr tij, t\u00eb nisur nga OFL.<\/p>\n<p>Dosja ndodhet n\u00eb SPAK.<\/p>\n<p>Pini D787BO thot\u00eb se \u2018do ta kthej dosjen nga Spaku n\u00eb OFL\u2019.<\/p>\n<p>E shihni pra se si b\u00ebhen pazaret dhe pastaj m\u00eb thon\u00eb pse thua ti organizat\u00eb kriminale. Po \u00e7far\u00eb \u00ebsht\u00eb kjo apo jo? A nuk \u00ebsht\u00eb pazar q\u00eb m\u00eb hiqni dosjen dhe \u00e7ojani edhe nj\u00ebher\u00eb policis\u00eb.<\/p>\n<p>Pini D787BO thot\u00eb se do ta kthejm\u00eb dosjen nga SPAK n\u00eb OFL dhe shpresoj te kushtet.<\/p>\n<p>E kuptoni pra se si shp\u00ebtohen kriminel\u00ebt duke b\u00ebr\u00eb dosjet top futbolli nga Spaku tek OFL dhe duke i nxjerr\u00eb jasht\u00eb afateve ligjore t\u00eb gjykimit.<\/p>\n<p>Tani n\u00eb fund thuhet se \u2018Tao \u00ebsht\u00eb plot\u00ebsisht i vet\u00ebdijsh\u00ebm p\u00ebr k\u00ebt\u00eb\u2019.<\/p>\n<p>Dometh\u00ebn\u00eb do ta b\u00ebj se nuk ka ku t\u00eb shkoj\u00eb.<\/p>\n<p>Pra, kjo ishte sot p\u00ebr Taon dhe p\u00ebr redaktorin\u201d, tha Berisha.<\/p>\n<p><img decoding=\"async\" src=\"https:\/\/www.syri.net\/uploads\/syri.net\/images\/2025\/March\/17\/auto_FOTO1742204128.jpeg\" alt=\"Image\" \/><\/p>\n","protected":false},"excerpt":{"rendered":"<p>Kryetari i PD, Sali Berisha nga SPAK ka sfiduar prokuror\u00ebt e Posa\u00e7\u00ebm p\u00ebr bandat kriminale n\u00eb Elbasan dhe lidhjet kriminale t\u00eb socialistit Taulant Balla me k\u00ebto banda. N\u00eb nj\u00eb deklarat\u00eb p\u00ebr mediat jash\u00ebt dyerve t\u00eb SPAK, Berisha bashk\u00eblidhur ka publikuar edhe bised\u00ebn e p\u00ebrgjimeve t\u00eb dala mes Ball\u00ebs dhe Suel \u00c7el\u00ebs, i dyshuar p\u00ebr n\u00ebj &hellip;<\/p>\n","protected":false},"author":4,"featured_media":107483,"comment_status":"closed","ping_status":"closed","sticky":false,"template":"","format":"standard","meta":{"footnotes":""},"categories":[37],"tags":[],"class_list":["post-107482","post","type-post","status-publish","format-standard","has-post-thumbnail","","category-politike"],"_links":{"self":[{"href":"https:\/\/rdnews.al\/index.php\/wp-json\/wp\/v2\/posts\/107482","targetHints":{"allow":["GET"]}}],"collection":[{"href":"https:\/\/rdnews.al\/index.php\/wp-json\/wp\/v2\/posts"}],"about":[{"href":"https:\/\/rdnews.al\/index.php\/wp-json\/wp\/v2\/types\/post"}],"author":[{"embeddable":true,"href":"https:\/\/rdnews.al\/index.php\/wp-json\/wp\/v2\/users\/4"}],"replies":[{"embeddable":true,"href":"https:\/\/rdnews.al\/index.php\/wp-json\/wp\/v2\/comments?post=107482"}],"version-history":[{"count":2,"href":"https:\/\/rdnews.al\/index.php\/wp-json\/wp\/v2\/posts\/107482\/revisions"}],"predecessor-version":[{"id":107499,"href":"https:\/\/rdnews.al\/index.php\/wp-json\/wp\/v2\/posts\/107482\/revisions\/107499"}],"wp:featuredmedia":[{"embeddable":true,"href":"https:\/\/rdnews.al\/index.php\/wp-json\/wp\/v2\/media\/107483"}],"wp:attachment":[{"href":"https:\/\/rdnews.al\/index.php\/wp-json\/wp\/v2\/media?parent=107482"}],"wp:term":[{"taxonomy":"category","embeddable":true,"href":"https:\/\/rdnews.al\/index.php\/wp-json\/wp\/v2\/categories?post=107482"},{"taxonomy":"post_tag","embeddable":true,"href":"https:\/\/rdnews.al\/index.php\/wp-json\/wp\/v2\/tags?post=107482"}],"curies":[{"name":"wp","href":"https:\/\/api.w.org\/{rel}","templated":true}]}}