{"id":107486,"date":"2025-03-17T10:01:18","date_gmt":"2025-03-17T10:01:18","guid":{"rendered":"https:\/\/rdnews.al\/?p=107486"},"modified":"2025-03-17T10:01:21","modified_gmt":"2025-03-17T10:01:21","slug":"berisha-uluziu-urdheroi-vendosjen-e-cimkave-per-lali-vjedhesin-desh-i-ra-te-fiket-ne-gjykate","status":"publish","type":"post","link":"https:\/\/rdnews.al\/index.php\/2025\/03\/17\/berisha-uluziu-urdheroi-vendosjen-e-cimkave-per-lali-vjedhesin-desh-i-ra-te-fiket-ne-gjykate\/","title":{"rendered":"Berisha: Uluziu urdh\u00ebroi vendosjen e \u00e7imkave p\u00ebr Lali Vjedh\u00ebsin, desh i ra t\u00eb fik\u00ebt n\u00eb gjykat\u00eb"},"content":{"rendered":"<p>Kryetari i PD, Sali Berisha tha nga SPAK se p\u00ebr vendosjen e \u00e7imkave p\u00ebrgjuese tek\u00a0Veliaj i ka urdh\u00ebruar Ulsi Manja.<\/p>\n<p>Berisha tha se, edhe Uluziu ka luajtur rolin e tij. Njeri m\u00eb t\u00eb pabes\u00eb, m\u00eb t\u00eb zi n\u00eb shpirt, m\u00eb t\u00eb pakarakter se at\u00eb nuk ka\u2019, \u00ebsht\u00eb shprehur Berisha.<\/p>\n<p>\u201cPo a mund t\u2019u pyes ju se si ia keni fshehur popullit Redaktorin?<\/p>\n<p>Ju i keni th\u00ebn\u00eb t\u00eb gjitha, por kur fshihni Redaktorin q\u00eb dihet se \u00ebsht\u00eb Edi Rama&#8230;<\/p>\n<p>Megjithat\u00eb edhe Uluziu ka luajtur rolin e tij.<\/p>\n<p>Njeri m\u00eb t\u00eb pabes\u00eb, m\u00eb t\u00eb zi n\u00eb shpirt, m\u00eb t\u00eb pakarakter se at\u00eb nuk ka.<\/p>\n<p>I ka shkuar nat\u00ebn si mik, duke i l\u00ebpir\u00eb dhe st\u00ebrl\u00ebpir\u00eb Erion Veliajt dhe ka urdh\u00ebruar vendosjen e \u00e7imkave n\u00eb t\u00eb gjitha mjediset.<\/p>\n<p>Uluziu pra \u00ebsht\u00eb pjes\u00eb e k\u00ebtij kurthi.<\/p>\n<p>N\u00eb fakt, ta dini mir\u00eb, po edhe k\u00ebt\u00eb nuk e than\u00eb gazetar\u00ebt, kur u ul Erioni n\u00eb bank\u00ebn e gjykat\u00ebs dhe prokurori tha se kemi nj\u00eb dosje shtes\u00eb, atij pothuajse i ra t\u00eb fik\u00ebt, as g\u00ebk as m\u00ebk nuk b\u00ebri.<\/p>\n<p>Un\u00eb ua them k\u00ebtu me p\u00ebrgjegj\u00ebsi, atij desh i ra tavani se nuk e priste t\u00eb ishte i regjistruar pasi Uluziu i kishte dh\u00ebn\u00eb \u00e7do garanci se ai \u00ebsht\u00eb njeriu i partis\u00eb si\u00e7 ka qen\u00eb.<\/p>\n<p>N\u00eb asnj\u00eb rast pabesia nuk shp\u00ebrblehet.<\/p>\n<p>N\u00eb qoft\u00eb se donin t\u00eb vinin \u00e7imka, t\u00eb mos i aktivizonin ministra dhe zyrtar\u00eb m\u00eb t\u00eb lart\u00eb, por t\u00eb shkonin n\u00eb gjykat\u00eb, t\u00eb merrnin leje n\u00eb gjykat\u00eb si\u00e7 \u00ebsht\u00eb rregulli.<\/p>\n<p>Se ata edhe n\u00eb qeli, n\u00eb biruc\u00eb kan\u00eb disa garanci.<\/p>\n<p>T\u00eb mos b\u00ebj un\u00eb avokatin. T\u2019ia l\u00ebm\u00eb Maks Haxhis\u00eb t\u2019ia \u00e7oj\u00eb ato cigare, t\u00eb mos z\u00eb vendin e tij.<\/p>\n<p>Erion Veliaj \u00ebsht\u00eb regjistruar edhe duke folur n\u00eb telefon fiks, edhe duke fjetur n\u00eb shtratin e tij, edhe duke u ulur n\u00eb tavolin\u00eb.<\/p>\n<p>At\u00eb e kishin mbushur me sa duket me \u00e7imka n\u00eb t\u00eb gjitha an\u00ebt.<\/p>\n<p>Po, \u00e7do i burgosur apo i paraburgosur ka t\u00eb drejtat e tij.<\/p>\n<p>Dhe p\u00ebrdorimi i kurtheve t\u00eb vjetra, t\u2019i \u00e7osh Uluziun p\u00ebr t\u2019i dh\u00ebn\u00eb siguri dhe m\u00eb pas t\u00eb kryesh k\u00ebto veprime, do t\u00eb thot\u00eb se kalon \u00e7do lloj p\u00ebrmase, \u00ebsht\u00eb si n\u00eb tragjedit\u00eb e vjetra\u201d, tha Berisha.<\/p>\n","protected":false},"excerpt":{"rendered":"<p>Kryetari i PD, Sali Berisha tha nga SPAK se p\u00ebr vendosjen e \u00e7imkave p\u00ebrgjuese tek\u00a0Veliaj i ka urdh\u00ebruar Ulsi Manja. Berisha tha se, edhe Uluziu ka luajtur rolin e tij. Njeri m\u00eb t\u00eb pabes\u00eb, m\u00eb t\u00eb zi n\u00eb shpirt, m\u00eb t\u00eb pakarakter se at\u00eb nuk ka\u2019, \u00ebsht\u00eb shprehur Berisha. \u201cPo a mund t\u2019u pyes ju &hellip;<\/p>\n","protected":false},"author":4,"featured_media":107487,"comment_status":"closed","ping_status":"closed","sticky":false,"template":"","format":"standard","meta":{"footnotes":""},"categories":[37],"tags":[],"class_list":["post-107486","post","type-post","status-publish","format-standard","has-post-thumbnail","","category-politike"],"_links":{"self":[{"href":"https:\/\/rdnews.al\/index.php\/wp-json\/wp\/v2\/posts\/107486","targetHints":{"allow":["GET"]}}],"collection":[{"href":"https:\/\/rdnews.al\/index.php\/wp-json\/wp\/v2\/posts"}],"about":[{"href":"https:\/\/rdnews.al\/index.php\/wp-json\/wp\/v2\/types\/post"}],"author":[{"embeddable":true,"href":"https:\/\/rdnews.al\/index.php\/wp-json\/wp\/v2\/users\/4"}],"replies":[{"embeddable":true,"href":"https:\/\/rdnews.al\/index.php\/wp-json\/wp\/v2\/comments?post=107486"}],"version-history":[{"count":1,"href":"https:\/\/rdnews.al\/index.php\/wp-json\/wp\/v2\/posts\/107486\/revisions"}],"predecessor-version":[{"id":107488,"href":"https:\/\/rdnews.al\/index.php\/wp-json\/wp\/v2\/posts\/107486\/revisions\/107488"}],"wp:featuredmedia":[{"embeddable":true,"href":"https:\/\/rdnews.al\/index.php\/wp-json\/wp\/v2\/media\/107487"}],"wp:attachment":[{"href":"https:\/\/rdnews.al\/index.php\/wp-json\/wp\/v2\/media?parent=107486"}],"wp:term":[{"taxonomy":"category","embeddable":true,"href":"https:\/\/rdnews.al\/index.php\/wp-json\/wp\/v2\/categories?post=107486"},{"taxonomy":"post_tag","embeddable":true,"href":"https:\/\/rdnews.al\/index.php\/wp-json\/wp\/v2\/tags?post=107486"}],"curies":[{"name":"wp","href":"https:\/\/api.w.org\/{rel}","templated":true}]}}