{"id":107489,"date":"2025-03-17T10:05:46","date_gmt":"2025-03-17T10:05:46","guid":{"rendered":"https:\/\/rdnews.al\/?p=107489"},"modified":"2025-03-17T10:05:46","modified_gmt":"2025-03-17T10:05:46","slug":"pergjimet-e-veliajt-berisha-mero-baze-ishte-ne-skenar-njelloj-si-redaktori","status":"publish","type":"post","link":"https:\/\/rdnews.al\/index.php\/2025\/03\/17\/pergjimet-e-veliajt-berisha-mero-baze-ishte-ne-skenar-njelloj-si-redaktori\/","title":{"rendered":"P\u00ebrgjimet e Veliajt\/ Berisha: Mero Baze ishte n\u00eb skenar nj\u00eblloj si \u201cRedaktori\u201d"},"content":{"rendered":"<p>Kreu i PD, Sali Berisha duke folur nga SPAK, lidhur me p\u00ebrgjimet e Veliajt n\u00eb hetimet e nisura ndaj tij, u shpreh se gazetari Mero Baze dilte n\u00eb skenar, nj\u00eblloj si i shum\u00ebp\u00ebrfoluri \u2018Redaktori\u2019. Berisha iu p\u00ebrgjigj nj\u00eb gazetari, a e di ti, a kan\u00eb d\u00ebshmuar ata n\u00eb prokurori apo jo.<\/p>\n<p>\u201cP\u00ebr Mero Bazen, m\u00eb thoni se e kam pasur dikur me vete dhe&#8230;<\/p>\n<p>Shko e pyete po nuk m\u00eb fal\u00ebnderoi mua q\u00eb e p\u00ebrmenda. T\u00eb jesh e bindur se ai m\u00eb fal\u00ebnderon.<\/p>\n<p>Ai po t\u00eb mos e p\u00ebrmendja, do reagonte. Ai \u00ebsht\u00eb i lumturuar q\u00eb ia p\u00ebrmenda emrin.<\/p>\n<p>Se tani, t\u00eb themi at\u00eb q\u00eb \u00ebsht\u00eb. Ata ishin si puna e Redaktorit.<\/p>\n<p>A e di ti, a kan\u00eb d\u00ebshmuar ata n\u00eb prokurori apo jo? Prandaj, ata ishin t\u00eb gjith\u00eb n\u00eb skenar nj\u00eblloj si Redaktori.<\/p>\n<p>Prandaj, po t\u00eb mos e p\u00ebrmendja, do i mbetej hatri shum\u00eb. Po un\u00eb nuk kam pse t\u00eb mos ia b\u00ebj qejfin atij.<\/p>\n","protected":false},"excerpt":{"rendered":"<p>Kreu i PD, Sali Berisha duke folur nga SPAK, lidhur me p\u00ebrgjimet e Veliajt n\u00eb hetimet e nisura ndaj tij, u shpreh se gazetari Mero Baze dilte n\u00eb skenar, nj\u00eblloj si i shum\u00ebp\u00ebrfoluri \u2018Redaktori\u2019. Berisha iu p\u00ebrgjigj nj\u00eb gazetari, a e di ti, a kan\u00eb d\u00ebshmuar ata n\u00eb prokurori apo jo. \u201cP\u00ebr Mero Bazen, m\u00eb &hellip;<\/p>\n","protected":false},"author":4,"featured_media":107477,"comment_status":"closed","ping_status":"closed","sticky":false,"template":"","format":"standard","meta":{"footnotes":""},"categories":[37],"tags":[],"class_list":["post-107489","post","type-post","status-publish","format-standard","has-post-thumbnail","","category-politike"],"_links":{"self":[{"href":"https:\/\/rdnews.al\/index.php\/wp-json\/wp\/v2\/posts\/107489","targetHints":{"allow":["GET"]}}],"collection":[{"href":"https:\/\/rdnews.al\/index.php\/wp-json\/wp\/v2\/posts"}],"about":[{"href":"https:\/\/rdnews.al\/index.php\/wp-json\/wp\/v2\/types\/post"}],"author":[{"embeddable":true,"href":"https:\/\/rdnews.al\/index.php\/wp-json\/wp\/v2\/users\/4"}],"replies":[{"embeddable":true,"href":"https:\/\/rdnews.al\/index.php\/wp-json\/wp\/v2\/comments?post=107489"}],"version-history":[{"count":1,"href":"https:\/\/rdnews.al\/index.php\/wp-json\/wp\/v2\/posts\/107489\/revisions"}],"predecessor-version":[{"id":107490,"href":"https:\/\/rdnews.al\/index.php\/wp-json\/wp\/v2\/posts\/107489\/revisions\/107490"}],"wp:featuredmedia":[{"embeddable":true,"href":"https:\/\/rdnews.al\/index.php\/wp-json\/wp\/v2\/media\/107477"}],"wp:attachment":[{"href":"https:\/\/rdnews.al\/index.php\/wp-json\/wp\/v2\/media?parent=107489"}],"wp:term":[{"taxonomy":"category","embeddable":true,"href":"https:\/\/rdnews.al\/index.php\/wp-json\/wp\/v2\/categories?post=107489"},{"taxonomy":"post_tag","embeddable":true,"href":"https:\/\/rdnews.al\/index.php\/wp-json\/wp\/v2\/tags?post=107489"}],"curies":[{"name":"wp","href":"https:\/\/api.w.org\/{rel}","templated":true}]}}