{"id":107491,"date":"2025-03-17T10:09:12","date_gmt":"2025-03-17T10:09:12","guid":{"rendered":"https:\/\/rdnews.al\/?p=107491"},"modified":"2025-03-17T10:11:54","modified_gmt":"2025-03-17T10:11:54","slug":"berisha-rama-coi-pojen-te-qelia-e-veliajt-ne-durres-opozita-do-kete-fitoren-me-te-thelle","status":"publish","type":"post","link":"https:\/\/rdnews.al\/index.php\/2025\/03\/17\/berisha-rama-coi-pojen-te-qelia-e-veliajt-ne-durres-opozita-do-kete-fitoren-me-te-thelle\/","title":{"rendered":"Berisha: Rama \u00e7oi Poj\u00ebn te qelia e Veliajt! N\u00eb Durr\u00ebs opozita do ket\u00eb fitoren m\u00eb t\u00eb thell\u00eb!"},"content":{"rendered":"<p>Lideri i opozit\u00ebs, Sali Berisha deklaroi para SPAK se, dyshohet se Rama i ka d\u00ebrguar n\u00eb burg Veliajt bandit\u00ebt.<\/p>\n<p>Berisha tha se, populli i Durr\u00ebsit \u00ebsht\u00eb i vendosur t\u00eb mos ket\u00eb m\u00eb asnj\u00eb ndikim nga bandit\u00ebt, nga trafikant\u00ebt dhe nga qeveritar\u00ebt, t\u00eb cil\u00ebt t\u00eb turp\u00ebruar nga t\u00eb gjitha an\u00ebt, kan\u00eb zhdukur deputet\u00ebt e m\u00ebparsh\u00ebm&#8230;<\/p>\n<p>\u201cRedaktori mundet ose jo t\u00eb jet\u00eb takuar me Erion Veliajn.<\/p>\n<p>Fjal\u00ebt jan\u00eb fjal\u00eb dhe faktet jan\u00eb fakte.<\/p>\n<p>Ata q\u00eb m\u00eb kan\u00eb informuar, ka qen\u00eb Uluziu.<\/p>\n<p>Tani kamerat do tregojn\u00eb shum\u00eb gj\u00ebra.<\/p>\n<p>Kamerat do tregojn\u00eb edhe ato q\u00eb kam njoftuar un\u00eb para jush.<\/p>\n<p>Thuhet se nj\u00eb nat\u00eb i shkoi edhe Poja atij dhe ia vuri ca kushte.<\/p>\n<p>Xhevdet Troplini \u00ebsht\u00eb Poja, \u00ebsht\u00eb zot\u00ebruesi absolut i Portit t\u00eb Durr\u00ebsit, i cili b\u00ebn ligjin dhe i ka dh\u00ebn\u00eb nj\u00eblloj si\u00e7 i pati b\u00ebr\u00eb Lefterit para dy vjet\u00ebsh, tani Rama thuhet se ia \u00e7oi n\u00eb qeli atij dhe ai ka p\u00ebrcaktuar kushtet.<\/p>\n<p>Ky \u00ebsht\u00eb Poja, Poja \u00ebsht\u00eb i njohur&#8230;<\/p>\n<p>Betej\u00ebn n\u00eb Durr\u00ebs e kemi m\u00eb t\u00eb fituar se kurr\u00eb.<\/p>\n<p>Populli i Durr\u00ebsit \u00ebsht\u00eb i vendosur t\u00eb mos ket\u00eb m\u00eb asnj\u00eb ndikim nga bandit\u00ebt, nga trafikant\u00ebt dhe nga qeveritar\u00ebt, t\u00eb cil\u00ebt t\u00eb turp\u00ebruar nga t\u00eb gjitha an\u00ebt, kan\u00eb zhdukur deputet\u00ebt e m\u00ebparsh\u00ebm&#8230;<\/p>\n<p>Ku e kan\u00eb \u00c7yrben? T\u00eb gjith\u00eb u zhduk\u00ebn. Edi Rama erdhi n\u00eb Tiran\u00eb n\u00eb list\u00eb t\u00eb mbyllur.<\/p>\n<p>Durr\u00ebsi \u00ebsht\u00eb i mbyllur.<\/p>\n<p>N\u00eb Durr\u00ebs opozita do ket\u00eb fitoren m\u00eb t\u00eb thell\u00eb n\u00eb historin\u00eb e saj\u201d, tha Berisha.<\/p>\n","protected":false},"excerpt":{"rendered":"<p>Lideri i opozit\u00ebs, Sali Berisha deklaroi para SPAK se, dyshohet se Rama i ka d\u00ebrguar n\u00eb burg Veliajt bandit\u00ebt. Berisha tha se, populli i Durr\u00ebsit \u00ebsht\u00eb i vendosur t\u00eb mos ket\u00eb m\u00eb asnj\u00eb ndikim nga bandit\u00ebt, nga trafikant\u00ebt dhe nga qeveritar\u00ebt, t\u00eb cil\u00ebt t\u00eb turp\u00ebruar nga t\u00eb gjitha an\u00ebt, kan\u00eb zhdukur deputet\u00ebt e m\u00ebparsh\u00ebm&#8230; \u201cRedaktori &hellip;<\/p>\n","protected":false},"author":4,"featured_media":107480,"comment_status":"closed","ping_status":"closed","sticky":false,"template":"","format":"standard","meta":{"footnotes":""},"categories":[37],"tags":[],"class_list":["post-107491","post","type-post","status-publish","format-standard","has-post-thumbnail","","category-politike"],"_links":{"self":[{"href":"https:\/\/rdnews.al\/index.php\/wp-json\/wp\/v2\/posts\/107491","targetHints":{"allow":["GET"]}}],"collection":[{"href":"https:\/\/rdnews.al\/index.php\/wp-json\/wp\/v2\/posts"}],"about":[{"href":"https:\/\/rdnews.al\/index.php\/wp-json\/wp\/v2\/types\/post"}],"author":[{"embeddable":true,"href":"https:\/\/rdnews.al\/index.php\/wp-json\/wp\/v2\/users\/4"}],"replies":[{"embeddable":true,"href":"https:\/\/rdnews.al\/index.php\/wp-json\/wp\/v2\/comments?post=107491"}],"version-history":[{"count":1,"href":"https:\/\/rdnews.al\/index.php\/wp-json\/wp\/v2\/posts\/107491\/revisions"}],"predecessor-version":[{"id":107492,"href":"https:\/\/rdnews.al\/index.php\/wp-json\/wp\/v2\/posts\/107491\/revisions\/107492"}],"wp:featuredmedia":[{"embeddable":true,"href":"https:\/\/rdnews.al\/index.php\/wp-json\/wp\/v2\/media\/107480"}],"wp:attachment":[{"href":"https:\/\/rdnews.al\/index.php\/wp-json\/wp\/v2\/media?parent=107491"}],"wp:term":[{"taxonomy":"category","embeddable":true,"href":"https:\/\/rdnews.al\/index.php\/wp-json\/wp\/v2\/categories?post=107491"},{"taxonomy":"post_tag","embeddable":true,"href":"https:\/\/rdnews.al\/index.php\/wp-json\/wp\/v2\/tags?post=107491"}],"curies":[{"name":"wp","href":"https:\/\/api.w.org\/{rel}","templated":true}]}}