{"id":107496,"date":"2025-03-17T10:30:24","date_gmt":"2025-03-17T10:30:24","guid":{"rendered":"https:\/\/rdnews.al\/?p=107496"},"modified":"2025-03-17T10:46:53","modified_gmt":"2025-03-17T10:46:53","slug":"noka-do-denoncojme-qeveritaret-qe-jane-nje-grup-hajdutesh-e-nje-grup-i-strukturuar-kriminal","status":"publish","type":"post","link":"https:\/\/rdnews.al\/index.php\/2025\/03\/17\/noka-do-denoncojme-qeveritaret-qe-jane-nje-grup-hajdutesh-e-nje-grup-i-strukturuar-kriminal\/","title":{"rendered":"Noka: Do denoncojm\u00eb qeveritar\u00ebt q\u00eb jan\u00eb grup hajdut\u00ebsh e nj\u00eb grup i strukturuar kriminal"},"content":{"rendered":"<p>Kryetari i PD, Sali Berisha \u00ebsht\u00eb paraqitur n\u00eb SPAK gjat\u00eb dit\u00ebs s\u00eb sotme. Sekretari i P\u00ebrgjithsh\u00ebm i PD Flamur Noka i pranish\u00ebm p\u00ebrpara SPAK, tha se gjith\u00eb ky inskenim p\u00ebr Sali Berish\u00ebn u inskenua nga Edi Rama.<\/p>\n<p>Noka: Si gjithmon\u00eb Edi Rama hesapet me Sali Berish\u00ebn i b\u00ebn gabim. Ata duke menduar se po e persekutojn\u00eb i dhan\u00eb mund\u00ebsin\u00eb p\u00ebr nj\u00eb platform\u00eb p\u00ebr t\u00eb denoncuar dhe p\u00ebr t\u00eb zbardhur t\u00eb v\u00ebrtetat e narkoregjimit. K\u00ebshtu q\u00eb, nga disavantazh q\u00eb menduan ata se do ta kishte Sali Berisha, PD dhe opozita e kthyen n\u00eb nj\u00eb avantazh p\u00ebr Sali Berish\u00ebn dhe opozit\u00ebn.<\/p>\n<p>Mund t\u00eb ju them se opozita disponon jo vet\u00ebm dosjen e Toyata Yaris por disponon materiale t\u00eb t\u00ebra voluminoze t\u00eb cilat kjo ngrehin\u00eb k\u00ebtu i ka fshehur dhe b\u00ebn sikur nuk ekzistojn\u00eb. Ne k\u00ebtu, dhe zoti Berisha sa here q\u00eb do jet\u00eb k\u00ebtu do t\u00eb denoncoj\u00eb dhe do zbardh\u00eb t\u00eb v\u00ebrteta drith\u00ebruese p\u00ebr opinionin publik por edhe n\u00eb fushat\u00eb n\u00eb kemi p\u00ebr detyr\u00eb t\u00eb b\u00ebjm\u00eb transparenc\u00eb q\u00eb do t\u00eb sqaroj\u00eb shqiptar\u00ebt n\u00eb lidhje me \u00e7far\u00eb b\u00ebhet k\u00ebtu dhe n\u00eb lidhje me \u00e7far\u00eb kan\u00eb b\u00ebr\u00eb k\u00ebta q\u00eb quhen qeveritare por q\u00eb ne fakt jan\u00eb nj\u00eb grup hajdut\u00ebsh nj\u00eb grup i strukturuar kriminal q\u00eb nga m\u00ebngjesi n\u00eb dark\u00eb, nuk qeveris por Shqip\u00ebrin\u00eb e b\u00ebjn\u00eb pis, e vjedhin dhe e posht\u00ebrojn\u00eb.<\/p>\n","protected":false},"excerpt":{"rendered":"<p>Kryetari i PD, Sali Berisha \u00ebsht\u00eb paraqitur n\u00eb SPAK gjat\u00eb dit\u00ebs s\u00eb sotme. Sekretari i P\u00ebrgjithsh\u00ebm i PD Flamur Noka i pranish\u00ebm p\u00ebrpara SPAK, tha se gjith\u00eb ky inskenim p\u00ebr Sali Berish\u00ebn u inskenua nga Edi Rama. Noka: Si gjithmon\u00eb Edi Rama hesapet me Sali Berish\u00ebn i b\u00ebn gabim. Ata duke menduar se po e &hellip;<\/p>\n","protected":false},"author":4,"featured_media":107503,"comment_status":"closed","ping_status":"closed","sticky":false,"template":"","format":"standard","meta":{"footnotes":""},"categories":[37],"tags":[],"class_list":["post-107496","post","type-post","status-publish","format-standard","has-post-thumbnail","","category-politike"],"_links":{"self":[{"href":"https:\/\/rdnews.al\/index.php\/wp-json\/wp\/v2\/posts\/107496","targetHints":{"allow":["GET"]}}],"collection":[{"href":"https:\/\/rdnews.al\/index.php\/wp-json\/wp\/v2\/posts"}],"about":[{"href":"https:\/\/rdnews.al\/index.php\/wp-json\/wp\/v2\/types\/post"}],"author":[{"embeddable":true,"href":"https:\/\/rdnews.al\/index.php\/wp-json\/wp\/v2\/users\/4"}],"replies":[{"embeddable":true,"href":"https:\/\/rdnews.al\/index.php\/wp-json\/wp\/v2\/comments?post=107496"}],"version-history":[{"count":2,"href":"https:\/\/rdnews.al\/index.php\/wp-json\/wp\/v2\/posts\/107496\/revisions"}],"predecessor-version":[{"id":107498,"href":"https:\/\/rdnews.al\/index.php\/wp-json\/wp\/v2\/posts\/107496\/revisions\/107498"}],"wp:featuredmedia":[{"embeddable":true,"href":"https:\/\/rdnews.al\/index.php\/wp-json\/wp\/v2\/media\/107503"}],"wp:attachment":[{"href":"https:\/\/rdnews.al\/index.php\/wp-json\/wp\/v2\/media?parent=107496"}],"wp:term":[{"taxonomy":"category","embeddable":true,"href":"https:\/\/rdnews.al\/index.php\/wp-json\/wp\/v2\/categories?post=107496"},{"taxonomy":"post_tag","embeddable":true,"href":"https:\/\/rdnews.al\/index.php\/wp-json\/wp\/v2\/tags?post=107496"}],"curies":[{"name":"wp","href":"https:\/\/api.w.org\/{rel}","templated":true}]}}