{"id":107510,"date":"2025-03-17T12:12:52","date_gmt":"2025-03-17T12:12:52","guid":{"rendered":"https:\/\/rdnews.al\/?p=107510"},"modified":"2025-03-17T13:07:04","modified_gmt":"2025-03-17T13:07:04","slug":"berisha-neser-ne-shkoder-shkreli-thirrje-per-pjesemarrje-masive","status":"publish","type":"post","link":"https:\/\/rdnews.al\/index.php\/2025\/03\/17\/berisha-neser-ne-shkoder-shkreli-thirrje-per-pjesemarrje-masive\/","title":{"rendered":"Berisha nes\u00ebr n\u00eb Shkod\u00ebr, prezanton programin politik dhe kandidat\u00ebt p\u00ebr deputet\u00eb"},"content":{"rendered":"<p>Kryetari i Partis\u00eb Demokratike, Sali Berisha, do t\u00eb prezantoj\u00eb t\u00eb mart\u00ebn n\u00eb or\u00ebn 19:00 programin politik dhe kandidat\u00ebt p\u00ebr deputet\u00eb t\u00eb Partis\u00eb Demokratike n\u00eb Shkod\u00ebr.<\/p>\n<p>Kryetarja e Komanduar e PD n\u00eb Shkod\u00ebr, Eliona Shkreli, u b\u00ebri thirrje qytetar\u00ebve t\u00eb marrin pjes\u00eb n\u00eb takimin q\u00eb do t\u00eb mbahet dit\u00ebn e mart\u00eb, dat\u00eb 18 mars n\u00eb pallatin e sportit \u201cQazim Dervishi\u201d n\u00eb Shkod\u00ebr.<\/p>\n<p><strong>Mesazhi i Eliona Shkrelit<\/strong><\/p>\n<p>Me 18 mars, ora 19.00 n\u00eb pallatin e sportit \u201cQazim Dervishi\u201d, lideri i opozit\u00ebs prof.dr.Sali Berisha prezanton programin politik dhe list\u00ebn fituese t\u00eb zgjedhjeve t\u00eb 11 majit!<\/p>\n<p>Pjes\u00ebmarrje masive n\u00eb mb\u00ebshtetje t\u00eb Partis\u00eb Demokratike, kandidat\u00ebve fitues dhe liderit t\u00eb koalicionit \u201cShqip\u00ebria Madh\u00ebshtore\u201d prof.dr.Sali Berisha!<\/p>\n<p>Shkodra voton Shqip\u00ebrin\u00eb Madh\u00ebshtore!<\/p>\n<p>Fitorja fillon nga Shkodra<\/p>\n<p><iframe loading=\"lazy\" style=\"border: none; overflow: hidden;\" src=\"https:\/\/www.facebook.com\/plugins\/video.php?height=315&amp;href=https%3A%2F%2Fwww.facebook.com%2Feliona.kodrashkreli%2Fvideos%2F1423015785334749%2F&amp;show_text=false&amp;width=560&amp;t=0\" width=\"560\" height=\"315\" frameborder=\"0\" scrolling=\"no\" allowfullscreen=\"allowfullscreen\"><\/iframe><\/p>\n","protected":false},"excerpt":{"rendered":"<p>Kryetari i Partis\u00eb Demokratike, Sali Berisha, do t\u00eb prezantoj\u00eb t\u00eb mart\u00ebn n\u00eb or\u00ebn 19:00 programin politik dhe kandidat\u00ebt p\u00ebr deputet\u00eb t\u00eb Partis\u00eb Demokratike n\u00eb Shkod\u00ebr. Kryetarja e Komanduar e PD n\u00eb Shkod\u00ebr, Eliona Shkreli, u b\u00ebri thirrje qytetar\u00ebve t\u00eb marrin pjes\u00eb n\u00eb takimin q\u00eb do t\u00eb mbahet dit\u00ebn e mart\u00eb, dat\u00eb 18 mars n\u00eb pallatin &hellip;<\/p>\n","protected":false},"author":4,"featured_media":107513,"comment_status":"closed","ping_status":"closed","sticky":false,"template":"","format":"standard","meta":{"footnotes":""},"categories":[37],"tags":[],"class_list":["post-107510","post","type-post","status-publish","format-standard","has-post-thumbnail","","category-politike"],"_links":{"self":[{"href":"https:\/\/rdnews.al\/index.php\/wp-json\/wp\/v2\/posts\/107510","targetHints":{"allow":["GET"]}}],"collection":[{"href":"https:\/\/rdnews.al\/index.php\/wp-json\/wp\/v2\/posts"}],"about":[{"href":"https:\/\/rdnews.al\/index.php\/wp-json\/wp\/v2\/types\/post"}],"author":[{"embeddable":true,"href":"https:\/\/rdnews.al\/index.php\/wp-json\/wp\/v2\/users\/4"}],"replies":[{"embeddable":true,"href":"https:\/\/rdnews.al\/index.php\/wp-json\/wp\/v2\/comments?post=107510"}],"version-history":[{"count":2,"href":"https:\/\/rdnews.al\/index.php\/wp-json\/wp\/v2\/posts\/107510\/revisions"}],"predecessor-version":[{"id":107523,"href":"https:\/\/rdnews.al\/index.php\/wp-json\/wp\/v2\/posts\/107510\/revisions\/107523"}],"wp:featuredmedia":[{"embeddable":true,"href":"https:\/\/rdnews.al\/index.php\/wp-json\/wp\/v2\/media\/107513"}],"wp:attachment":[{"href":"https:\/\/rdnews.al\/index.php\/wp-json\/wp\/v2\/media?parent=107510"}],"wp:term":[{"taxonomy":"category","embeddable":true,"href":"https:\/\/rdnews.al\/index.php\/wp-json\/wp\/v2\/categories?post=107510"},{"taxonomy":"post_tag","embeddable":true,"href":"https:\/\/rdnews.al\/index.php\/wp-json\/wp\/v2\/tags?post=107510"}],"curies":[{"name":"wp","href":"https:\/\/api.w.org\/{rel}","templated":true}]}}