{"id":107544,"date":"2025-03-17T18:15:13","date_gmt":"2025-03-17T18:15:13","guid":{"rendered":"https:\/\/rdnews.al\/?p=107544"},"modified":"2025-03-17T18:18:09","modified_gmt":"2025-03-17T18:18:09","slug":"berisha-ne-samitin-e-ppe-narkoshteti-ne-shqiperi-eshte-pengesa-kryesore-e-integrimit-te-ne-be","status":"publish","type":"post","link":"https:\/\/rdnews.al\/index.php\/2025\/03\/17\/berisha-ne-samitin-e-ppe-narkoshteti-ne-shqiperi-eshte-pengesa-kryesore-e-integrimit-te-ne-be\/","title":{"rendered":"Berisha n\u00eb samitin e PPE: Narkoshteti n\u00eb Shqip\u00ebri \u00ebsht\u00eb pengesa kryesore e integrimit n\u00eb BE"},"content":{"rendered":"<p><strong>Prononcim i kryetarit t\u00eb PD, Sali Berisha p\u00ebr mediat n\u00eb Podgoric\u00eb<\/strong><\/p>\n<p><strong>Pyetje: Ku ishte fokusi i k\u00ebtij takimi me EPP?<\/strong><\/p>\n<p><strong>Sali Berisha:<\/strong> Fokusi i takimit ishte Ballkani Per\u00ebndimor n\u00eb Raport me proceset e Integrimit sfidat dhe pengesat.<\/p>\n<p>Pata rast t\u00eb paraqes pik\u00ebpamjet e Partis\u00eb Demokratike mbi proceset e integrimit t\u00eb Shqip\u00ebris\u00eb dhe rajonit. Natyrisht nga k\u00ebndv\u00ebshtrimi i opozit\u00ebs, ngadal\u00ebsimi i k\u00ebtij procesi ka shkaqe t\u00eb brendshme sipas vendeve.<\/p>\n<p>Narkoshteti n\u00eb Shqip\u00ebri \u00ebsht\u00eb pengesa kryesore e integrimit t\u00eb Shqip\u00ebris\u00eb n\u00eb BE.<\/p>\n<p>Shqip\u00ebria si narkoshteti i par\u00eb dhe i vet\u00ebm n\u00eb Europ\u00eb, \u00ebsht\u00eb jo t\u00ebr\u00ebsisht i njohur si i till\u00eb, por un\u00eb mendoj se, po kontribuohet gjithnj\u00eb e m\u00eb shum\u00eb p\u00ebr t\u00eb b\u00ebr\u00eb t\u00eb njohur para elit\u00ebs politike t\u00eb qendr\u00ebs s\u00eb djatht\u00eb Europiane dhe m\u00eb gjer\u00eb, realitetin shqiptar.<\/p>\n<p><strong>Pyetje: Cili ishte q\u00ebndrimi i Manfred \u00cbeber si presidenti i PPE-s\u00eb n\u00eb k\u00ebt\u00eb takim?<\/strong><\/p>\n<p><strong>Sali Berisha:<\/strong> Ju e pat\u00eb q\u00eb m\u00eb d\u00ebgjuan me shum\u00eb interes. Dhe m\u00eb pas mora komente shum\u00eb pozitive nga t\u00eb pranishmit p\u00ebr diskutimin q\u00eb pata. Ishte nj\u00eb diskutim i hapur, natyrisht isha i vetmi opozitar n\u00eb panel, pasi t\u00eb tjer\u00ebt p\u00ebrfaq\u00ebsonin qeveri. E thash\u00eb q\u00eb n\u00eb fillim se un\u00eb, p\u00ebrfaq\u00ebsoj opozit\u00ebn dhe kam pik\u00ebpamje t\u00eb ndryshme lidhur me ngadal\u00ebsin\u00eb e procesit t\u00eb integrimit q\u00eb \u00ebsht\u00eb t\u00ebr\u00ebsisht nga faktor\u00eb kryek\u00ebput pothuajse, nga faktor\u00eb lokal\u00eb. Nga mosrespektimi i standardeve demokratike, nga penetrimi i thell\u00eb i krimit n\u00eb qeverisje. N\u00eb Shqip\u00ebri konkretisht narkoshteti, nga p\u00ebrdorimi i terrorit politik p\u00ebr t\u00eb marr\u00eb vota dhe mandate.<\/p>\n<p>Pra paraqita realitetin shqiptar si\u00e7 \u00ebsht\u00eb.<\/p>\n<p><strong>Pyetje: Si u prit rikthimi juaj n\u00eb EPP pas shum\u00eb koh\u00ebsh, n\u00eb fakt&#8230;<\/strong><\/p>\n<p><strong>Sali Berisha:<\/strong> U prit n\u00eb m\u00ebnyr\u00eb t\u00eb shk\u00eblqyer. Ky rikthim i llojit t\u00eb tij \u00ebsht\u00eb epik, ndaj dhe miqt\u00eb e vjet\u00ebr i takova dhe m\u00eb p\u00ebrg\u00ebzuan. Natyrisht edhe vendosm\u00ebria e tyre. Shqip\u00ebria nuk \u00ebsht\u00eb ajo q\u00eb ishte. Njohurit\u00eb p\u00ebr Shqip\u00ebrin\u00eb jan\u00eb krejt t\u00eb tjera sot. Edi Rama do ti ket\u00eb koh\u00ebrat t\u00eb pamundura t\u00eb manipuloj\u00eb, si\u00e7 ka manipulur gjer sot opinionet.<\/p>\n<p><strong>Pyetje: A \u00ebsht\u00eb kjo koha e rikthimeve t\u00eb Sali Berish\u00ebs?<\/strong><\/p>\n<p><strong>Sali Berisha:<\/strong> \u00cbsht\u00eb fakt, kjo \u00ebsht\u00eb e v\u00ebrtet\u00eb, e v\u00ebrteta kjo \u00ebsht\u00eb.<\/p>\n","protected":false},"excerpt":{"rendered":"<p>Prononcim i kryetarit t\u00eb PD, Sali Berisha p\u00ebr mediat n\u00eb Podgoric\u00eb Pyetje: Ku ishte fokusi i k\u00ebtij takimi me EPP? Sali Berisha: Fokusi i takimit ishte Ballkani Per\u00ebndimor n\u00eb Raport me proceset e Integrimit sfidat dhe pengesat. Pata rast t\u00eb paraqes pik\u00ebpamjet e Partis\u00eb Demokratike mbi proceset e integrimit t\u00eb Shqip\u00ebris\u00eb dhe rajonit. Natyrisht nga &hellip;<\/p>\n","protected":false},"author":4,"featured_media":107545,"comment_status":"closed","ping_status":"closed","sticky":false,"template":"","format":"standard","meta":{"footnotes":""},"categories":[37],"tags":[],"class_list":["post-107544","post","type-post","status-publish","format-standard","has-post-thumbnail","","category-politike"],"_links":{"self":[{"href":"https:\/\/rdnews.al\/index.php\/wp-json\/wp\/v2\/posts\/107544","targetHints":{"allow":["GET"]}}],"collection":[{"href":"https:\/\/rdnews.al\/index.php\/wp-json\/wp\/v2\/posts"}],"about":[{"href":"https:\/\/rdnews.al\/index.php\/wp-json\/wp\/v2\/types\/post"}],"author":[{"embeddable":true,"href":"https:\/\/rdnews.al\/index.php\/wp-json\/wp\/v2\/users\/4"}],"replies":[{"embeddable":true,"href":"https:\/\/rdnews.al\/index.php\/wp-json\/wp\/v2\/comments?post=107544"}],"version-history":[{"count":3,"href":"https:\/\/rdnews.al\/index.php\/wp-json\/wp\/v2\/posts\/107544\/revisions"}],"predecessor-version":[{"id":107548,"href":"https:\/\/rdnews.al\/index.php\/wp-json\/wp\/v2\/posts\/107544\/revisions\/107548"}],"wp:featuredmedia":[{"embeddable":true,"href":"https:\/\/rdnews.al\/index.php\/wp-json\/wp\/v2\/media\/107545"}],"wp:attachment":[{"href":"https:\/\/rdnews.al\/index.php\/wp-json\/wp\/v2\/media?parent=107544"}],"wp:term":[{"taxonomy":"category","embeddable":true,"href":"https:\/\/rdnews.al\/index.php\/wp-json\/wp\/v2\/categories?post=107544"},{"taxonomy":"post_tag","embeddable":true,"href":"https:\/\/rdnews.al\/index.php\/wp-json\/wp\/v2\/tags?post=107544"}],"curies":[{"name":"wp","href":"https:\/\/api.w.org\/{rel}","templated":true}]}}