{"id":107553,"date":"2025-03-17T19:20:29","date_gmt":"2025-03-17T19:20:29","guid":{"rendered":"https:\/\/rdnews.al\/?p=107553"},"modified":"2025-03-18T10:12:52","modified_gmt":"2025-03-18T10:12:52","slug":"kandidati-i-bandes-se-avdylajve-ne-listen-e-rames-per-deputet","status":"publish","type":"post","link":"https:\/\/rdnews.al\/index.php\/2025\/03\/17\/kandidati-i-bandes-se-avdylajve-ne-listen-e-rames-per-deputet\/","title":{"rendered":"Dosja 339\/ Kandidati i band\u00ebs s\u00eb Avdylajve n\u00eb list\u00ebn e Ram\u00ebs p\u00ebr deputet"},"content":{"rendered":"<div id=\"rekl-49\">N\u00ebse dikush do ta d\u00ebgjonte p\u00ebr her\u00eb t\u00eb par\u00eb Edi Ram\u00ebn kur l\u00ebshon romuze p\u00ebr kandidat\u00ebt e ndryshkur t\u00eb opozit\u00ebs dhe pastaj prezanton listat e kandidat\u00ebve t\u00eb Partis\u00eb Socialiste me krenarin\u00eb e njeriut q\u00eb e ka rifreskuar partin\u00eb, do t\u00eb mendonte se m\u00eb n\u00eb fund Shqip\u00ebria ka shansin t\u00eb dal\u00eb nga nj\u00eb epok\u00eb, ku vendi u mbajt peng nga nj\u00eb kast\u00eb e vjet\u00ebr politike, mjafton t\u00eb votoj\u00eb ofert\u00ebn e re q\u00eb servir kryeministri.<\/div>\n<div class=\"readmore-text-here\">\n<p>Si mjesht\u00ebr i propagand\u00ebs q\u00eb \u00ebsht\u00eb, Rama shpjegon shum\u00eb seriozisht se si listat e Partis\u00eb Socialiste jan\u00eb produkt i nj\u00eb pune t\u00eb mir\u00ebfillt\u00eb studimore, aty ku, nj\u00ebsoj sikur PS t\u00eb ishte nj\u00eb lloj Harvardi politik, vet\u00ebm m\u00eb t\u00eb mir\u00ebt dhe vet\u00ebm m\u00eb t\u00eb aft\u00ebt kan\u00eb shansin t\u00eb zgjidhen deputet\u00eb.<\/p>\n<p>\u201cB\u00ebjm\u00eb t\u00eb gjith\u00eb pun\u00ebn studimore, studimore t\u00eb territorit, t\u00eb potencialeve dhe bashk\u00ebpunojm\u00eb me komunitetet, me partin\u00eb, me aktor\u00eb dhe faktor\u00eb t\u00eb shoq\u00ebris\u00eb p\u00ebr t\u00eb kuptuar se cil\u00ebt dhe cilat jan\u00eb kandidat\u00ebt m\u00eb t\u00eb p\u00ebrshtatsh\u00ebm\u201d, deklaroi ai pak dit\u00eb m\u00eb par\u00eb, n\u00eb rubrik\u00ebn \u201cSy m\u2019sy\u201d.<\/p>\n<p>Si p\u00ebr ta vulosur k\u00ebt\u00eb proces t\u00eb sofistikuar meritokracie, sot n\u00eb Lushnje ai shtoi me krenari: \u201cSot Shqip\u00ebria ka nevoj\u00eb shum\u00eb p\u00ebr forc\u00ebn dhe energjin\u00eb e t\u00eb rinjve. P\u00ebr k\u00ebt\u00eb arsye\u00a0i kemi dh\u00ebn\u00eb njer\u00ebzve partin\u00eb m\u00eb t\u00eb re n\u00eb gar\u00eb dhe me mund\u00ebsit\u00eb q\u00eb t\u00eb rinjt\u00eb t\u00eb shkojn\u00eb n\u00eb parlament\u201d.<\/p>\n<p>Duhet pranuar se, pavar\u00ebsisht munges\u00ebs s\u00eb autoritetit politik, nj\u00eb pjes\u00eb e mir\u00eb e kandidat\u00ebve t\u00eb Partis\u00eb Socialiste p\u00ebr zgjedhjet e 11 Majit jan\u00eb emra t\u00eb pad\u00ebgjuar dhe t\u00eb paprovuar m\u00eb par\u00eb n\u00eb jet\u00ebn publike.<\/p>\n<p>Megjithat\u00eb kjo \u00ebsht\u00eb\u00a0nj\u00eb\u00a0gjys\u00ebm e v\u00ebrtet\u00eb.\u00a0Gjysma tjet\u00ebr duhet par\u00eb n\u00eb detajet e list\u00ebs s\u00eb Partis\u00eb Socialiste. Se detajet jo vet\u00ebm b\u00ebjn\u00eb diferenc\u00ebn, por e zhb\u00ebjn\u00eb propagand\u00ebn e Ram\u00ebs dhe d\u00ebshmojn\u00eb p\u00ebr nj\u00eb realitet tjet\u00ebr n\u00eb prapasken\u00eb.<\/p>\n<p>N\u00eb \u201clist\u00ebn e re\u201d t\u00eb Durr\u00ebsit p\u00ebr sh\u00ebmbull, at\u00eb q\u00eb Rama e shet si \u201cenergji t\u00eb re\u201d, \u00ebsht\u00eb prap\u00eb\u00a0Ilir Ndraxhi. I nj\u00ebjti q\u00eb n\u00eb p\u00ebrgjimet e\u00a0dosjes \u201c339\u201d\u00a0t\u00eb publikuara nga gjermania BILD n\u00eb vitin 2019 doli si ishte i\u00a0p\u00ebrzgjedhuri i band\u00ebs s\u00eb Avdylajve p\u00ebr n\u00eb Kuvendin e Shqip\u00ebris\u00eb.<\/p>\n<p><img decoding=\"async\" src=\"https:\/\/www.syri.net\/uploads\/syri.net\/images\/2025\/March\/17\/auto_483957154_1186462690147312_6264966942015973005_n-1024x682_11742237552.jpg\" alt=\"Image\" \/><\/p>\n<p>Ilir Nraxhi \u00ebsht\u00eb njeriu q\u00eb u fut n\u00eb t\u00eb nj\u00ebjt\u00ebn list\u00eb t\u00eb kandidat\u00ebve t\u00eb Partis\u00eb Socialiste\u00a0n\u00eb zgjedhjet parlamentare t\u00eb vitit 2017\u00a0me bekimin e Astrit dhe Altin Avdylajt,\u00a0q\u00eb u rizgjodh s\u00ebrish deputet n\u00eb 2021, dhe q\u00eb tani\u00a0k\u00ebrkon nj\u00eb mandat t\u00eb tret\u00eb\u00a0si kandidat i Partis\u00eb Socialiste p\u00ebr zgjedhjet e 11 majit.<\/p>\n<p>Dhe n\u00ebse dikush mendon se dosja \u201c339\u201d \u00ebsht\u00eb nj\u00eb legjend\u00eb urbane, le t\u00eb kujtojm\u00eb se si u vendos Ilir Ndraxhi n\u00eb list\u00ebn e PS s\u00eb Durr\u00ebsit, jo nga nj\u00eb proces studimor n\u00eb territorin e Shijakut, por nga nj\u00eb telefonat\u00eb mes eksponent\u00ebve t\u00eb bot\u00ebs s\u00eb krimit.<\/p>\n<p>N\u00eb nj\u00eb nga p\u00ebrgjimet q\u00eb u krye at\u00ebher\u00eb nga Prokuroria e Krimeve t\u00eb R\u00ebnda dhe u publikua nga BILD,\u00a0(p\u00ebrgjimi 1 i plot\u00eb posht\u00eb)\u00a0kreu i grupit kriminal t\u00eb Shijakut, Astrit Avdylaj, flet me v\u00ebllain e Ndraxhit dhe i k\u00ebrkon t\u00eb dij\u00eb n\u00ebse \u201cLiri\u201d ka marr\u00eb nj\u00eb telefonat\u00eb\u00a0\u201cnga lart\u201d\u00a0p\u00ebr ta konfirmuar si kandidat i PS-s\u00eb.<\/p>\n<p>\u201cDo punojm\u00eb shum\u00eb fort p\u00ebr t\u00eb surprizuar \u2018t\u00eb gjatin\u2019 (Ram\u00ebn) me nj\u00eb rezultat 10 me 0,\u201d thot\u00eb Astriti,\u00a0duke e qart\u00ebsuar se zgjedhjet nuk ishin as \u00e7\u00ebshtje programi, as \u00e7\u00ebshtje vizioni, por nj\u00eb \u00e7\u00ebshtje pazaresh.<\/p>\n<p>Dhe ashtu ndodhi. Pa asnj\u00eb surpriz\u00eb, Ilir Ndraxhi p\u00ebrfundoi n\u00eb list\u00ebn e PS-s\u00eb n\u00eb Durr\u00ebs,\u00a0duke p\u00ebrfaq\u00ebsuar interesat e grupit kriminal t\u00eb Avdylajve, n\u00eb k\u00ebmbim t\u00eb mb\u00ebshtetjes s\u00eb tyre n\u00eb fushat\u00ebn elektorale t\u00eb PS-s\u00eb n\u00eb qytetin bregdetar.<\/p>\n<p>Disa dit\u00eb m\u00eb von\u00eb,\u00a0Avdylajt organizojn\u00eb nj\u00eb tjet\u00ebr takim me kryebashkiakun e Shijakut, Ardian Kokomani dhe Vangjush Dakon,\u00a0n\u00eb at\u00eb koh\u00eb kryetar i Bashkis\u00eb s\u00eb Durr\u00ebsit p\u00ebr t\u00eb zyrtarizuar p\u00ebrfshirjen e Ndraxhit si p\u00ebrfaq\u00ebsues i interesave t\u00eb tyre n\u00eb Kuvend.\u00a0(p\u00ebrgjimi 2 i plot\u00eb posht\u00eb)<\/p>\n<p>Kur dosja u b\u00eb publike n\u00eb vitin 2019, n\u00eb nj\u00eb vend normal, nj\u00eb skandal i till\u00eb do ta kishte fundosur karrier\u00ebn e \u00e7do politikani t\u00eb p\u00ebrfshir\u00eb. Por Shqip\u00ebria nuk \u00ebsht\u00eb nj\u00eb vend normal.<\/p>\n<p>N\u00eb 2021, Ilir Ndraxhi u rizgjodh deputet dhe mori 2746 vota.<\/p>\n<p>N\u00eb 2025, Rama e sjell s\u00ebrish si nj\u00eb opsion t\u00eb hapur p\u00ebr vot\u00ebn e qytetar\u00ebve, duke k\u00ebrkuar nj\u00eb mandat t\u00eb kat\u00ebrt p\u00ebr t\u00eb. Po t\u00eb llogarisim se n\u00eb k\u00ebto zgjedhje, nuk kandidon m\u00eb as Edi Rama, as Rrahman Rraja, as Lefter Koka, at\u00ebher\u00eb rezulton se Ilir Nraxhi i ka t\u00eb gjitha shanset q\u00eb t\u00eb hyj\u00eb n\u00eb parlament edhe p\u00ebr k\u00ebt\u00eb legjislatur\u00eb.<\/p>\n<p>Kjo e Ilir Nrxhit nuk \u00ebsht\u00eb nj\u00eb kandidatur\u00eb si gjith\u00eb t\u00eb tjerat. Ajo duhet par\u00eb si nj\u00eb prov\u00eb q\u00eb pavar\u00ebsisht propagand\u00ebs p\u00ebr masat q\u00eb po merren p\u00ebr krimin zgjedhor, struktura q\u00eb e lidh at\u00eb me politik\u00ebn mbetet e paprekur. \u00cbsht\u00eb e v\u00ebrtet\u00eb q\u00eb Vangjush Dako p\u00ebrfundoi n\u00eb burg p\u00ebr nj\u00eb tender t\u00eb manipuluar. Edhe Astrit Avdylaj u arrestua dhe u hetua nga prokuroria p\u00ebr akuzat p\u00ebr trafik droge.<\/p>\n<p>Por si p\u00ebr nj\u00ebrin, ashtu dhe p\u00ebr tjetrin nuk pati hetim p\u00ebr skem\u00ebn e marrjes s\u00eb votave n\u00ebp\u00ebrmjet presioneve dhe parave, nj\u00eb skem\u00eb q\u00eb me gjas\u00eb vazhdon t\u00eb funksionoj\u00eb, pasi\u00a0banda e Shijakut u godit nga drejt\u00ebsia, por lidhjet q\u00eb kishte nd\u00ebrtuar me Partin\u00eb Socialiste mbeten ende aty.<\/p>\n<p>Prandaj pas \u00e7do zgjedhjeje, dalin n\u00eb krye t\u00eb nj\u00ebjtat fytyra, t\u00eb nj\u00ebjtat skandale, dhe t\u00eb nj\u00ebjtat banda q\u00eb diktojn\u00eb kush do t\u00eb ulet n\u00eb karriget e parlamentit. Dhe kjo e v\u00ebrtet\u00eb \u00ebsht\u00eb m\u00eb kok\u00ebfort\u00eb se \u00e7do fjalim i Ram\u00ebs p\u00ebr energjin\u00eb e re n\u00eb lista dhe pavar\u00ebsisht sa p\u00ebr t\u00eb qeshur b\u00ebjn\u00eb batutat e tij p\u00ebr opozit\u00ebn.<\/p>\n<p>P\u00cbRGJIMI I PUBLIKUAR NGA BILD Q\u00eb LIDHET ME ILIR NRAXHIN<\/p>\n<p><img decoding=\"async\" src=\"https:\/\/www.syri.net\/uploads\/syri.net\/images\/2025\/March\/17\/auto_Screen-Shot-2019-06-05-at-11.09.10-AM-1-1024x5121742237609.png\" alt=\"Image\" \/><\/p>\n<p>Astrit Avdylaj, kreu i band\u00ebs s\u00eb Avdylajve n\u00eb Shijak, telefonon arjan Ndraxhin, v\u00ebllain e \u201cLirit\u201d (Ilir Ndraxhi), deputetit t\u00eb ardhsh\u00ebm t\u00eb Partis\u00eb Socialiste.<\/p>\n<p>Klani kriminal i avdylajve, i ka k\u00ebrkuar kryeministrit Edi Rama p\u00ebrmes kryebashkiakut Vangjush Dako, q\u00eb Ilir Ndraxhi t\u00eb listohet si kandidat p\u00ebr deputet n\u00eb list\u00ebn e PS-s\u00eb p\u00ebr rrethin e Durr\u00ebsit.<\/p>\n<p>N\u00eb k\u00ebt\u00eb bised\u00eb, bossi i krimit Astrit Avdylaj, telefonon v\u00ebllain e deputetit t\u00eb mundsh\u00ebm, dhe e pyet n\u00ebse i v\u00ebllai ka marr\u00eb nj\u00eb telefonat\u00eb nga lart p\u00ebr tu konfirmuar si kandidat. M\u00eb tej Astrit Avdylaj zotohet se do t\u00eb punojm\u00eb shum\u00eb fort p\u00ebr t\u00eb surprizuar \u201ct\u00eb gjatin\u201d (Edi Rama) me nj\u00eb rezultat pozitiv 10 me 0.<\/p>\n<p>Audio 3 \u2013 Biseda mes Astrit Avdylajt dhe Arjan Ndraxhit (V\u00ebllai i deputetit socialist Ilir Ndraxhi)<\/p>\n<p>Arjan Ndraxhi: Tito, t\u2019rujt Zoti, mir\u00eb?<\/p>\n<p>Astrit Avdylaj: si ia \u00e7ove Arjano, si je, \u00e7kemi?<\/p>\n<p>Arjan Ndraxhi: Mir\u00eb, mir\u00eb.<\/p>\n<p>Astrit Avdylaj: \u00c7a bohet?<\/p>\n<p>Arjan Ndraxhi: Hi\u00e7 o mir\u00eb, asgj\u00eb, me \u00e7unin. \u00c7a b\u00ebhet, mir\u00eb jeni?<\/p>\n<p>Astrit Avdylaj: Hi\u00e7 v\u00ebllai, t\u00eb mora p\u00ebr qejf v\u00ebllai. A kan\u00eb thirr gj\u00eb, ndonj\u00eb gj\u00eb, apo akoma?<\/p>\n<p>Arjan Ndraxhi: P\u00ebr ku?<\/p>\n<p>Astrit Avdylaj: A i kan\u00eb bo ndonj\u00eb thirrje (P\u00ebr Ilir Ndraxhin), ndonj\u00eb gj\u00eb v\u00ebllait apo jo?<\/p>\n<p>Arjan Ndraxhi: Jo mor, ai tha q\u00eb do takohej me ty. Po ti s\u2019ishe dje, q\u00eb Juve. Ai tha se foli Juli, tha q\u00eb do e takoj\u00eb. Mori n\u00eb dark\u00eb tha q\u00eb do rri nes\u00ebr me Ridin, Astritin dhe Julin.<\/p>\n<p>Astrit Avdylaj:\u00a0Ok<\/p>\n<p>Arjan Ndraxhi: Dhe pastaj do t\u00eb takohej dhe me t\u00eb. Por me Gjushin n\u00eb fakt, do takohen p\u00ebr pun\u00eb pune, sot si i thon\u00eb\u2026 si nga ana e pun\u00ebs<\/p>\n<p>Astrit Avdylaj: Ok, ok, mir\u00ebpo un\u00eb po pres me nj\u00eb fjal\u00eb. Nes\u00ebr, pasnes\u00ebr ai m\u00eb tha. E kena n\u00eb xhep si me th\u00ebn\u00eb, a e kupto v\u00ebllain tat?<\/p>\n<p>Arjan Ndraxhi:\u00a0Po, Po.<\/p>\n<p>Astrit Avdylaj:\u00a0Ai m\u00eb tha mu, po presim me dat 25. Ishte Eltoni, at\u00eb e vuri t\u00eb 10-in a t\u00eb 11-in.<\/p>\n<p>Arjan Ndraxhi:\u00a0Elton Arbana, mir\u00eb mir\u00eb.<\/p>\n<p>Astrit Avdylaj:\u00a0Un\u00eb jam duke punuar k\u00ebtu me nj\u00eb fjal\u00eb. Te lagjia ime, me njer\u00ebzit. Nuk kam dal\u00eb ndonj\u00ebher\u00eb n\u00eb pazar, por jam t\u2019u taku njer\u00ebz, \u00e7do njeri q\u00eb merret ashtu. E kam shum\u00eb, shum\u00eb\u2026 dhe duhet t\u00eb jemi shum\u00eb t\u00eb nderum nga ai sip\u00ebr (Edi Rama), q\u00eb do t\u00eb na shofin me nj\u00eb k\u00ebshtu..<\/p>\n<p>Arjan Ndraxhi:\u00a0E v\u00ebrtet\u00eb<\/p>\n<p>Astrit Avdylaj:\u00a0Le ti japim (Edi Ram\u00ebs) dhe nj\u00eb dhjet\u00ebshe me zero, q\u00eb edhe ai vet\u00eb t\u00eb habitet.<\/p>\n<p>Arjan Ndraxhi:\u00a0B\u00ebji nj\u00eb telefon Julit, t\u00eb shkonim me pi nj\u00eb kafe aty te puna.<\/p>\n<p>Astrit Avdylaj:\u00a0Mir\u00eb o rob zoti.<\/p>\n<p>Arjan Ndraxhi:\u00a0ti e ke numrin e Julit<\/p>\n<p>Astrit Avdylaj:\u00a0Po e kam, h\u00eb se i b\u00ebj zile vet\u00eb. Pa merak.<\/p>\n<p>Arjan Ndraxhi:\u00a0Mir\u00eb<\/p>\n<p>Astrit Avdylaj:\u00a0Hajt<\/p>\n<p>Arjan Ndraxhi:\u00a0Shum\u00eb faleminderit<\/p>\n<p>Astrit Avdylaj:\u00a0\u00c7a flet asgj\u00eb.<\/p>\n<p>Arjan Ndraxhi:\u00a0Mirupafshim<\/p>\n<p>P\u00ebRGJIMI 2 Q\u00eb LIDHET ME ILIR NRAXHIN, I PUBLIKUAR NGA BILD<\/p>\n<p>. Astrit Avdylaj, kreu i grupit kriminal t\u00eb Avdylajve n\u00eb Shijak telefonon kryebashkiakun e Shijakut p\u00ebr t\u00eb caktuar nj\u00eb takim me t\u00eb, me Vangjush Dakon dhe me \u201cLirin\u201d (Ilir Ndraxhi), nj\u00eb person q\u00eb grupi kriminal i Avdylajve k\u00ebrkon q\u00eb t\u00eb vendoset si kandidat i PS-s\u00eb. Takimi mbahet me nj\u00eb synim: finalizimi i marr\u00ebveshjes q\u00eb Ilir Ndraxhi do t\u00eb vendoset si kandidat p\u00ebr deputet i PS-s\u00eb n\u00eb Durr\u00ebs, duke p\u00ebrfaq\u00ebsuar interesat e grupit kriminal t\u00eb Avdylajve, n\u00eb k\u00ebmbim t\u00eb mb\u00ebshtetjes s\u00eb plot\u00eb t\u00eb k\u00ebtij klani n\u00eb fushat\u00ebn elektoral\u00eb t\u00eb PS-s\u00eb n\u00eb Durr\u00ebs.<\/p>\n<p>PERGJIMI<\/p>\n<p>Astrit Avdyli: Alo?<\/p>\n<p>Ardian Kokomani: He mo<\/p>\n<p>Astrit Avdyli: Si je kryetar?<\/p>\n<p>Ardian Kokomani: Si ke qen\u00eb ti?<\/p>\n<p>Astrit Avdyli: Mir\u00eb faleminderit, ca po bon?<\/p>\n<p>Ardian Kokomani: Jam akoma k\u00ebtej, sa kemi mbaruar dhe po ham\u00eb drek\u00eb?<\/p>\n<p>Astrit Avdyli: Mir\u00eb, po a e di pse t\u00eb mora un\u00eb?<\/p>\n<p>Ardian Kokomani: Po\u2026<\/p>\n<p>Astrit Avdyli: Nes\u00ebr kemi nj\u00eb takim n\u00eb or\u00ebn 10:00 t\u00eb m\u00ebngjesit<\/p>\n<p>Ardian Kokomani: Po, po, t\u00eb d\u00ebgjoj\u2026<\/p>\n<p>Astrit Avdyli: Un\u00eb, ti, Gjushi, Liri (Ilir Ndrazhi), v\u00ebllai i Lirit dhe ju, do t\u00eb pim\u00eb nj\u00eb kafe nes\u00ebr n\u00eb or\u00ebn 10:00, prandaj t\u00eb kam marr\u00eb sot<\/p>\n<p>Ardian Kokomani: Nes\u00ebr n\u00eb or\u00ebn 10:00 \u00ebsht\u00eb ceremonin\u00eb te pallati i Kultur\u00ebs se \u00ebsht\u00eb ceremonia se ka vdekur Niko Bespalla dhe takohemi atje.<\/p>\n<p>Astrit Avdyli: Do takohemi te nj\u00eb kafe, do sjellim edhe Paparitin q\u00eb t\u00eb jemi nes\u00ebr, a m\u00eb kupton<\/p>\n<p>Ardian Kokomani: Pa merak\u2026<\/p>\n<p>Astrit Avdyli: Edhe sot ato dhe po diskutonim, ishte dhe Juli. K\u00ebshtu q\u00eb e kupton? \u00cbsht\u00eb ai, por t\u00eb jesh edhe ti, e kupton\u2026po nuk ishte ti, a m\u00eb kupton<\/p>\n<p>Ardian Kokomani:\u00a0 Eeeee<\/p>\n<p>Astrit Avdyli: Alo\u2026ca m\u00eb the?<\/p>\n<p>Ardian Kokomani:\u00a0 \u00a0Pa merak, se atje do t\u00eb jem n\u00eb Durr\u00ebs se do t\u00eb jem edhe n\u00eb Durr\u00ebs<\/p>\n<p>Astrit Avdyli: Mir\u00eb, ngaq\u00eb do ashtu q\u00eb t\u00eb jesh edhe ti m\u00eb k\u00ebto, a m\u00eb kupton<\/p>\n<p>Ardian Kokomani: Po, po<\/p>\n<p>Astrit Avdyli: Mir\u00eb, pra faleminderit<\/p>\n<p>Ardian Kokomani: Hajt, hajt\/ Lapsi.al\/<\/p>\n<\/div>\n","protected":false},"excerpt":{"rendered":"<p>N\u00ebse dikush do ta d\u00ebgjonte p\u00ebr her\u00eb t\u00eb par\u00eb Edi Ram\u00ebn kur l\u00ebshon romuze p\u00ebr kandidat\u00ebt e ndryshkur t\u00eb opozit\u00ebs dhe pastaj prezanton listat e kandidat\u00ebve t\u00eb Partis\u00eb Socialiste me krenarin\u00eb e njeriut q\u00eb e ka rifreskuar partin\u00eb, do t\u00eb mendonte se m\u00eb n\u00eb fund Shqip\u00ebria ka shansin t\u00eb dal\u00eb nga nj\u00eb epok\u00eb, ku vendi &hellip;<\/p>\n","protected":false},"author":4,"featured_media":107554,"comment_status":"closed","ping_status":"closed","sticky":false,"template":"","format":"standard","meta":{"footnotes":""},"categories":[37],"tags":[],"class_list":["post-107553","post","type-post","status-publish","format-standard","has-post-thumbnail","","category-politike"],"_links":{"self":[{"href":"https:\/\/rdnews.al\/index.php\/wp-json\/wp\/v2\/posts\/107553","targetHints":{"allow":["GET"]}}],"collection":[{"href":"https:\/\/rdnews.al\/index.php\/wp-json\/wp\/v2\/posts"}],"about":[{"href":"https:\/\/rdnews.al\/index.php\/wp-json\/wp\/v2\/types\/post"}],"author":[{"embeddable":true,"href":"https:\/\/rdnews.al\/index.php\/wp-json\/wp\/v2\/users\/4"}],"replies":[{"embeddable":true,"href":"https:\/\/rdnews.al\/index.php\/wp-json\/wp\/v2\/comments?post=107553"}],"version-history":[{"count":3,"href":"https:\/\/rdnews.al\/index.php\/wp-json\/wp\/v2\/posts\/107553\/revisions"}],"predecessor-version":[{"id":107595,"href":"https:\/\/rdnews.al\/index.php\/wp-json\/wp\/v2\/posts\/107553\/revisions\/107595"}],"wp:featuredmedia":[{"embeddable":true,"href":"https:\/\/rdnews.al\/index.php\/wp-json\/wp\/v2\/media\/107554"}],"wp:attachment":[{"href":"https:\/\/rdnews.al\/index.php\/wp-json\/wp\/v2\/media?parent=107553"}],"wp:term":[{"taxonomy":"category","embeddable":true,"href":"https:\/\/rdnews.al\/index.php\/wp-json\/wp\/v2\/categories?post=107553"},{"taxonomy":"post_tag","embeddable":true,"href":"https:\/\/rdnews.al\/index.php\/wp-json\/wp\/v2\/tags?post=107553"}],"curies":[{"name":"wp","href":"https:\/\/api.w.org\/{rel}","templated":true}]}}