{"id":107571,"date":"2025-03-17T20:31:13","date_gmt":"2025-03-17T20:31:13","guid":{"rendered":"https:\/\/rdnews.al\/?p=107571"},"modified":"2025-03-17T20:31:48","modified_gmt":"2025-03-17T20:31:48","slug":"raa-thote-serish-se-do-ta-mbylle-tiktok-pas-dy-javesh","status":"publish","type":"post","link":"https:\/\/rdnews.al\/index.php\/2025\/03\/17\/raa-thote-serish-se-do-ta-mbylle-tiktok-pas-dy-javesh\/","title":{"rendered":"Rama thot\u00eb s\u00ebrish se do ta mbyll\u00eb TikTok pas dy jav\u00ebsh"},"content":{"rendered":"<p>Rama ka komentuar s\u00ebrish mbylljen e aplikacionit Tik Tok n\u00eb Shqip\u00ebri. Kreu i qeveris\u00eb tha se aplikacioni do t\u00eb mbyllet p\u00ebrfundimisht brenda dy jav\u00ebve n\u00eb vendin ton\u00eb. Rama ka komentuar n\u00eb nj\u00eb takim me m\u00ebsuesit n\u00eb qarkun e Fierit edhe protest\u00ebn e opozit\u00ebs.<\/p>\n<p>Afati i fundit i vendosur nga Autoriteti Komb\u00ebtar p\u00ebr Sigurin\u00eb Kibernetike (AKSK), q\u00eb detyronte kompanit\u00eb e internetit t\u00eb ndalonin plot\u00ebsisht aksesin deri m\u00eb 13 mars, \u00ebsht\u00eb shtyr\u00eb p\u00ebr disa dit\u00eb.<\/p>\n<div>\n<div id=\"beacon_af94fa5f56\"><img loading=\"lazy\" decoding=\"async\" src=\"https:\/\/ads2.panorama.com.al\/www\/delivery\/lg.php?bannerid=0&amp;campaignid=0&amp;zoneid=1084&amp;loc=https%3A%2F%2Fwww.panorama.com.al%2Ftiktok-ende-funksional-ne-shqiperi-bllokimi-zyrtar-shtyhet-edhe-9-dite-fazat-e-procesit-te-mbylljes-se-platformes%2F&amp;referer=https%3A%2F%2Fwww.google.com%2F&amp;cb=af94fa5f56\" alt=\"\" width=\"0\" height=\"0\" \/>Sipas burimeve nga AKSK, procesi teknik p\u00ebr bllokimin e plot\u00eb do t\u00eb zgjaste deri n\u00eb 9 dit\u00eb, por Rama tha sot se do t\u00eb duhen 14 dit\u00eb pasi k\u00ebrkohen hapa shtes\u00eb p\u00ebr ekzekutimin e plot\u00eb t\u00eb mas\u00ebs. Kjo p\u00ebrfshin koordinimin me kompanit\u00eb q\u00eb operojn\u00eb sh\u00ebrbimet e internetit dhe zbatimin e procedurave p\u00ebr heqjen e aksesit nga pajisjet mobile.<\/div>\n<p>&nbsp;<\/p>\n<\/div>\n","protected":false},"excerpt":{"rendered":"<p>Rama ka komentuar s\u00ebrish mbylljen e aplikacionit Tik Tok n\u00eb Shqip\u00ebri. Kreu i qeveris\u00eb tha se aplikacioni do t\u00eb mbyllet p\u00ebrfundimisht brenda dy jav\u00ebve n\u00eb vendin ton\u00eb. Rama ka komentuar n\u00eb nj\u00eb takim me m\u00ebsuesit n\u00eb qarkun e Fierit edhe protest\u00ebn e opozit\u00ebs. Afati i fundit i vendosur nga Autoriteti Komb\u00ebtar p\u00ebr Sigurin\u00eb Kibernetike (AKSK), &hellip;<\/p>\n","protected":false},"author":3,"featured_media":106971,"comment_status":"closed","ping_status":"closed","sticky":false,"template":"","format":"standard","meta":{"footnotes":""},"categories":[37],"tags":[],"class_list":["post-107571","post","type-post","status-publish","format-standard","has-post-thumbnail","","category-politike"],"_links":{"self":[{"href":"https:\/\/rdnews.al\/index.php\/wp-json\/wp\/v2\/posts\/107571","targetHints":{"allow":["GET"]}}],"collection":[{"href":"https:\/\/rdnews.al\/index.php\/wp-json\/wp\/v2\/posts"}],"about":[{"href":"https:\/\/rdnews.al\/index.php\/wp-json\/wp\/v2\/types\/post"}],"author":[{"embeddable":true,"href":"https:\/\/rdnews.al\/index.php\/wp-json\/wp\/v2\/users\/3"}],"replies":[{"embeddable":true,"href":"https:\/\/rdnews.al\/index.php\/wp-json\/wp\/v2\/comments?post=107571"}],"version-history":[{"count":3,"href":"https:\/\/rdnews.al\/index.php\/wp-json\/wp\/v2\/posts\/107571\/revisions"}],"predecessor-version":[{"id":107575,"href":"https:\/\/rdnews.al\/index.php\/wp-json\/wp\/v2\/posts\/107571\/revisions\/107575"}],"wp:featuredmedia":[{"embeddable":true,"href":"https:\/\/rdnews.al\/index.php\/wp-json\/wp\/v2\/media\/106971"}],"wp:attachment":[{"href":"https:\/\/rdnews.al\/index.php\/wp-json\/wp\/v2\/media?parent=107571"}],"wp:term":[{"taxonomy":"category","embeddable":true,"href":"https:\/\/rdnews.al\/index.php\/wp-json\/wp\/v2\/categories?post=107571"},{"taxonomy":"post_tag","embeddable":true,"href":"https:\/\/rdnews.al\/index.php\/wp-json\/wp\/v2\/tags?post=107571"}],"curies":[{"name":"wp","href":"https:\/\/api.w.org\/{rel}","templated":true}]}}