{"id":107576,"date":"2025-03-17T21:17:56","date_gmt":"2025-03-17T21:17:56","guid":{"rendered":"https:\/\/rdnews.al\/?p=107576"},"modified":"2025-03-17T21:22:01","modified_gmt":"2025-03-17T21:22:01","slug":"e-ardhmja-europiane-e-shqiperise-nuk-mund-te-ndalet","status":"publish","type":"post","link":"https:\/\/rdnews.al\/index.php\/2025\/03\/17\/e-ardhmja-europiane-e-shqiperise-nuk-mund-te-ndalet\/","title":{"rendered":"E ardhmja europiane e Shqip\u00ebris\u00eb nuk mund t\u00eb ndalet!"},"content":{"rendered":"<p><strong>Nga Oerd BYLYKBASHI<\/strong><\/p>\n<p>N\u00eb Podgoric\u00eb, me Presidentin Manfred Weber dhe p\u00ebrfaq\u00ebsues t\u00eb Partis\u00eb Popullore Europiane (EPP) dhe partner\u00eb nga rajoni, sot dhe nes\u00ebr diskutohet mbi procesin e zgjerimit t\u00eb BE-s\u00eb dhe rolin e forcave politike t\u00eb qendr\u00ebs s\u00eb djatht\u00eb n\u00eb garantimin e nj\u00eb perspektiv\u00eb t\u00eb sigurt europiane p\u00ebr Ballkanin Per\u00ebndimor.<\/p>\n<p>Kryetari i Partis\u00eb Demokratike dhe lideri i opozit\u00ebs, Prof. dr Sali Berisha, theksoi n\u00eb panelin kryesor t\u00eb fol\u00ebsve se Partia Demokratike do t\u00eb rr\u00ebzoj\u00eb narkodiktatur\u00ebn e Edi Ram\u00ebs.<\/p>\n<p>Shqip\u00ebria meriton nj\u00eb qeverisje q\u00eb e sheh integrimin jo si nj\u00eb slogan propagandistik, por si nj\u00eb objektiv t\u00eb qart\u00eb me reforma t\u00eb thella, institucione t\u00eb forta dhe ekonomi konkurruese.<\/p>\n<p>Fatkeq\u00ebsisht, sot vendi yn\u00eb \u00ebsht\u00eb peng i nj\u00eb qeverie t\u00eb korruptuar q\u00eb e ka kthyer qeverisjen n\u00eb narkokraci, e cila me politika klienteliste dhe partneritet me krimin po largon shqiptar\u00ebt nga e ardhmja q\u00eb meritojn\u00eb.<\/p>\n<p>Jemi t\u00eb bindur se Shqip\u00ebria mund dhe duhet t\u00eb jet\u00eb pjes\u00eb e familjes europiane, me nj\u00eb qeveri q\u00eb respekton vlerat e demokracis\u00eb, shtetit t\u00eb s\u00eb drejt\u00ebs dhe konkurrenc\u00ebs s\u00eb ndershme.<\/p>\n<p>Bashk\u00eb me aleat\u00ebt tan\u00eb t\u00eb EPP, do t\u00eb vazhdojm\u00eb t\u00eb punojm\u00eb p\u00ebr nj\u00eb Shqip\u00ebri q\u00eb ec\u00ebn me dinjitet drejt BE-s\u00eb!<\/p>\n<p>M\u00eb 11 Maj rinisim s\u00ebbashku rrug\u00ebn drejt Europ\u00ebs.<\/p>\n<p><img loading=\"lazy\" decoding=\"async\" class=\"alignnone size-medium wp-image-107578\" src=\"https:\/\/rdnews.al\/wp-content\/uploads\/2025\/03\/beri-13-300x225.jpg\" alt=\"\" width=\"300\" height=\"225\" srcset=\"https:\/\/rdnews.al\/wp-content\/uploads\/2025\/03\/beri-13-300x225.jpg 300w, https:\/\/rdnews.al\/wp-content\/uploads\/2025\/03\/beri-13-1024x768.jpg 1024w, https:\/\/rdnews.al\/wp-content\/uploads\/2025\/03\/beri-13-768x576.jpg 768w, https:\/\/rdnews.al\/wp-content\/uploads\/2025\/03\/beri-13.jpg 1280w\" sizes=\"auto, (max-width: 300px) 100vw, 300px\" \/><\/p>\n<p><img loading=\"lazy\" decoding=\"async\" class=\"alignnone size-medium wp-image-107580\" src=\"https:\/\/rdnews.al\/wp-content\/uploads\/2025\/03\/ber-12-300x200.jpg\" alt=\"\" width=\"300\" height=\"200\" srcset=\"https:\/\/rdnews.al\/wp-content\/uploads\/2025\/03\/ber-12-300x200.jpg 300w, https:\/\/rdnews.al\/wp-content\/uploads\/2025\/03\/ber-12-1024x682.jpg 1024w, https:\/\/rdnews.al\/wp-content\/uploads\/2025\/03\/ber-12-768x512.jpg 768w, https:\/\/rdnews.al\/wp-content\/uploads\/2025\/03\/ber-12.jpg 1280w\" sizes=\"auto, (max-width: 300px) 100vw, 300px\" \/><\/p>\n<p><img loading=\"lazy\" decoding=\"async\" class=\"alignnone size-medium wp-image-107582\" src=\"https:\/\/rdnews.al\/wp-content\/uploads\/2025\/03\/ee-300x200.jpg\" alt=\"\" width=\"300\" height=\"200\" srcset=\"https:\/\/rdnews.al\/wp-content\/uploads\/2025\/03\/ee-300x200.jpg 300w, https:\/\/rdnews.al\/wp-content\/uploads\/2025\/03\/ee-1024x682.jpg 1024w, https:\/\/rdnews.al\/wp-content\/uploads\/2025\/03\/ee-768x512.jpg 768w, https:\/\/rdnews.al\/wp-content\/uploads\/2025\/03\/ee-1536x1023.jpg 1536w, https:\/\/rdnews.al\/wp-content\/uploads\/2025\/03\/ee.jpg 1600w\" sizes=\"auto, (max-width: 300px) 100vw, 300px\" \/><\/p>\n<p><img loading=\"lazy\" decoding=\"async\" class=\"alignnone size-medium wp-image-107569\" src=\"https:\/\/rdnews.al\/wp-content\/uploads\/2025\/03\/al-300x200.jpg\" alt=\"\" width=\"300\" height=\"200\" srcset=\"https:\/\/rdnews.al\/wp-content\/uploads\/2025\/03\/al-300x200.jpg 300w, https:\/\/rdnews.al\/wp-content\/uploads\/2025\/03\/al-1024x682.jpg 1024w, https:\/\/rdnews.al\/wp-content\/uploads\/2025\/03\/al-768x512.jpg 768w, https:\/\/rdnews.al\/wp-content\/uploads\/2025\/03\/al-1536x1023.jpg 1536w, https:\/\/rdnews.al\/wp-content\/uploads\/2025\/03\/al.jpg 1600w\" sizes=\"auto, (max-width: 300px) 100vw, 300px\" \/><\/p>\n<p>&nbsp;<\/p>\n","protected":false},"excerpt":{"rendered":"<p>Nga Oerd BYLYKBASHI N\u00eb Podgoric\u00eb, me Presidentin Manfred Weber dhe p\u00ebrfaq\u00ebsues t\u00eb Partis\u00eb Popullore Europiane (EPP) dhe partner\u00eb nga rajoni, sot dhe nes\u00ebr diskutohet mbi procesin e zgjerimit t\u00eb BE-s\u00eb dhe rolin e forcave politike t\u00eb qendr\u00ebs s\u00eb djatht\u00eb n\u00eb garantimin e nj\u00eb perspektiv\u00eb t\u00eb sigurt europiane p\u00ebr Ballkanin Per\u00ebndimor. Kryetari i Partis\u00eb Demokratike dhe &hellip;<\/p>\n","protected":false},"author":4,"featured_media":107577,"comment_status":"closed","ping_status":"closed","sticky":false,"template":"","format":"standard","meta":{"footnotes":""},"categories":[37],"tags":[],"class_list":["post-107576","post","type-post","status-publish","format-standard","has-post-thumbnail","","category-politike"],"_links":{"self":[{"href":"https:\/\/rdnews.al\/index.php\/wp-json\/wp\/v2\/posts\/107576","targetHints":{"allow":["GET"]}}],"collection":[{"href":"https:\/\/rdnews.al\/index.php\/wp-json\/wp\/v2\/posts"}],"about":[{"href":"https:\/\/rdnews.al\/index.php\/wp-json\/wp\/v2\/types\/post"}],"author":[{"embeddable":true,"href":"https:\/\/rdnews.al\/index.php\/wp-json\/wp\/v2\/users\/4"}],"replies":[{"embeddable":true,"href":"https:\/\/rdnews.al\/index.php\/wp-json\/wp\/v2\/comments?post=107576"}],"version-history":[{"count":3,"href":"https:\/\/rdnews.al\/index.php\/wp-json\/wp\/v2\/posts\/107576\/revisions"}],"predecessor-version":[{"id":107583,"href":"https:\/\/rdnews.al\/index.php\/wp-json\/wp\/v2\/posts\/107576\/revisions\/107583"}],"wp:featuredmedia":[{"embeddable":true,"href":"https:\/\/rdnews.al\/index.php\/wp-json\/wp\/v2\/media\/107577"}],"wp:attachment":[{"href":"https:\/\/rdnews.al\/index.php\/wp-json\/wp\/v2\/media?parent=107576"}],"wp:term":[{"taxonomy":"category","embeddable":true,"href":"https:\/\/rdnews.al\/index.php\/wp-json\/wp\/v2\/categories?post=107576"},{"taxonomy":"post_tag","embeddable":true,"href":"https:\/\/rdnews.al\/index.php\/wp-json\/wp\/v2\/tags?post=107576"}],"curies":[{"name":"wp","href":"https:\/\/api.w.org\/{rel}","templated":true}]}}