{"id":107656,"date":"2025-03-19T09:20:38","date_gmt":"2025-03-19T09:20:38","guid":{"rendered":"https:\/\/rdnews.al\/?p=107656"},"modified":"2025-03-19T09:20:38","modified_gmt":"2025-03-19T09:20:38","slug":"berisha-kjo-eshte-nje-beteje-clirimtare-asnje-pushtues-nuk-e-ka-diskriminuar-shkodren-sa-rama","status":"publish","type":"post","link":"https:\/\/rdnews.al\/index.php\/2025\/03\/19\/berisha-kjo-eshte-nje-beteje-clirimtare-asnje-pushtues-nuk-e-ka-diskriminuar-shkodren-sa-rama\/","title":{"rendered":"Berisha: Kjo \u00ebsht\u00eb nj\u00eb betej\u00eb \u00e7lirimtare! Asnj\u00eb pushtues nuk e ka diskriminuar Shkodr\u00ebn sa Rama!"},"content":{"rendered":"<p>Kryetari i Partis\u00eb Demokratike, Sali Berisha ka nisur nga Shkodra prezantimin e kandidat\u00ebve t\u00eb koalicionit PD-Aleanca p\u00ebr Shqip\u00ebrin\u00eb Madh\u00ebshtore.<\/p>\n<p>N\u00eb nisje t\u00eb fjal\u00ebs s\u00eb tij, Berisha u shpreh se, ka zgjedhur Shkodr\u00ebn p\u00ebr t\u00eb nisur betej\u00eb, q\u00eb t\u00eb shemb\u00eb diktatur\u00ebn e dyt\u00eb.\u00a0\u2018Kjo \u00ebsht\u00eb nj\u00eb betej\u00eb \u00e7lirimtare\u2019, theksoi kreu i PD-s\u00eb, Sali Berisha.<\/p>\n<p>Duke folur n\u00eb takimin madh\u00ebshtor n\u00eb Shkod\u00ebr ku prezantoi kandidat\u00ebt fitues t\u00eb zgjedhjeve t\u00eb 11 Majit, kryedemokrati Sali Berisha ka akuzuar Benec Becin p\u00ebr lidhjet e tij me bandat.<\/p>\n<p>Berisha tha gjat\u00eb fjal\u00ebs s\u00eb tij, se ishin \u2018bandat q\u00eb e vendos\u00ebn Benet Brajovi\u00e7in n\u00eb krye t\u00eb bashkis\u00eb\u2019.<\/p>\n<p>\u2018Asnj\u00eb pushtues nuk e ka diskriminuar Shkodr\u00ebn sa Rama\u2019, n\u00ebnvizoi Berisha gjat\u00eb fjal\u00ebs s\u00eb tij.<\/p>\n<p>Kryetari i Partis\u00eb Demokratike Sali Berisha ka prezantuar n\u00eb Shkod\u00ebr, programin p\u00ebr \u2018Shqip\u00ebrin\u00eb Madh\u00ebshtore\u2019.<\/p>\n<p>Gjat\u00eb fjal\u00ebs s\u00eb tij, ai theksoi se \u2018makthi i gjat\u00eb p\u00ebrfundon pas 55 dit\u00ebsh\u2019 n\u00eb 11 maj.<\/p>\n<p>N\u00eb Shkod\u00ebr, lideri i opozit\u00ebs Sali Berisha ka prezantuar programin e PD-s\u00eb dhe Aleanc\u00ebs p\u00ebr Shqip\u00ebrin\u00eb Madh\u00ebshtore.<\/p>\n<p>N\u00eb fjal\u00ebn e tij, Berisha u shpreh se programi \u2018Made in Albania\u2019 do e ngrej\u00eb n\u00eb k\u00ebmb\u00eb Shqip\u00ebrin\u00eb!\u2019.<\/p>\n<p>Kryedemokrati Sali Berisha tha se, q\u00eb n\u00eb vitin e par\u00eb qeverisja e Partis\u00eb Demokratike do t\u00eb vendos\u00eb taksat m\u00eb t\u00eb ul\u00ebta n\u00eb mbar\u00eb Europ\u00ebn.<\/p>\n<p>Duke prezantuar projektet q\u00eb do t\u00eb nd\u00ebrtohen n\u00eb infrastruktur\u00eb dhe transport, kreu i PD-s\u00eb Sali Berisha duke folur n\u00eb prezantimin e programit \u2018Shqip\u00ebria Madh\u00ebshtore\u2019 n\u00eb Shkod\u00ebr, u shpreh se \u2018autostrada e par\u00eb q\u00eb do inaugurohet nga qeveria e ardhshme do jet\u00eb autostrada Shkod\u00ebr-Milot-Tiran\u00eb\u2019.<\/p>\n<p>Gjat\u00eb takimit n\u00eb Shkod\u00ebr, kryetari i Partis\u00eb Demokratike Sali Berisha u ka b\u00ebr\u00eb thirrje t\u00eb gjith\u00eb banor\u00ebve q\u00eb t\u00eb mos e \u00e7ojn\u00eb asnj\u00eb vot\u00eb p\u00ebr Tom Doshin apo njer\u00ebzit e Lulzim Bash\u00ebs.<\/p>\n<p>Sipas liderit t\u00eb opozit\u00ebs, \u00e7do vot\u00eb e dh\u00ebn\u00eb p\u00ebr ta, \u00ebsht\u00eb vot\u00eb q\u00eb shkon direkt p\u00ebr Edi Ram\u00ebn.<\/p>\n<p><strong>FJALA E PLOTE<\/strong><\/p>\n<p>Demokrate e demokrat\u00eb, t\u00eb dashur kandidate e kandidat\u00eb p\u00ebr deputete e deputet\u00eb t\u00eb ardhsh\u00ebm, p\u00ebrfaq\u00ebsues t\u00eb qytetar\u00ebve dhe banor\u00ebve t\u00eb k\u00ebtij rrethi, nj\u00eb fal\u00ebnderim dhe mir\u00ebnjohje t\u00eb pakufishme p\u00ebr k\u00ebt\u00eb mikpritje t\u00eb zjarrt\u00eb.<\/p>\n<p>N\u00eb Shkod\u00ebr, n\u00eb Rozaf\u00ebn e liris\u00eb, njeriu ndjehet m\u00eb i lir\u00eb se kudo tjet\u00ebr n\u00eb Shqip\u00ebri, se kudo tjet\u00ebr n\u00eb bot\u00eb.<\/p>\n<p>T\u00eb dashur miq, askush nuk mund t\u00eb thot\u00eb, nuk mund t\u00eb shkruaj\u00eb m\u00eb shum\u00eb p\u00ebr Shkodr\u00ebn se sa ka th\u00ebn\u00eb historia p\u00ebr k\u00ebt\u00eb qytet.<\/p>\n<p>Ajo histori q\u00eb shkodran\u00ebt e kan\u00eb shkruar vet\u00eb me guxim, me mendje t\u00eb ndritur, me zem\u00ebr, me dashuri, me djers\u00eb dhe gjak p\u00ebr qytetin e tyre t\u00eb bekuar n\u00eb dit\u00ebt m\u00eb t\u00eb v\u00ebshtira t\u00eb tij,<\/p>\n<p>Shkodra ka qen\u00eb dhe mbetet n\u00eb histori qyteti i pik\u00ebnisjes s\u00eb epokave p\u00ebr kombin shqiptar.<\/p>\n<p>K\u00ebtu n\u00eb Shkod\u00ebr nisi epoka e demokracis\u00eb dhe shembja e diktatur\u00ebs komuniste ndaj dhe un\u00eb zgjodha Shkodr\u00ebn p\u00ebr t\u00eb nisur betej\u00ebn p\u00ebr shembjen e diktatur\u00ebs s\u00eb dyt\u00eb dhe nd\u00ebrtimin k\u00ebsaj here t\u00eb Shkodr\u00ebs madh\u00ebshtore, t\u00eb Shqip\u00ebris\u00eb madh\u00ebshtore.<\/p>\n<p>T\u00eb dashur miq, ne jemi n\u00eb prag t\u00eb nj\u00eb fushate elektorale q\u00eb do sh\u00ebnohet n\u00eb historin\u00eb ndoshta fushata m\u00eb e r\u00ebnd\u00ebsishme zgjedhore e 34 viteve t\u00eb fundit.<\/p>\n<p>Sepse n\u00eb k\u00ebt\u00eb fushat\u00eb ne nuk kemi kund\u00ebr nj\u00eb parti politike, ne kemi kund\u00ebr nj\u00eb organizat\u00eb t\u00eb tmerrshme kriminale q\u00eb ka pushtuar Shqip\u00ebrin\u00eb n\u00eb 12 vite dhe q\u00eb duhet rilindje.<\/p>\n<p>Ne kemi p\u00ebrball\u00eb narkoshtetin e par\u00eb dhe t\u00eb vet\u00ebm n\u00eb Europ\u00eb, tashm\u00eb t\u00eb faktuar me dokumente themelore nd\u00ebrkomb\u00ebtare.<\/p>\n<p>Prandaj kjo fushat\u00eb \u00ebsht\u00eb n\u00eb fakt nj\u00eb fushat\u00eb \u00e7lirimtare p\u00ebr Shqip\u00ebrin\u00eb dhe p\u00ebr Shkodr\u00ebn.<\/p>\n<p>Por mbi t\u00eb gjitha, kjo fushat\u00eb \u00ebsht\u00eb \u00e7lirimtare p\u00ebr Shkodr\u00ebn, sepse po t\u00eb shoh\u00ebsh sot k\u00ebt\u00eb qytet t\u00eb bekuar, ndjen dhimbje, keqardhje t\u00eb thell\u00eb.<\/p>\n<p>Edi Rama, q\u00eb i premtoi Edenin Shkodr\u00ebn, u solli Brajat, Bajr\u00ebt dhe Brajovi\u00e7\u00ebt.<\/p>\n<p>Edi Rama i solli qytetit vrasje, shp\u00ebrthime,atentate, masakra, djem t\u00eb rinj q\u00eb vriten, qytetar\u00eb \u00ebt pafajsh\u00ebm q\u00eb vdesin nga plumba qorr\u00eb.<\/p>\n<p>Shkodra e bukur, Shkodra e kultur\u00ebs, Shkodra e artit, Shkodra e p\u00ebrjetsh\u00ebm u shnd\u00ebrrua k\u00ebto koh\u00eb si nj\u00eb qytet sicilian i viteve \u201950 sepse Edi Rama u ka dh\u00ebn\u00eb fuqi absolute bandave t\u00eb narkoshtetit si t\u00eb vetmen m\u00ebnyr\u00eb q\u00eb t\u00eb sundoj\u00eb Shkodr\u00ebn e lir\u00eb.<\/p>\n<p>Qytetar\u00eb dhe qytetare, a nuk ishin autokolonat e blinduara t\u00eb Bajr\u00ebve dhe Bajrovi\u00e7\u00ebve dit\u00ebn e zgjedhjeve q\u00eb ushtruan terror mbi qytetin p\u00ebr t\u00eb vendosur Benet Brajovi\u00e7in n\u00eb bashkin\u00eb e Shkodr\u00ebs?<\/p>\n<p>A nuk ishte masakra e Dobra\u00e7it masakra m\u00eb e eg\u00ebr ku qytetar\u00eb t\u00eb pafajsh\u00ebm humb\u00ebn jet\u00ebn pak muaj m\u00eb par\u00eb?<\/p>\n<p>P\u00ebrgjakja e Shkodr\u00ebs nuk \u00ebsht\u00eb i vetmi krim q\u00eb Edi Rama ka b\u00ebr\u00eb ndaj qytetit.<\/p>\n<p>P\u00ebrgjakja e Shkodr\u00ebs \u00ebsht\u00eb vep\u00ebr e sh\u00ebmtuar e t\u00eb gjith\u00eb sistemit q\u00eb ai vendosi n\u00eb Shqip\u00ebri.<\/p>\n<p>Por do i them k\u00ebtu dy fjal\u00eb k\u00ebtij Benet Brajovi\u00e7it: Benet, e more me autoblindat e Brajovi\u00e7\u00ebve mandatin e Bardh Spahiut, por ja ku \u00ebsht\u00eb sot, ball\u00eblart\u00eb, krenar dhe me nj\u00eb dallim.<\/p>\n<p>Qytetar\u00eb dhe qytetare t\u00eb Shkodr\u00ebs, dallimi i tij \u00ebsht\u00eb ky: Benet, Bardh Spahia u q\u00ebndroi besnik\u00eb qytetar\u00ebve t\u00eb Shkodr\u00ebs, i q\u00ebndroi besnik sojit t\u00eb tij, t\u00eb atit t\u00eb tij, kurse ti Benet turp\u00ebrove t\u00eb par\u00eb dhe t\u00eb mbrapm\u00eb dhe t\u00eb garantosh q\u00eb nuk do g\u00ebzosh at\u00eb mandat.<\/p>\n<p>Ndaj dhe sonte mendo mir\u00eb q\u00eb nes\u00ebr t\u00eb jap\u00ebsh dor\u00ebheqjen.<\/p>\n<p>Se un\u00eb, Sali Berisha, do t\u2019i them Shkodr\u00ebs t\u00eb gjith\u00eb t\u00eb v\u00ebrtetat q\u00eb ti ke n\u00eb shpirtin t\u00ebnd t\u00eb zi. Ti je nj\u00eb Lal Vjedh\u00ebs, kopja e tij.<\/p>\n<p>Miqt\u00eb e mi, Edi Rama, Shkodr\u00ebn, t\u00eb cil\u00ebn mendoi ta sundoj\u00eb me Brajovi\u00e7\u00ebt, e injoroi. 12 vite, Shkodra dhe t\u00eb gjitha qarqet e veriut, kan\u00eb pasur investime as sa nj\u00eb qytet i mes\u00ebm n\u00eb zonat e tjera.<\/p>\n<p>Kurr\u00eb ndonj\u00ebher\u00eb nuk ka pasur nj\u00eb pushtues t\u00eb diskriminoj\u00eb Shkodr\u00ebn dhe veriun si\u00e7 e ka diskriminuar Edi Rama.<\/p>\n<p>12 vite, familjet shkodrane jan\u00eb varf\u00ebruar n\u00eb ekstrem. Shkodra \u00ebsht\u00eb qyteti m\u00eb i madh, m\u00eb i zbrazur i Shqip\u00ebris\u00eb.<\/p>\n<p>As artin nuk e kurseu.<\/p>\n<p>Jo m\u00eb larg se dje larguan nga puna drejtorin artistik t\u00eb orkestr\u00ebs simfonike t\u00eb Shkodr\u00ebs vet\u00ebm p\u00ebr arsye politike.<\/p>\n<p>Por ky sundim barbar s\u00eb shpejti merr fund.<\/p>\n<p>PD dhe Aleanca p\u00ebr Shqip\u00ebrin\u00eb Madh\u00ebshtore zotohen para jush n\u00eb m\u00ebnyr\u00eb solemne, se p\u00ebr 55 dit\u00eb, k\u00ebtij makthi t\u00eb gjat\u00eb i vjen fundi.<\/p>\n<p>Ndaj dhe un\u00eb jam k\u00ebtu p\u00ebr t\u00eb prezantuar kandidat\u00ebt e fitores, kandidat\u00ebt e interesave tuaja, kandidat\u00ebt e qyteteve, fshatrave tuaj.<\/p>\n<p>P\u00ebr t\u00eb prezantuar s\u00eb bashku me ta projektin m\u00eb madh\u00ebshtor p\u00ebr Shkodr\u00ebn dhe Shqip\u00ebrin\u00eb t\u00eb 34 viteve t\u00eb fundit.<\/p>\n<p>Projektin m\u00eb madh\u00ebshtor p\u00ebr Shqip\u00ebrin\u00eb dhe Shkodr\u00ebn t\u00eb 340 viteve t\u00eb fundit.<\/p>\n<p>Projektin e \u00ebndrr\u00ebs shqiptare, e \u00ebndrr\u00ebs s\u00eb t\u00eb rinjve shqiptar\u00eb.<\/p>\n<p>K\u00ebta jan\u00eb kandidat\u00ebt q\u00eb nuk vijn\u00eb nga bodrumet e Dobra\u00e7it, por vijn\u00eb nga qytetet, fshatrat, vijn\u00eb nga sheshet, nga drita juaj, vot\u00ebbesimi juaj.<\/p>\n<p>K\u00ebta jan\u00eb kandidat\u00ebt e fitores.<\/p>\n<p>Edi Rama, t\u00eb garantoj se nga Dukagjini gjer n\u00eb Velipoj\u00eb, do marr\u00ebsh at\u00eb q\u00eb thua vet\u00eb, at\u00eb q\u00eb meriton.<\/p>\n<p>T\u00eb dashur miq, p\u00ebrballen n\u00eb k\u00ebt\u00eb fushat\u00eb dy morale, dy filozofi.<\/p>\n<p>P\u00ebrballen nga nj\u00ebra an\u00eb morali i dhembshuris\u00eb njer\u00ebzore, i dashuris\u00eb s\u00eb pakufishme p\u00ebr qytetarin, p\u00ebr Shkodr\u00ebn, p\u00ebr Shqip\u00ebrin\u00eb.<\/p>\n<p>P\u00ebrballet morali i mashtrimit, zinxhirit t\u00eb pafund\u00ebm t\u00eb mashtrimeve, pla\u00e7kitjes, vjedhjes, p\u00ebrz\u00ebnies s\u00eb shqiptar\u00ebve nga Shqip\u00ebria.<\/p>\n<p>Por k\u00ebsaj here, 11 maji \u00ebsht\u00eb fundi i tyre.<\/p>\n<p>Sot n\u00eb postin e kryeministrit \u00ebsht\u00eb nj\u00eb njeri q\u00eb para shkodran\u00ebve, para shqiptar\u00ebve nuk thot\u00eb dot asnj\u00eb premtim, sepse ka mashtruar kaq shum\u00eb dhe nuk ka mbajtur asnj\u00eb premtim.<\/p>\n<p>Por mos harroni nj\u00eb gj\u00eb, n\u00eb klubin e t\u00eb ligjve, m\u00eb i ligu \u00ebsht\u00eb g\u00ebnjeshtari.<\/p>\n<p>I till\u00eb \u00ebsht\u00eb kryeministri i Shqip\u00ebris\u00eb q\u00eb tani nuk flet m\u00eb p\u00ebr premtime se ka mashtruar p\u00ebr 12 vite.<\/p>\n<p>Miqt\u00eb e mi, un\u00eb jam sot k\u00ebtu p\u00ebr programin e Shqip\u00ebris\u00eb Madh\u00ebshtore.<\/p>\n<p>P\u00ebr shum\u00eb njer\u00ebz, madh\u00ebshtore mund t\u00eb duket nj\u00eb ekzagjerim. Por un\u00eb u betohem ju q\u00eb nuk \u00ebsht\u00eb gj\u00eb tjet\u00ebr ve\u00e7se \u00ebndrra e dit\u00ebs e \u00e7do shqiptari q\u00eb e do Shqip\u00ebrin\u00eb dhe \u00ebsht\u00eb 100 p\u00ebrqind i realizuesh\u00ebm.<\/p>\n<p>Shqip\u00ebria Madh\u00ebshtore fillon me nj\u00eb Shkod\u00ebr t\u00eb jetueshme, ku qytetar\u00ebt nuk num\u00ebrojn\u00eb kafshat\u00ebn, ku qytetar\u00ebt nuk mbeten pa ila\u00e7e, ku qytetar\u00ebt nuk njohin m\u00eb varf\u00ebrin\u00eb ekstreme.<\/p>\n<p>Me nj\u00eb Shkod\u00ebr n\u00eb t\u00eb cil\u00ebn pensionist\u00ebt dhe rrog\u00ebtar\u00ebt paguhen dhe do paguhen gjithnj\u00eb e m\u00eb mir\u00eb.<\/p>\n<p>Shqip\u00ebria Madh\u00ebshtore mund t\u2019u duket ju \u00e7udi, por fillon me vendosjen e minimumit jetik p\u00ebr \u00e7do shkodran dhe shqiptar.<\/p>\n<p>Nuk do ket\u00eb m\u00eb pensionist\u00eb me pension t\u00eb pjessh\u00ebm apo t\u00eb ul\u00ebt, \u00e7do pensionist do ket\u00eb minimumin 200 euro dhe mbi k\u00ebt\u00eb do rritet pensioni 20 p\u00ebrqind.<\/p>\n<p>N\u00eb k\u00ebt\u00eb paket\u00eb t\u00eb dhembshuris\u00eb, rrogat minimale b\u00ebhen 500 euro, rriten pra me 20 p\u00ebrqind dhe kjo brenda 100 dit\u00ebve t\u00eb para.<\/p>\n<p>Rrogat mesatare rriten me 1200 euro.<\/p>\n<p>N\u00eb k\u00ebt\u00eb paket\u00eb t\u00eb dhembshuris\u00eb, t\u00eb gjith\u00eb rrog\u00ebul\u00ebtit, t\u00eb gjith\u00eb ata me minimum jetik do marrin kart\u00ebn e konsumatorit. Do u kthehet e gjith\u00eb TVSH-ja. Nuk \u00ebsht\u00eb pak, \u00ebsht\u00eb 2-3 pensione dhe ky \u00ebsht\u00eb nj\u00eb leht\u00ebsim tjet\u00ebr.<\/p>\n<p>Energjia elektrike do zbres\u00eb n\u00eb 7 lek\u00eb.<\/p>\n<p>Nafta do shitet me \u00e7mimin q\u00eb shitet n\u00eb Kosov\u00eb dhe asnj\u00eb qindark\u00eb m\u00eb shum\u00eb.<\/p>\n<p>Me t\u00eb drejt\u00eb mund t\u00eb thon\u00eb njer\u00ebzit, po ku do i merrni k\u00ebto para? Do ua kthejm\u00eb ju parat\u00eb. Nuk do b\u00ebjm\u00eb asgj\u00eb tjet\u00ebr miqt\u00eb e mi, vet\u00ebm ua kthejm\u00eb qytetar\u00ebve.<\/p>\n<p>Po a mund t\u00eb thot\u00eb, a ka pashpirt\u00ebsi m\u00eb t\u00eb madhe q\u00eb t\u00eb thot\u00eb nj\u00eb kryeminist\u00ebr, q\u00eb n\u00ebse i rris pensionet, Shqip\u00ebria merr fund.<\/p>\n<p>\u00c7far\u00eb \u00ebsht\u00eb kjo psikologji tirani i pashpirt?<\/p>\n<p>Un\u00eb u them ju, parat\u00eb do ua kthejm\u00eb ju sepse nuk do vidhen 130 milion\u00eb euro p\u00ebr inceneratorin q\u00eb nuk ekziston.<\/p>\n<p>Parat\u00eb do ua kthejm\u00eb shqiptar\u00ebve rroga dhe pensione se nuk do nd\u00ebrtohen rrug\u00eb me \u00e7mime 10 her\u00eb m\u00eb t\u00eb shtrenjta se n\u00eb Kroaci dhe Europ\u00eb.<\/p>\n<p>Parat\u00eb do ua kthejm\u00eb qytetar\u00ebve shqiptar\u00eb nga taksat e tyre, rroga dhe pensione, sepse kryeministri nuk do udh\u00ebtoj\u00eb me avion taksi 21 milion\u00eb euro n\u00eb dy vite.<\/p>\n<p>Parat\u00eb do ua kthejm\u00eb ju se nuk do vidhen 50 milion\u00eb euro n\u00eb nj\u00eb dor\u00eb n\u00eb tunelin e Llogaras\u00eb.<\/p>\n<p>Parat\u00eb do ua kthejm\u00eb ju se nuk do shtrohen dreka dhe darka n\u00eb kryeministri me shishe vere 36 mij\u00eb euro.<\/p>\n<p>Parat\u00eb do ua kthejm\u00eb ju se nuk do nd\u00ebrtohet kopshti i Edenit 5 milion\u00eb euro n\u00eb oborrin e kryeministris\u00eb.<\/p>\n<p>Me k\u00ebt\u00eb paket\u00ebn e dhembshuris\u00eb, ne do u kthejm\u00eb shqiptar\u00ebve parat\u00eb q\u00eb u takojn\u00eb. Jan\u00eb taksat e tyre, duhet t\u00eb ken\u00eb pjes\u00ebn e tyre dhe do i ken\u00eb ato.<\/p>\n<p>P\u00ebrs\u00ebri, kjo nuk \u00ebsht\u00eb Shqip\u00ebria Madh\u00ebshtore.<\/p>\n<p>Por pa k\u00ebt\u00eb hap, nuk ka hap t\u00eb dyt\u00eb drejt saj.<\/p>\n<p>E dyta \u00ebsht\u00eb Made in Albania.<\/p>\n<p>Made in Albania \u00ebsht\u00eb prodhimi i Shqip\u00ebris\u00eb.<\/p>\n<p>Krenaria jon\u00eb komb\u00ebtare do jet\u00eb prodhimi i Shkodr\u00ebs, Puk\u00ebs, Mal\u00ebsis\u00eb s\u00eb Madhe, Vaut t\u00eb Dej\u00ebs, Bushatit, prodhimi i mbar\u00eb Shqip\u00ebris\u00eb.<\/p>\n<p>Po, po nuk ka njer\u00ebz m\u00eb duarart\u00eb, nuk ka njer\u00ebz m\u00eb mendjendritur se n\u00eb k\u00ebt\u00eb qytet.<\/p>\n<p>Prodhimet e tij, n\u00eb qoft\u00eb se nxiten, n\u00eb qoft\u00eb se ndihmohen, jan\u00eb t\u00eb denja p\u00ebr \u00e7do treg.<\/p>\n<p>Un\u00eb garantoj biznesmen\u00ebt shkodran\u00eb dhe mbar\u00eb shqiptar\u00eb, investitor\u00ebt shkodran\u00eb dhe mbar\u00eb shqiptar\u00eb se taksat m\u00eb t\u00eb ul\u00ebta n\u00eb Europ\u00eb do vendosen vitin e par\u00eb t\u00eb qeverisjes son\u00eb.<\/p>\n<p>Se energjin\u00eb do ta blini tre her\u00eb m\u00eb lir\u00eb.<\/p>\n<p>Se energjin\u00eb do ta blini me \u00e7mimin m\u00eb t\u00eb ul\u00ebt n\u00eb Europ\u00eb.<\/p>\n<p>Jemi n\u00eb vitin e diaspor\u00ebs, e meriton diaspora.<\/p>\n<p>Nuk e kemi nj\u00eb fjal\u00eb elektorale k\u00ebt\u00eb, jo, e kemi nj\u00eb fjal\u00eb t\u00eb v\u00ebrtet\u00eb, e kemi nj\u00eb fjal\u00eb zemre dhe un\u00eb u garantoj se do b\u00ebjm\u00eb gjith\u00e7ka q\u00eb ata mij\u00ebra shkodran\u00eb q\u00eb kan\u00eb nd\u00ebrtuar suksesin e tyre n\u00eb Itali, Greqi, Amerik\u00eb dhe kudo t\u00eb rikthehen t\u00eb nd\u00ebrtojn\u00eb \u00ebndrr\u00ebn shkodrane, \u00ebndrr\u00ebn m\u00eb t\u00eb bukur t\u00eb jet\u00ebs s\u00eb tyre.<\/p>\n<p>Pes\u00eb vite, asnj\u00eb taks\u00eb.<\/p>\n<p>Leht\u00ebsira t\u00eb tjera p\u00ebr rikthimin e tyre.<\/p>\n<p>Made in Albania \u00ebsht\u00eb krenaria jon\u00eb.<\/p>\n<p>Shqip\u00ebria, Shkodra n\u00eb \u00e7do skaj prodhon dhe do prodhoj\u00eb.<\/p>\n<p>Imagjinoni p\u00ebr nj\u00eb moment fuqin\u00eb bujq\u00ebsore t\u00eb N\u00ebnshkodr\u00ebs, Bushatit, Vaut t\u00eb Dej\u00ebs, Mal\u00ebsis\u00eb s\u00eb Madhe, Puk\u00ebs, etj.<\/p>\n<p>I garantoj fermer\u00ebt se do ken\u00eb subvencione p\u00ebr \u00e7do nj\u00ebsi prodhimi, p\u00ebr \u00e7do fidan, p\u00ebr \u00e7do kok\u00eb bag\u00ebti.<\/p>\n<p>I garantoj se projektet e m\u00ebparshme t\u00eb arror\u00ebve dhe ullinjve do vazhdojn\u00eb t\u00eb mb\u00ebshteten me fuqin\u00eb m\u00eb t\u00eb madhe.<\/p>\n<p>Miqt\u00eb e mi, Shqip\u00ebria pa prodhim shkon drejt nj\u00eb shkret\u00ebtire. Prodhimi po bie \u00e7do vit. Narkoeuro po shkat\u00ebrron eksportet. \u00cbsht\u00eb b\u00ebr\u00eb nj\u00eb para toksike.<\/p>\n<p>\u00c7do muaj bien eksportet. Bien eksportet, bie prodhimi, bie pun\u00ebsimi.<\/p>\n<p>Do marrim \u00e7do mas\u00eb gjersa t\u2019ua presim rr\u00ebnj\u00ebt me g\u00ebrsh\u00ebr\u00ebt e ligjit trafikant\u00ebve q\u00eb t\u00eb mos guxojn\u00eb t\u00eb fusin nj\u00eb euro n\u00eb Shqip\u00ebri nga parat\u00eb e krimit.<\/p>\n<p>Ne do b\u00ebjm\u00eb gjith\u00e7ka q\u00eb t\u2019ua kompensojm\u00eb prodhuesve, eksportuesve d\u00ebmin q\u00eb u krijon kursi i k\u00ebmbimit.<\/p>\n<p>Do mbrojm\u00eb prodhimin vendas.<\/p>\n<p>Made in Albania do e ngrej\u00eb Shqip\u00ebrin\u00eb, do e b\u00ebj\u00eb at\u00eb t\u00eb vrapoj\u00eb, do i b\u00ebj\u00eb t\u00eb m\u00ebk\u00ebmbur qytetar\u00ebt e saj.<\/p>\n<p>Shqip\u00ebria Madh\u00ebshtore nuk b\u00ebhet pa ardhur edhe Zoti n\u00eb sht\u00ebpin\u00eb ton\u00eb.<\/p>\n<p>Dhe Zoti vjen vet\u00ebm kur t\u00eb pastrojm\u00eb sht\u00ebpin\u00eb ne.<\/p>\n<p>Ndaj dhe pastrimi i sht\u00ebpis\u00eb son\u00eb, pastrimi i Shkodr\u00ebs, pastrimi i Shqip\u00ebris\u00eb \u00ebsht\u00eb zotimi yn\u00eb solemn p\u00ebr Shqip\u00ebrin\u00eb Madh\u00ebshtore.<\/p>\n<p>Shqip\u00ebria do jet\u00eb vendi i qytetar\u00ebve t\u00eb lir\u00eb, burrave dhe grave q\u00eb jetojn\u00eb me dinjitet, djers\u00ebn dhe mundin e tyre dhe q\u00eb nuk mundet kush t\u2019i trysnoj\u00eb, nuk mundet kush t\u2019i pla\u00e7kis\u00eb.<\/p>\n<p>Ndaj dhe jam k\u00ebtu para jush p\u00ebr t\u2019u zotuar: zero toleranc\u00eb ndaj krimit, kriminel\u00ebve, bashk\u00ebpun\u00ebtor\u00ebve.<\/p>\n<p>Ua them k\u00ebtu, po jo vet\u00ebm atyre q\u00eb fshihen n\u00eb bodrume, por edhe atyre q\u00eb i mbrojn\u00eb dhe bashk\u00ebpunojn\u00eb me ta.<\/p>\n<p>M\u00eb thoni pak, kush del burr\u00eb m\u00eb i mir\u00eb, Behar Bajri q\u00eb rri n\u00ebp\u00ebr bodrume apo Benet Beci q\u00eb del i kollarisur q\u00eb ka mandatin q\u00eb e ka marr\u00eb prej tij?<\/p>\n<p>Jo, jo, do pastrohet. Do priten me g\u00ebrsh\u00ebr\u00ebt e ligjit lidhjet me krimin.<\/p>\n<p>Politik\u00eb dhe krim nuk do ket\u00eb m\u00eb n\u00eb Shqip\u00ebri.<\/p>\n<p>Ndaj dhe ky \u00ebsht\u00eb zotimi yn\u00eb p\u00ebr Shqip\u00ebrin\u00eb e ligjit.<\/p>\n<p>Dhe u them k\u00ebtu, dridhuni aty ku jeni se dita e ligjit po vjen dhe ligji do bjer\u00eb mbi ju, cilido qofshi.<\/p>\n<p>Shqip\u00ebria Madh\u00ebshtore \u00ebsht\u00eb Shqip\u00ebria e hightech-ut, e inteligjenc\u00ebs artificiale, e dataqendrave, e kriptomonedhave. Faktikisht \u00ebsht\u00eb Shqip\u00ebria e nj\u00eb gjenerate q\u00eb \u00ebnd\u00ebrron vendin e tyre t\u00eb till\u00eb.<\/p>\n<p>Por nj\u00eb gj\u00eb u them, n\u00eb rast se n\u00eb vitin 2005 kur erdh\u00ebm n\u00eb pushtet dhe deklaruam se Shqip\u00ebrin\u00eb do e sjellim n\u00eb mosh\u00ebn dixhitale, qesh\u00ebn me t\u00eb madhe, opozita, por edhe mediat.<\/p>\n<p>Mir\u00ebpo ne n\u00eb at\u00eb koh\u00eb Shqip\u00ebria kishte nj\u00eb internet 4.9 p\u00ebrqind penetrimin dhe shumica e analizave nd\u00ebrkomb\u00ebtare nuk e llogarisnin fare, ne arrit\u00ebm n\u00eb 63 p\u00ebrqind.<\/p>\n<p>Ju jap fjal\u00ebn se Shqip\u00ebria do jet\u00eb nj\u00eb epiqend\u00ebr e r\u00ebnd\u00ebsishme e teknologjis\u00eb s\u00eb lart\u00eb.<\/p>\n<p>Kan\u00eb filluar kontaktet me kompani t\u00eb m\u00ebdha, t\u00eb cilat do vijn\u00eb n\u00eb Shqip\u00ebri dhe me t\u00eb rinjt\u00eb shqiptar\u00eb do e b\u00ebjn\u00eb Shiqp\u00ebrin\u00eb epiqend\u00ebr t\u00eb teknologjis\u00eb s\u00eb lart\u00eb n\u00eb rajon dhe bot\u00eb.<\/p>\n<p>Miq, Shqip\u00ebria do b\u00ebhet superfuqi energjetike n\u00eb rajon.<\/p>\n<p>N\u00eb rast se n\u00eb vitin 2007, e shpall\u00ebm superfuqi e vog\u00ebl energjetike, tani themi jo, superfuqi energjetike n\u00eb rajon.<\/p>\n<p>Shqip\u00ebria do shum\u00ebfishoj\u00eb prodhimin e energjis\u00eb nga dielli, era, uji dhe gazi.<\/p>\n<p>Nga Vermoshi n\u00eb Konispol, \u00e7do qytetar q\u00eb d\u00ebshiron, do t\u2019i vendosen panelet fotovoltaike dhe p\u00ebr tre vite do paguaj\u00eb qiran\u00eb, pas tre vitesh do i g\u00ebzoj\u00eb p\u00ebr gjith\u00eb jet\u00ebn.<\/p>\n<p>Miqt\u00eb e mi, k\u00ebto jan\u00eb vet\u00ebm disa nga projektet reale.<\/p>\n<p>Por jam k\u00ebtu p\u00ebr t\u2019u zotuar para jush se autostrada e par\u00eb q\u00eb do inaugurohet nga qeveria e ardhshme do jet\u00eb autostrada Shkod\u00ebr-Milot-Tiran\u00eb.<\/p>\n<p>Dy do jen\u00eb veprat e para t\u00eb m\u00ebdha publike, autostrada Shkod\u00ebr-Milot-Tiran\u00eb dhe bajpasi i Elbasanit.<\/p>\n<p>Shiko se \u00e7far\u00eb b\u00ebjn\u00eb?<\/p>\n<p>Shkojn\u00eb dhe nd\u00ebrtojn\u00eb tunelin e Llogaras\u00eb n\u00eb t\u00eb cilin 9 muaj rresht kalojn\u00eb vet\u00ebm lepuj dhe zogj, 200 milion\u00eb euro. Nuk nd\u00ebrtojn\u00eb autostrad\u00ebn Shkod\u00ebr-Milot q\u00eb ka trafikun m\u00eb t\u00eb madh pas Rrug\u00ebs s\u00eb Kombit.<\/p>\n<p>Shkojn\u00eb dhe nd\u00ebrtojn\u00eb autostrad\u00ebn Elbasan-Librazhd dhe nuk nd\u00ebrtojn\u00eb bajpasin q\u00eb bllokun trafikun. Marrin fund k\u00ebto.<\/p>\n<p>Shkodra do ket\u00eb investimet q\u00eb meriton.<\/p>\n<p>Do ket\u00eb investimet q\u00eb meriton n\u00eb rrug\u00ebn Shkod\u00ebr-Muriqan. At\u00eb ur\u00eb q\u00eb premtoi Nastradini, Velipoj\u00eb-Pulaj, PD e b\u00ebn realitet.<\/p>\n<p>Investime t\u00eb m\u00ebdha do b\u00ebhen n\u00eb sistemime, kanalizime, uj\u00ebsjell\u00ebsa n\u00eb t\u00eb gjith\u00eb qarkun e Shkodr\u00ebs.<\/p>\n<p>Ne kemi nj\u00eb projekt transformues, ndaj dhe ftoj qytetar\u00ebt e Shkodr\u00ebs n\u00eb k\u00ebt\u00eb betej\u00eb t\u00eb votojn\u00eb PD-n\u00eb dhe koalicionin p\u00ebr Shqip\u00ebrin\u00eb Madh\u00ebshtore.<\/p>\n<p>Asnj\u00eb vot\u00eb Tom Doshit.<\/p>\n<p>Tom\u00eb, ja ku po ta them para k\u00ebtyre burrave dhe grave, n\u00eb qoft\u00eb se ka nj\u00eb njeri n\u00eb Shqip\u00ebri q\u00eb ka pun\u00eb me Zotin, je ti dhe Vilma Nushi.<\/p>\n<p>Ju jeni t\u00eb dy n\u00eb origjin\u00ebn e t\u00eb gjitha dhimbjeve, e t\u00eb gjith\u00eb s\u00ebmundjeve q\u00eb nuk mjekohen nga ila\u00e7et e skaduara q\u00eb shiten n\u00eb treg.<\/p>\n<p>Ju jeni mamuth\u00ebt e tregut.<\/p>\n<p>Dhe aq m\u00eb keq, t\u00eb them mos shtro iftar me parat\u00eb e vjedhura. Ask\u00ebrkund!<\/p>\n<p>3500 tendera fiton n\u00eb vit ai. E kuptoni ju vet\u00eb. Bashk\u00eb me Vilma Nushin i fshin\u00eb ila\u00e7et, nuk ka m\u00eb n\u00eb Shqip\u00ebri vet\u00ebm ila\u00e7et e tyre, ila\u00e7et e tyre jan\u00eb si ato.<\/p>\n<p>Ndaj dhe hiq dor\u00eb nga kjo fushat\u00eb. Njeriu q\u00eb shkon e blen partin\u00eb e tjetrit.<\/p>\n<p>Kjo \u00ebsht\u00eb e v\u00ebrtet\u00eb.<\/p>\n<p>Tani dy fjal\u00eb p\u00ebr ata ish-pro amerikan\u00ebt e mi. Ramiz, Fatmir, etj, hiqni tani, e mor\u00ebt vesh se ku shkoi Donaldi, po po shkon edhe Kimi, mos vazhdoni g\u00ebnjeshtr\u00ebn e Lulzim Bash\u00ebs se nuk ka gj\u00eb m\u00eb turp q\u00eb t\u2019u g\u00ebnjej\u00eb Lul Basha nga m\u00ebngjesi gjer n\u00eb dark\u00eb.<\/p>\n<p>Se po t\u00eb uleni dhe t\u00eb mendoni g\u00ebnjeshtrat, ju nuk jeni t\u00eb zot\u00eb t\u2019i num\u00ebroni.<\/p>\n<p>Kthehuni, mos vazhdoni betej\u00ebn p\u00ebr Edi Ram\u00ebn.<\/p>\n<p>\u00c7do vot\u00eb p\u00ebr ta, \u00ebsht\u00eb vot\u00eb p\u00ebr Edi Ram\u00ebn.<\/p>\n<p>\u00c7do vot\u00eb p\u00ebr k\u00ebto partit\u00eb kund\u00ebr opozit\u00ebs \u00ebsht\u00eb vot\u00eb p\u00ebr Edi Ram\u00ebn.<\/p>\n<p>Ndaj dhe shkodrane e shkodran\u00eb, njer\u00ebz t\u00eb men\u00e7ur, bura dhe gra asnj\u00eb vot\u00eb p\u00ebr ta, votoni Aleanc\u00ebn p\u00ebr Shqip\u00ebrin\u00eb Madh\u00ebshtore, votoni p\u00ebr PD-n\u00eb.<\/p>\n<p>PD ka nj\u00eb rikthim madh\u00ebshtor.<\/p>\n<p>PD u d\u00ebshmua forca e idealeve tuaja, forca e Shqip\u00ebris\u00eb dhe shqiptar\u00ebve.<\/p>\n<p>Rrofshi, rroft\u00eb Shkodra, rroft\u00eb Shqip\u00ebria.<\/p>\n","protected":false},"excerpt":{"rendered":"<p>Kryetari i Partis\u00eb Demokratike, Sali Berisha ka nisur nga Shkodra prezantimin e kandidat\u00ebve t\u00eb koalicionit PD-Aleanca p\u00ebr Shqip\u00ebrin\u00eb Madh\u00ebshtore. N\u00eb nisje t\u00eb fjal\u00ebs s\u00eb tij, Berisha u shpreh se, ka zgjedhur Shkodr\u00ebn p\u00ebr t\u00eb nisur betej\u00eb, q\u00eb t\u00eb shemb\u00eb diktatur\u00ebn e dyt\u00eb.\u00a0\u2018Kjo \u00ebsht\u00eb nj\u00eb betej\u00eb \u00e7lirimtare\u2019, theksoi kreu i PD-s\u00eb, Sali Berisha. Duke folur n\u00eb &hellip;<\/p>\n","protected":false},"author":4,"featured_media":107657,"comment_status":"closed","ping_status":"closed","sticky":false,"template":"","format":"standard","meta":{"footnotes":""},"categories":[37],"tags":[],"class_list":["post-107656","post","type-post","status-publish","format-standard","has-post-thumbnail","","category-politike"],"_links":{"self":[{"href":"https:\/\/rdnews.al\/index.php\/wp-json\/wp\/v2\/posts\/107656","targetHints":{"allow":["GET"]}}],"collection":[{"href":"https:\/\/rdnews.al\/index.php\/wp-json\/wp\/v2\/posts"}],"about":[{"href":"https:\/\/rdnews.al\/index.php\/wp-json\/wp\/v2\/types\/post"}],"author":[{"embeddable":true,"href":"https:\/\/rdnews.al\/index.php\/wp-json\/wp\/v2\/users\/4"}],"replies":[{"embeddable":true,"href":"https:\/\/rdnews.al\/index.php\/wp-json\/wp\/v2\/comments?post=107656"}],"version-history":[{"count":1,"href":"https:\/\/rdnews.al\/index.php\/wp-json\/wp\/v2\/posts\/107656\/revisions"}],"predecessor-version":[{"id":107658,"href":"https:\/\/rdnews.al\/index.php\/wp-json\/wp\/v2\/posts\/107656\/revisions\/107658"}],"wp:featuredmedia":[{"embeddable":true,"href":"https:\/\/rdnews.al\/index.php\/wp-json\/wp\/v2\/media\/107657"}],"wp:attachment":[{"href":"https:\/\/rdnews.al\/index.php\/wp-json\/wp\/v2\/media?parent=107656"}],"wp:term":[{"taxonomy":"category","embeddable":true,"href":"https:\/\/rdnews.al\/index.php\/wp-json\/wp\/v2\/categories?post=107656"},{"taxonomy":"post_tag","embeddable":true,"href":"https:\/\/rdnews.al\/index.php\/wp-json\/wp\/v2\/tags?post=107656"}],"curies":[{"name":"wp","href":"https:\/\/api.w.org\/{rel}","templated":true}]}}