{"id":107664,"date":"2025-03-19T09:38:11","date_gmt":"2025-03-19T09:38:11","guid":{"rendered":"https:\/\/rdnews.al\/?p=107664"},"modified":"2025-03-19T09:38:11","modified_gmt":"2025-03-19T09:38:11","slug":"paloka-rames-jo-o-pallosh-jo-nuk-kane-ikur-amerikanet-ka-ikur-yuri-dhe-ka-ardhur-la-civita","status":"publish","type":"post","link":"https:\/\/rdnews.al\/index.php\/2025\/03\/19\/paloka-rames-jo-o-pallosh-jo-nuk-kane-ikur-amerikanet-ka-ikur-yuri-dhe-ka-ardhur-la-civita\/","title":{"rendered":"Paloka-Ram\u00ebs: Jo, o pallosh, jo! Nuk kan\u00eb ikur amerikan\u00ebt, ka ikur Yuri dhe ka ardhur La Civita\u2026"},"content":{"rendered":"<div id=\"rekl-49\">Deputeti i PD, Edi Paloka ka reaguar me nj\u00eb postim n\u00eb faqen e tij n\u00eb facebook pas zhvillimeve te fudnit ku ish ambasadorja amerikane n\u00eb Shqip\u00ebri u shkarkua nga DASH.<\/div>\n<div class=\"readmore-text-here\">\n<p>Paloka komenton deklarat\u00ebn e Ram\u00ebs i cili thoshte koh\u00eb m\u00eb par\u00eb se \u201ckane ikur amerikan\u00ebt\u201d.<\/p>\n<p>\u201cJo, o pallosh,jo! Nuk kan\u00eb ikur amerikan\u00ebt, ka ikur Yuri dhe ka ardhur La Civita\u2026\u201d, shkruan deputeti demokrat.<\/p>\n<div id=\"rekl-13\">\n<div id=\"__sap-ad-15\" class=\"__sap-ads __sap-html inline tracked\" data-title=\"Credins desktop Brenda lajmit 08\"><ins><\/p>\n<div id=\"beacon_a27eed11b4\"><img loading=\"lazy\" decoding=\"async\" src=\"https:\/\/ads1.medium.al\/www\/delivery\/lg.php?bannerid=0&amp;campaignid=0&amp;zoneid=232&amp;loc=https%3A%2F%2Fwww.syri.net%2Fpolitike%2F772139%2Frama-kane-ikur-amerikanet-paloka-jo-o-pallosh-jo-nuk-kane-ikur-amerikanet-ka-ikur-yuri-dhe-ka-ardhur-la-civita-hellip%2F&amp;referer=https%3A%2F%2Fwww.syri.net%2Flajme%2F&amp;cb=a27eed11b4\" alt=\"\" width=\"0\" height=\"0\" \/><strong>Postimi<\/strong><\/div>\n<p><\/ins><\/div>\n<\/div>\n<p>E keni d\u00ebgjuar palloshin se si thot\u00eb koh\u00ebt e fundit: \u201dKan\u00eb ikur amerikan\u00ebt\u201d<\/p>\n<p>Jo o pallosh,jo! Nuk kan\u00eb ikur amerikan\u00ebt, ka ikur Yuri dhe ka ardhur La Civita\u2026<\/p>\n<p>Kan\u00eb \u201chumbur\u201d dhe ata q\u00eb na quanin ne antiamerikan\u00eb se shanim Kimin e Blinkenin, t\u00eb dy t\u00eb shpallur \u201cnon grata\u201d nga shteti i tyre!<\/p>\n<p>Po tani kush jan\u00eb antiamerikanet ???<\/p>\n<p><iframe loading=\"lazy\" src=\"https:\/\/www.facebook.com\/plugins\/post.php?href=https%3A%2F%2Fwww.facebook.com%2Fpermalink.php%3Fstory_fbid%3Dpfbid0kJNzasPBrvR8E5JEW1Jgycej2fGyVsZW45i6HjidRaBkZvoKibn6rwvJY9HCZQ5Nl%26id%3D100008639860309&amp;show_text=true&amp;width=500\" width=\"500\" height=\"606\" frameborder=\"0\" scrolling=\"no\" allowfullscreen=\"allowfullscreen\" data-mce-fragment=\"1\"><\/iframe><\/p>\n<\/div>\n<div id=\"rekl-33\"><\/div>\n","protected":false},"excerpt":{"rendered":"<p>Deputeti i PD, Edi Paloka ka reaguar me nj\u00eb postim n\u00eb faqen e tij n\u00eb facebook pas zhvillimeve te fudnit ku ish ambasadorja amerikane n\u00eb Shqip\u00ebri u shkarkua nga DASH. Paloka komenton deklarat\u00ebn e Ram\u00ebs i cili thoshte koh\u00eb m\u00eb par\u00eb se \u201ckane ikur amerikan\u00ebt\u201d. \u201cJo, o pallosh,jo! Nuk kan\u00eb ikur amerikan\u00ebt, ka ikur Yuri &hellip;<\/p>\n","protected":false},"author":4,"featured_media":47665,"comment_status":"closed","ping_status":"closed","sticky":false,"template":"","format":"standard","meta":{"footnotes":""},"categories":[37],"tags":[],"class_list":["post-107664","post","type-post","status-publish","format-standard","has-post-thumbnail","","category-politike"],"_links":{"self":[{"href":"https:\/\/rdnews.al\/index.php\/wp-json\/wp\/v2\/posts\/107664","targetHints":{"allow":["GET"]}}],"collection":[{"href":"https:\/\/rdnews.al\/index.php\/wp-json\/wp\/v2\/posts"}],"about":[{"href":"https:\/\/rdnews.al\/index.php\/wp-json\/wp\/v2\/types\/post"}],"author":[{"embeddable":true,"href":"https:\/\/rdnews.al\/index.php\/wp-json\/wp\/v2\/users\/4"}],"replies":[{"embeddable":true,"href":"https:\/\/rdnews.al\/index.php\/wp-json\/wp\/v2\/comments?post=107664"}],"version-history":[{"count":1,"href":"https:\/\/rdnews.al\/index.php\/wp-json\/wp\/v2\/posts\/107664\/revisions"}],"predecessor-version":[{"id":107665,"href":"https:\/\/rdnews.al\/index.php\/wp-json\/wp\/v2\/posts\/107664\/revisions\/107665"}],"wp:featuredmedia":[{"embeddable":true,"href":"https:\/\/rdnews.al\/index.php\/wp-json\/wp\/v2\/media\/47665"}],"wp:attachment":[{"href":"https:\/\/rdnews.al\/index.php\/wp-json\/wp\/v2\/media?parent=107664"}],"wp:term":[{"taxonomy":"category","embeddable":true,"href":"https:\/\/rdnews.al\/index.php\/wp-json\/wp\/v2\/categories?post=107664"},{"taxonomy":"post_tag","embeddable":true,"href":"https:\/\/rdnews.al\/index.php\/wp-json\/wp\/v2\/tags?post=107664"}],"curies":[{"name":"wp","href":"https:\/\/api.w.org\/{rel}","templated":true}]}}