{"id":107670,"date":"2025-03-19T11:30:56","date_gmt":"2025-03-19T11:30:56","guid":{"rendered":"https:\/\/rdnews.al\/?p=107670"},"modified":"2025-03-19T11:30:56","modified_gmt":"2025-03-19T11:30:56","slug":"foto-berisha-album-nga-takimi-i-zjarrte-dhe-madheshtor-ne-shkoder","status":"publish","type":"post","link":"https:\/\/rdnews.al\/index.php\/2025\/03\/19\/foto-berisha-album-nga-takimi-i-zjarrte-dhe-madheshtor-ne-shkoder\/","title":{"rendered":"Foto\/ Berisha: Album nga takimi i zjarrt\u00eb dhe madh\u00ebshtor n\u00eb Shkod\u00ebr"},"content":{"rendered":"<div id=\"rekl-16\">\n<p>Kryetari i PD, Sali Berisha ka ndar\u00eb p\u00ebr ndjeksit e tij n\u00eb Facebook foto nga takimi madh\u00ebshtor i organizuar n\u00eb Shkod\u00ebr.<\/p>\n<p>\u201cAlbum nga takimi i zjarrt\u00eb dhe madh\u00ebshtor n\u00eb Shkod\u00ebr!\u201d, Shkruan Berishat.<\/p>\n<div class=\"readmore-text-here\">\n<p><iframe loading=\"lazy\" src=\"https:\/\/www.facebook.com\/plugins\/post.php?href=https%3A%2F%2Fwww.facebook.com%2FSaliBerisha%2Fposts%2Fpfbid032eYN4SjSNjoNmbUNqe4LL6sJXEmQTQgeeKrRGpSmjWEpmxGiBWfVsgieYLkbnnSQl&amp;show_text=true&amp;width=500\" width=\"500\" height=\"645\" frameborder=\"0\" scrolling=\"no\" allowfullscreen=\"allowfullscreen\"><\/iframe><\/p>\n<div class=\"fotogaleri\">\n<div class=\"bx-wrapper\">\n<div class=\"bx-viewport\">\n<ul class=\"read-slider\">\n<li><a href=\"https:\/\/www.syri.net\/fotogaleria\/772211\/berisha-publikon-foto-t-album-nga-takimi-i-zjarrte-dhe-madheshtor-ne-shkoder\/\" target=\"_blank\" rel=\"noopener\"><img decoding=\"async\" src=\"https:\/\/www.syri.net\/uploads\/syri.net\/images\/2025\/March\/19\/auto_484994603_1374559724025126_7121956043609785263_n1742380733.jpg\" \/><i class=\"fa fa-search-plus syri_zoom\" aria-hidden=\"true\"><\/i><\/a><\/li>\n<\/ul>\n<\/div>\n<div class=\"bx-controls bx-has-pager bx-has-controls-direction\">\n<div class=\"bx-pager bx-default-pager\">1 \/ 13<\/div>\n<div class=\"bx-controls-direction\"><a class=\"bx-prev\" href=\"https:\/\/www.syri.net\/politike\/772211\/berisha-publikon-foto-t-album-nga-takimi-i-zjarrte-dhe-madheshtor-ne-shkoder\/\" target=\"_blank\" rel=\"noopener\">Prev<\/a><a class=\"bx-next\" href=\"https:\/\/www.syri.net\/politike\/772211\/berisha-publikon-foto-t-album-nga-takimi-i-zjarrte-dhe-madheshtor-ne-shkoder\/\" target=\"_blank\" rel=\"noopener\">Next<\/a><\/div>\n<\/div>\n<\/div>\n<\/div>\n<p>&nbsp;<\/p>\n<\/div>\n<div id=\"rekl-45\"><\/div>\n<div id=\"rekl-16\"><\/div>\n<div id=\"rekl-33\"><\/div>\n<\/div>\n<div id=\"rekl-33\"><\/div>\n","protected":false},"excerpt":{"rendered":"<p>Kryetari i PD, Sali Berisha ka ndar\u00eb p\u00ebr ndjeksit e tij n\u00eb Facebook foto nga takimi madh\u00ebshtor i organizuar n\u00eb Shkod\u00ebr. \u201cAlbum nga takimi i zjarrt\u00eb dhe madh\u00ebshtor n\u00eb Shkod\u00ebr!\u201d, Shkruan Berishat. 1 \/ 13 PrevNext &nbsp;<\/p>\n","protected":false},"author":4,"featured_media":107648,"comment_status":"closed","ping_status":"closed","sticky":false,"template":"","format":"standard","meta":{"footnotes":""},"categories":[37],"tags":[],"class_list":["post-107670","post","type-post","status-publish","format-standard","has-post-thumbnail","","category-politike"],"_links":{"self":[{"href":"https:\/\/rdnews.al\/index.php\/wp-json\/wp\/v2\/posts\/107670","targetHints":{"allow":["GET"]}}],"collection":[{"href":"https:\/\/rdnews.al\/index.php\/wp-json\/wp\/v2\/posts"}],"about":[{"href":"https:\/\/rdnews.al\/index.php\/wp-json\/wp\/v2\/types\/post"}],"author":[{"embeddable":true,"href":"https:\/\/rdnews.al\/index.php\/wp-json\/wp\/v2\/users\/4"}],"replies":[{"embeddable":true,"href":"https:\/\/rdnews.al\/index.php\/wp-json\/wp\/v2\/comments?post=107670"}],"version-history":[{"count":1,"href":"https:\/\/rdnews.al\/index.php\/wp-json\/wp\/v2\/posts\/107670\/revisions"}],"predecessor-version":[{"id":107671,"href":"https:\/\/rdnews.al\/index.php\/wp-json\/wp\/v2\/posts\/107670\/revisions\/107671"}],"wp:featuredmedia":[{"embeddable":true,"href":"https:\/\/rdnews.al\/index.php\/wp-json\/wp\/v2\/media\/107648"}],"wp:attachment":[{"href":"https:\/\/rdnews.al\/index.php\/wp-json\/wp\/v2\/media?parent=107670"}],"wp:term":[{"taxonomy":"category","embeddable":true,"href":"https:\/\/rdnews.al\/index.php\/wp-json\/wp\/v2\/categories?post=107670"},{"taxonomy":"post_tag","embeddable":true,"href":"https:\/\/rdnews.al\/index.php\/wp-json\/wp\/v2\/tags?post=107670"}],"curies":[{"name":"wp","href":"https:\/\/api.w.org\/{rel}","templated":true}]}}