{"id":107678,"date":"2025-03-19T11:50:14","date_gmt":"2025-03-19T11:50:14","guid":{"rendered":"https:\/\/rdnews.al\/?p=107678"},"modified":"2025-03-19T11:50:14","modified_gmt":"2025-03-19T11:50:14","slug":"berisha-do-tu-kthejme-parate-shqiptareve-energjia-do-zbrese-ne-7-leke-nafta-me-cmimet-qe-ka-kosova","status":"publish","type":"post","link":"https:\/\/rdnews.al\/index.php\/2025\/03\/19\/berisha-do-tu-kthejme-parate-shqiptareve-energjia-do-zbrese-ne-7-leke-nafta-me-cmimet-qe-ka-kosova\/","title":{"rendered":"Berisha: Do t\u2019u kthejm\u00eb parat\u00eb shqiptar\u00ebve, energjia do zbres\u00eb n\u00eb 7 lek\u00eb, nafta me \u00e7mimet q\u00eb ka Kosova!"},"content":{"rendered":"<p>Lideri i opozit\u00ebst, Sali Berisha tha n\u00eb konferenc\u00ebn me gazetar\u00ebt se situata ekonomike dhe sociale n\u00eb Shqip\u00ebri ka qen\u00eb prej koh\u00ebsh nj\u00eb shqet\u00ebsim i madh p\u00ebr qytetar\u00ebt, t\u00eb cil\u00ebt p\u00ebrballen me sfida t\u00eb shumta, nga pagat e ul\u00ebta deri te kostoja e lart\u00eb e jetes\u00ebs.<\/p>\n<p>Nd\u00ebrsa sipas Berish\u00ebsh, premtimi p\u00ebr rikthimin e parave te shqiptar\u00ebt dhe p\u00ebrmir\u00ebsimin e kushteve t\u00eb tyre jet\u00ebsore \u00ebsht\u00eb kthyer n\u00eb nj\u00eb mesazh q\u00eb po fiton gjithnj\u00eb e m\u00eb shum\u00eb mb\u00ebshtetje.<\/p>\n<p>\u201cNga Podgorica, si\u00e7 e pat\u00eb, u ktheva n\u00eb nj\u00eb miting, m\u00eb i zjarrti q\u00ebnka njohur pallati i sportit i Shkodr\u00ebs q\u00eb kur jan\u00eb hedhur themelet e tij gjer sot.<\/p>\n<p>Kam qen\u00eb n\u00eb at\u00eb pallat shum\u00eb her\u00eb, por entuziazmin, optimizmin dhe energjin\u00eb q\u00eb ndjeva gjat\u00eb atij takimi, nuk e kisha par\u00eb asnj\u00ebher\u00eb.<\/p>\n<p>Paraqita deputet\u00eb t\u00eb shk\u00eblqyer para atyre qytetar\u00ebve t\u00eb mrekulluesh\u00ebm dhe i gjeta t\u00eb vendosur m\u00eb shum\u00eb se kurr\u00eb qytetar\u00ebt e Shkodr\u00ebs dhe t\u00eb qarkut t\u00eb votojn\u00eb PD-n\u00eb dhe Aleanc\u00ebn p\u00ebr Shqip\u00ebrin\u00eb Madh\u00ebshtore.<\/p>\n<p>Programi i PD dhe Aleanc\u00ebs p\u00ebr Shqip\u00ebrin\u00eb Madh\u00ebshtore po b\u00ebhet pjes\u00eb shpirt\u00ebrore e qytetar\u00ebve shqiptar\u00eb.<\/p>\n<p>Motoja jon\u00eb se do u kthejm\u00eb parat\u00eb shqiptar\u00ebve po ngjit gjithn\u00eb e m\u00eb shum\u00eb.<\/p>\n<p>Minimumi jetik 200 euro, rritja e pensioneve me 20 p\u00ebrqind, rritja e rrog\u00ebs minimale me 20 p\u00ebrqind, rritja e rrog\u00ebs mesatare n\u00eb 1200 euro, karta e konsumatorit p\u00ebr pensionist\u00ebt dhe rrog\u00ebul\u00ebtit, kan\u00eb pasur nj\u00eb impakt shum\u00eb pozitiv.<\/p>\n<p>\u00c7do dit\u00eb un\u00eb marr pyetje nga njer\u00ebz t\u00eb braktisur, njer\u00ebz n\u00eb nevoj\u00eb.<\/p>\n<p>Nj\u00eb n\u00ebn\u00eb m\u00eb drejtohej: jam me dy f\u00ebmij\u00eb, a do p\u00ebrfitoj un\u00eb p\u00ebr f\u00ebmij\u00ebt jetim\u00eb. Do p\u00ebrfitoj\u00eb 200 euro p\u00ebr f\u00ebmij\u00eb.<\/p>\n<p>Po, f\u00ebmij\u00ebt jetim\u00eb do t\u00eb p\u00ebrfitojn\u00eb 200 euro q\u00eb t\u00eb gjith\u00eb.<\/p>\n<p>Nuk mund t\u00eb ket\u00eb m\u00eb shqiptar\u00eb t\u00eb agresuar nga varf\u00ebria ekstreme. Jo! Kjo merr fund.<\/p>\n<p>Nuk mund t\u00eb ket\u00eb shqiptar\u00eb me \u00e7erek pensioni, gjysm\u00eb pensioni apo dy t\u00eb tretat pension. Do ket\u00eb shqiptar\u00eb me 200 euro.<\/p>\n<p>Me kart\u00ebn e konsumatorit do marrin 450 euro, sot p\u00ebr sot se nes\u00ebr kur t\u00eb rriten \u00e7mimet, do shkoj\u00eb edhe m\u00eb shum\u00eb.<\/p>\n<p>Kompensim p\u00ebr TVSH q\u00eb paguajn\u00eb.<\/p>\n<p>Energjia do zbres\u00eb n\u00eb 7 lek\u00eb.<\/p>\n<p>Nafta do zbres\u00eb n\u00eb \u00e7mimet q\u00eb ka Kosova.<\/p>\n<p>Pra, kjo paket\u00eb q\u00eb e quajm\u00eb paketa e dhembshuris\u00eb dhe q\u00eb n\u00eb fakt nuk \u00ebsht\u00eb asgj\u00eb tjet\u00ebr ve\u00e7se kthimi i parave tek shqiptar\u00ebt se atyre u merren taksat dhe ne do ua kthejm\u00eb atyre.<\/p>\n<p>Ne nuk do shpenzojm\u00eb 130 milion\u00eb euro p\u00ebr djeg\u00ebsin q\u00eb nuk ekziston.<\/p>\n<p>Kryeministri nuk do udh\u00ebtoj\u00eb me avion taksi 21 milion\u00eb euro n\u00eb dy vite. Jo, do udh\u00ebtoj\u00eb me linja tregtare.<\/p>\n<p>Nuk do blihen kopshte Edeni 5 milion\u00eb euro, nj\u00eb \u00e7menduri e paimagjinueshme, sikur \u00ebsht\u00eb Sulltani i Surrelit. Jo, do kthehen n\u00eb pensione.<\/p>\n<p>Nuk do shtrohen darka dhe dreka me shishe vere 33 mij\u00eb euro. Jo dhe jo, asnj\u00ebher\u00eb.<\/p>\n<p>Nuk do nd\u00ebrtohen rrug\u00eb me 10fishin e \u00e7mimeve, parat\u00eb do u kthehen shqiptar\u00ebve, do u jepen rroga, pensione, kompensim i TVSH e me radh\u00eb.<\/p>\n<p>Ky \u00ebsht\u00eb vet\u00ebm fillimi.<\/p>\n<p>Ky start nuk ndalet gjersa shqiptar\u00ebt t\u00eb dalin n\u00eb krye t\u00eb vendit p\u00ebr rrogat dhe pensionet.<\/p>\n<p>Ky \u00ebsht\u00eb preokupimi yn\u00eb, ky \u00ebsht\u00eb zotimi yn\u00eb.<\/p>\n<p>Prandaj ju pat\u00eb at\u00eb takim aq t\u00eb zjarrt\u00eb n\u00eb pallatin e sportit n\u00eb Shkod\u00ebr.<\/p>\n<p>Qytetar\u00ebve do u kthejm\u00eb parat\u00eb. Do presim me g\u00ebrsh\u00ebr\u00eb dor\u00ebn q\u00eb do guxoj\u00eb t\u00eb prek\u00eb parat\u00eb e tyre\u201d, tha Berisha.<\/p>\n","protected":false},"excerpt":{"rendered":"<p>Lideri i opozit\u00ebst, Sali Berisha tha n\u00eb konferenc\u00ebn me gazetar\u00ebt se situata ekonomike dhe sociale n\u00eb Shqip\u00ebri ka qen\u00eb prej koh\u00ebsh nj\u00eb shqet\u00ebsim i madh p\u00ebr qytetar\u00ebt, t\u00eb cil\u00ebt p\u00ebrballen me sfida t\u00eb shumta, nga pagat e ul\u00ebta deri te kostoja e lart\u00eb e jetes\u00ebs. Nd\u00ebrsa sipas Berish\u00ebsh, premtimi p\u00ebr rikthimin e parave te shqiptar\u00ebt &hellip;<\/p>\n","protected":false},"author":4,"featured_media":107679,"comment_status":"closed","ping_status":"closed","sticky":false,"template":"","format":"standard","meta":{"footnotes":""},"categories":[37],"tags":[],"class_list":["post-107678","post","type-post","status-publish","format-standard","has-post-thumbnail","","category-politike"],"_links":{"self":[{"href":"https:\/\/rdnews.al\/index.php\/wp-json\/wp\/v2\/posts\/107678","targetHints":{"allow":["GET"]}}],"collection":[{"href":"https:\/\/rdnews.al\/index.php\/wp-json\/wp\/v2\/posts"}],"about":[{"href":"https:\/\/rdnews.al\/index.php\/wp-json\/wp\/v2\/types\/post"}],"author":[{"embeddable":true,"href":"https:\/\/rdnews.al\/index.php\/wp-json\/wp\/v2\/users\/4"}],"replies":[{"embeddable":true,"href":"https:\/\/rdnews.al\/index.php\/wp-json\/wp\/v2\/comments?post=107678"}],"version-history":[{"count":1,"href":"https:\/\/rdnews.al\/index.php\/wp-json\/wp\/v2\/posts\/107678\/revisions"}],"predecessor-version":[{"id":107680,"href":"https:\/\/rdnews.al\/index.php\/wp-json\/wp\/v2\/posts\/107678\/revisions\/107680"}],"wp:featuredmedia":[{"embeddable":true,"href":"https:\/\/rdnews.al\/index.php\/wp-json\/wp\/v2\/media\/107679"}],"wp:attachment":[{"href":"https:\/\/rdnews.al\/index.php\/wp-json\/wp\/v2\/media?parent=107678"}],"wp:term":[{"taxonomy":"category","embeddable":true,"href":"https:\/\/rdnews.al\/index.php\/wp-json\/wp\/v2\/categories?post=107678"},{"taxonomy":"post_tag","embeddable":true,"href":"https:\/\/rdnews.al\/index.php\/wp-json\/wp\/v2\/tags?post=107678"}],"curies":[{"name":"wp","href":"https:\/\/api.w.org\/{rel}","templated":true}]}}