{"id":107691,"date":"2025-03-19T12:14:24","date_gmt":"2025-03-19T12:14:24","guid":{"rendered":"https:\/\/rdnews.al\/?p=107691"},"modified":"2025-03-19T12:14:24","modified_gmt":"2025-03-19T12:14:24","slug":"berisha-prezanton-4-shtyllat-kryesore-te-shqiperise-madheshtore","status":"publish","type":"post","link":"https:\/\/rdnews.al\/index.php\/2025\/03\/19\/berisha-prezanton-4-shtyllat-kryesore-te-shqiperise-madheshtore\/","title":{"rendered":"Berisha prezanton 4 shtyllat kryesore t\u00eb \u201cShqip\u00ebris\u00eb Madh\u00ebshtore\u201d"},"content":{"rendered":"<p>Kryetari i Partis\u00eb Demokratike, Sali Berisha, n\u00eb konferenc\u00eb\u00a0p\u00ebr shtyp shprehu me entuziaz\u00ebm besimin se aleanca q\u00eb ai udh\u00ebheq \u00ebsht\u00eb themeli i nj\u00eb Shqip\u00ebrie madh\u00ebshtore. Ai e p\u00ebrshkroi k\u00ebt\u00eb aleanc\u00eb si nj\u00eb program t\u00eb paprecedent\u00eb, q\u00eb, sipas tij, do t\u00eb siguroj\u00eb nj\u00eb t\u00eb ardhme t\u00eb ndritur p\u00ebr vendin.<\/p>\n<p>Berisha theksoi se ky program p\u00ebrmban kat\u00ebr shtylla t\u00eb r\u00ebnd\u00ebsishme, duke p\u00ebrfshir\u00eb zhvillimin ekonomik, pastrimin nga krimi, nd\u00ebrtimin e nj\u00eb shteti t\u00eb fort\u00eb dhe avancimin n\u00eb fush\u00ebn e teknologjis\u00eb.<\/p>\n<p>\u201cAleanca jon\u00eb \u00ebsht\u00eb madh\u00ebshtore p\u00ebr Shqip\u00ebrin\u00eb madh\u00ebshtore. \u00cbsht\u00eb programi p\u00ebr Shqip\u00ebrin\u00eb madh\u00ebshtore q\u00eb e b\u00ebn aleanc\u00ebn madh\u00ebshtore. Pra, ai \u00ebsht\u00eb nj\u00eb program q\u00eb Shqip\u00ebria nuk e ka pasur kurr\u00eb n\u00eb historin\u00eb e saj p\u00ebrpara.<\/p>\n<p>Kalimi nga diktatura n\u00eb pluraliz\u00ebm, q\u00eb e realizoi PD dhe L\u00ebvizja Studentore, ishte nj\u00eb akt madh\u00ebshtor. An\u00ebtar\u00ebsimi i Shqip\u00ebris\u00eb n\u00eb NATO ishte nj\u00eb akt madh\u00ebshtor. Por k\u00ebto ishin akte.<br \/>\nShiqp\u00ebria duhet t\u00eb jet\u00eb tani t\u00ebr\u00ebsisht madh\u00ebshtore. Dhe madh\u00ebshtia e Shqip\u00ebris\u00eb, si\u00e7 e kam shpjeguar, bazohet n\u00eb kat\u00ebr shtylla kryesore. Bazohet n\u00eb paket\u00ebn e dhembshuris\u00eb.<\/p>\n<p>Bazohet n\u00eb Made in Albania, q\u00eb do t\u00eb thot\u00eb ekonomi, ekonomi, ekonomi apo prodhim, prodhim, prodhim. Do t\u00eb thot\u00eb klima m\u00eb miq\u00ebsore p\u00ebr biznesin n\u00eb Europ\u00eb dhe m\u00eb gjer\u00eb.<\/p>\n<p>Prodhim do t\u00eb thot\u00eb pun\u00ebsim. Ne do e b\u00ebjm\u00eb prodhimin krenari komb\u00ebtare.<\/p>\n<p>Shtylla tjet\u00ebr \u00ebsht\u00eb pastrimi i Shqip\u00ebris\u00eb. Nuk mund t\u00eb b\u00ebhet Shqip\u00ebria madh\u00ebshtore kur ligjin e b\u00ebjn\u00eb bandat, kur Shkodra p\u00ebrgjaket \u00e7do muaj, kur Elbasanin e dikton Suel \u00c7ela, kur Durr\u00ebsin e dikton Xhevdet Troplini. Nuk b\u00ebhet dot Shqip\u00ebria me banda madh\u00ebshtore, bandat kan\u00eb vet\u00ebm nj\u00eb vend, n\u00eb burg, n\u00eb burg dhe vet\u00ebm n\u00eb burg. Aty ku e kan\u00eb vendin.<\/p>\n<p>Imagjino ti nj\u00eb Shqip\u00ebri ku qytetar\u00ebt ndjehen t\u00eb lir\u00eb, ndjehen zot\u00ebr t\u00eb pron\u00ebs s\u00eb tyre, pun\u00ebs s\u00eb tyre.<\/p>\n<p>A \u00ebsht\u00eb kjo e larg\u00ebt? Jo, absolutisht.<\/p>\n<p>Se k\u00ebshtu m\u00eb thonin edhe n\u00eb vitin 2005, si do ia b\u00ebsh ti k\u00ebtyre? E provuan se si ua b\u00ebra. E provuan kudo q\u00eb ishin, nga Ankaraja, n\u00eb Gjermani, Amerik\u00eb erdh\u00ebn dhe mor\u00ebn d\u00ebnime p\u00ebrjet\u00eb q\u00eb i liroi Edi Rama. Nuk kan\u00eb shans t\u2019i shp\u00ebtojn\u00eb ligjit. Nuk kam taktik\u00ebn e Edi Ram\u00ebs q\u00eb t\u00eb han\u00eb kokat e nj\u00ebri-tjetrit. Do dalin t\u00eb gjith\u00eb para ligjit.<\/p>\n<p>Por jo vet\u00ebm ata, padron\u00ebt e tyre qeveritar\u00eb me pushtet nj\u00eblloj.<\/p>\n<p>Cili \u00ebsht\u00eb m\u00eb kriminel, Bahri Bajri q\u00eb mbledh vota p\u00ebr Benet Becin me autokolon\u00eb t\u00eb blinduar apo Beneti q\u00eb merr mandatin e votave t\u00eb krimit?<\/p>\n<p>Ndahen hesapet tani. Pastrimi i Shqip\u00ebris\u00eb \u00ebsht\u00eb nj\u00eb kusht.<\/p>\n<p>Po t\u00eb hysh ti vet\u00ebm n\u00eb intrig\u00ebn e tmerrshme q\u00eb \u00ebsht\u00eb b\u00ebr\u00eb me Erion Veliajn, aty \u00ebsht\u00eb nj\u00eb krim horror.<\/p>\n<p>Erion Veliaj i meriton t\u00eb gjitha, por horronin q\u00eb i organizojn\u00eb aty me Xhevdetin, me Ulsi Manj\u00ebn. B\u00ebhet ministri kalec, zbaton urdhra me Maznikun. Sepse njeriu edhe n\u00eb burg po t\u00eb jet\u00eb, ai g\u00ebzon t\u00eb drejtat e tij.<\/p>\n<p>Un\u00eb e mora vesh q\u00eb u tha dje, nuk e di a e tha Skapi apo jo, q\u00eb kan\u00eb marr\u00eb autorizimin e gjykat\u00ebs p\u00ebr p\u00ebrgjimin e tij, n\u00eb qoft\u00eb se e kan\u00eb marr\u00eb, jan\u00eb n\u00eb rregull, por implikimi i ministrave&#8230;<\/p>\n<p>\u00c7\u2019pun\u00eb ka Mazniku aty? \u00c7\u2019pun\u00eb ka Ulsi Manja aty?<\/p>\n<p>Pse b\u00ebhen k\u00ebto gj\u00ebra? Se jan\u00eb bot\u00eb krimi. Se normalisht ata duhet t\u00eb thon\u00eb, t\u00eb l\u00ebm\u00eb prokurorin\u00eb.<\/p>\n<p>Ai vet\u00eb \u00ebsht\u00eb nj\u00eb delinkuent shum\u00eb i rreziksh\u00ebm. A mund t\u00eb imagjinoni q\u00eb ai t\u00eb jap\u00eb porosi q\u00eb t\u00eb k\u00ebrc\u00ebnohet djali i k\u00ebtij dhe atij? Ai vet\u00ebm p\u00ebr k\u00ebto meriton nj\u00eb d\u00ebnim suplementar shum\u00eb t\u00eb fort\u00eb me udh\u00ebzimet q\u00eb jep nga qelia.<\/p>\n<p>Po prap\u00eb implikimi i gjysm\u00ebs s\u00eb qeveris\u00eb n\u00eb proces \u00ebsht\u00eb i papajtuesh\u00ebm me rregullat e nj\u00eb shteti normal. Por ky \u00ebsht\u00eb narkoshtet. Pra, do pastrohet sht\u00ebpia.<\/p>\n<p>Shtylla e kat\u00ebrt \u00ebsht\u00eb Shqip\u00ebria epiqend\u00ebr e teknologjis\u00eb m\u00eb t\u00eb lart\u00eb. E dataqendrave, e blockchain, e kriptomonedhave, inteligjenc\u00ebs artificiale, e internetit 3, pra e teknologjive m\u00eb t\u00eb larta.<\/p>\n<p>Dhe Shqip\u00ebria superfuqi energjetike n\u00eb rajon. Shum\u00ebfishim i prodhimit t\u00eb energjis\u00eb nga dielli, era, uji dhe gazi.<\/p>\n<p>A nuk jan\u00eb k\u00ebto projekte madh\u00ebshtore? N\u00eb qoft\u00eb se ato ishin nj\u00eb nga nj\u00eb, k\u00ebto jan\u00eb t\u00eb shumta.<\/p>\n<p>Po ta marr\u00ebsh ashtu, historia e pasluft\u00ebs s\u00eb dyt\u00eb bot\u00ebrore nuk gjen nj\u00eb forc\u00eb politike si PD.<\/p>\n<p>Ku \u00ebsht\u00eb ai q\u00eb sulmoi PD-n\u00eb, q\u00eb donte ta vendoste n\u00ebn kontroll dhe ta shkat\u00ebrronte? PD \u00ebsht\u00eb sot k\u00ebtu ku \u00ebsht\u00eb, kurse ai \u00ebsht\u00eb non-grata n\u00eb vendin e tij. \u00cbsht\u00eb epike, nuk ka gj\u00eb m\u00eb madh\u00ebshtore por un\u00eb nuk merrem me k\u00ebt\u00eb tani\u201d, u shpreh Berisha.<\/p>\n","protected":false},"excerpt":{"rendered":"<p>Kryetari i Partis\u00eb Demokratike, Sali Berisha, n\u00eb konferenc\u00eb\u00a0p\u00ebr shtyp shprehu me entuziaz\u00ebm besimin se aleanca q\u00eb ai udh\u00ebheq \u00ebsht\u00eb themeli i nj\u00eb Shqip\u00ebrie madh\u00ebshtore. Ai e p\u00ebrshkroi k\u00ebt\u00eb aleanc\u00eb si nj\u00eb program t\u00eb paprecedent\u00eb, q\u00eb, sipas tij, do t\u00eb siguroj\u00eb nj\u00eb t\u00eb ardhme t\u00eb ndritur p\u00ebr vendin. Berisha theksoi se ky program p\u00ebrmban kat\u00ebr shtylla &hellip;<\/p>\n","protected":false},"author":4,"featured_media":107693,"comment_status":"closed","ping_status":"closed","sticky":false,"template":"","format":"standard","meta":{"footnotes":""},"categories":[37],"tags":[],"class_list":["post-107691","post","type-post","status-publish","format-standard","has-post-thumbnail","","category-politike"],"_links":{"self":[{"href":"https:\/\/rdnews.al\/index.php\/wp-json\/wp\/v2\/posts\/107691","targetHints":{"allow":["GET"]}}],"collection":[{"href":"https:\/\/rdnews.al\/index.php\/wp-json\/wp\/v2\/posts"}],"about":[{"href":"https:\/\/rdnews.al\/index.php\/wp-json\/wp\/v2\/types\/post"}],"author":[{"embeddable":true,"href":"https:\/\/rdnews.al\/index.php\/wp-json\/wp\/v2\/users\/4"}],"replies":[{"embeddable":true,"href":"https:\/\/rdnews.al\/index.php\/wp-json\/wp\/v2\/comments?post=107691"}],"version-history":[{"count":1,"href":"https:\/\/rdnews.al\/index.php\/wp-json\/wp\/v2\/posts\/107691\/revisions"}],"predecessor-version":[{"id":107694,"href":"https:\/\/rdnews.al\/index.php\/wp-json\/wp\/v2\/posts\/107691\/revisions\/107694"}],"wp:featuredmedia":[{"embeddable":true,"href":"https:\/\/rdnews.al\/index.php\/wp-json\/wp\/v2\/media\/107693"}],"wp:attachment":[{"href":"https:\/\/rdnews.al\/index.php\/wp-json\/wp\/v2\/media?parent=107691"}],"wp:term":[{"taxonomy":"category","embeddable":true,"href":"https:\/\/rdnews.al\/index.php\/wp-json\/wp\/v2\/categories?post=107691"},{"taxonomy":"post_tag","embeddable":true,"href":"https:\/\/rdnews.al\/index.php\/wp-json\/wp\/v2\/tags?post=107691"}],"curies":[{"name":"wp","href":"https:\/\/api.w.org\/{rel}","templated":true}]}}