{"id":107695,"date":"2025-03-19T12:21:25","date_gmt":"2025-03-19T12:21:25","guid":{"rendered":"https:\/\/rdnews.al\/?p=107695"},"modified":"2025-03-19T12:21:25","modified_gmt":"2025-03-19T12:21:25","slug":"berisha-edi-rama-genjeshtari-me-i-madh-qeverisja-e-aleances-per-shqiperine-madheshtore-do-te-integroje-vendin-ne-be","status":"publish","type":"post","link":"https:\/\/rdnews.al\/index.php\/2025\/03\/19\/berisha-edi-rama-genjeshtari-me-i-madh-qeverisja-e-aleances-per-shqiperine-madheshtore-do-te-integroje-vendin-ne-be\/","title":{"rendered":"Berisha: Edi Rama g\u00ebnjeshtari m\u00eb i madh! Qeverisja e Aleanc\u00ebs p\u00ebr Shqip\u00ebrin\u00eb Madh\u00ebshtore do t\u00eb integroj\u00eb vendin n\u00eb BE"},"content":{"rendered":"<p>Kryetari i PD, Sali Berisha, n\u00eb konferenc\u00ebn me gazetar\u00ebt akuzoi kryeministrin Edi Rama si \u201cg\u00ebnjeshtarin m\u00eb t\u00eb madh\u201d dhe ka kritikuar qeverisjen e tij p\u00ebr vonesat dhe mashtrimet lidhur me integrimin e Shqip\u00ebris\u00eb n\u00eb Bashkimin Europian.<\/p>\n<p>Berisha theksoi gjithashtu se, ndon\u00ebse Rama premtoi hapjen e negociatave n\u00eb 2017, ato u realizuan vet\u00ebm pas tet\u00eb vitesh, duke e cil\u00ebsuar k\u00ebt\u00eb si nj\u00eb mashtrim t\u00eb madh ndaj shqiptar\u00ebve.<\/p>\n<p>\u201cM\u00eb i ligu nd\u00ebr t\u00eb ligjt\u00eb \u00ebsht\u00eb g\u00ebnjeshtari. N\u00eb klubin e t\u00eb k\u00ebqijve, m\u00eb i keqi \u00ebsht\u00eb g\u00ebnjeshtari dhe n\u00eb qoft\u00eb se ju merrni Edi Ram\u00ebn nga 2013 e gjer sot, ju garantoj se n\u00eb t\u00eb gjith\u00eb globin tok\u00ebsor nuk do t\u00eb gjeni nj\u00eb g\u00ebnjeshtar t\u00eb dyt\u00eb si ky.<\/p>\n<p>S\u00eb pari, jeni d\u00ebshmitar se si zot\u00ebria i tij n\u00eb 2017, hapi shishet e shampanj\u00ebs, hodhi me qindra fishekzjarre, dekoroi ambasador\u00eb dhe komisioner\u00eb, p\u00ebr hapjen e negociatave. A \u00ebsht\u00eb k\u00ebshtu apo jo. B\u00ebri mashtrimin m\u00eb groteks, m\u00eb groteks t\u00eb shqiptar\u00ebve; negociatat u hap\u00ebn. Negociatat nga 2017 defakto u hap\u00ebn vet\u00ebm para 3-4 muajve.<\/p>\n<p>Pra pas 8 vitesh negociatat nga dita q\u00eb Edi Rama festoi me fanfare, me tam tame, me dekorata, me shampanj\u00eb me fishekzjarre, mor\u00ebn 8 vite p\u00ebr tu hapur.<\/p>\n<p>Tani ca thot\u00eb? Pasaport\u00ebn e prodhuar nga qeveria e m\u00ebparshme, e nxjerr thot\u00eb pasaporta Europiane n\u00eb vitin 2030. Shiko ku e ka nashtrimin, ai nuk thot\u00eb dot n\u00eb vitin 2029, se e di q\u00eb nuk do t\u00eb ndodh\u00eb, sepse e di q\u00eb nuk do ndodh\u00eb, e \u00e7on n\u00eb vitin 2030 p\u00ebrtej mandatit q\u00eb p\u00ebrpiqet t\u00eb grabis\u00eb vet\u00ebm p\u00ebr t\u00eb mashtruar shqiptar\u00ebt.<\/p>\n<p>Un\u00eb isha n\u00eb Podgoric\u00eb, ajo audienc\u00eb u trondit nga ajo q\u00eb d\u00ebgjoi me fakte. Un\u00eb i them Edi Ram\u00ebs se nuk ke par\u00eb gj\u00eb akoma, \u00ebsht\u00eb vet\u00ebm fillimi. Kur un\u00eb kam deklaruar k\u00ebtu para jush dhe para bot\u00ebs se Shqip\u00ebria nuk plot\u00ebson asnj\u00eb ktriter, ve\u00e7 kriterit gjeostrategjik e kam b\u00ebr\u00eb me p\u00ebrgjegj\u00ebsin\u00eb m\u00eb t\u00eb plot\u00eb dhe un\u00eb do t\u00eb ja faktoj kujtdo, edhe shqiptar\u00ebve dhe nd\u00ebrkomb\u00ebtar\u00ebve se kjo \u00ebsht\u00eb nj\u00eb e v\u00ebrtet\u00eb e pamohueshme.<\/p>\n<p>Ndaj Edi Rama e dor\u00ebzon n\u00eb 12 maj dhe i garantoj shqiptar\u00ebt se p\u00ebr qeverin\u00eb ton\u00eb t\u00eb ardhshme, objektivi num\u00ebr 1 do t\u00eb jet\u00eb integrimi i Shqip\u00ebris\u00eb ne BE. Interesi komb\u00ebtar m\u00eb madhor do t\u00eb jet\u00eb integrimi i Shqip\u00ebris\u00eb n\u00eb BE, me nj\u00eb dallim themelor, i bazuar n\u00eb merit\u00eb dhe n\u00eb asgj\u00eb tjet\u00ebr.<\/p>\n<p>Procesi i bazuar n\u00eb merit\u00eb i dha Shqip\u00ebris\u00eb marr\u00ebveshjen e stabilizim asociimit, i dha Shqip\u00ebris\u00eb heqjen e vizave, i dha Shqip\u00ebris\u00eb rekomandimin nga Komisioni Europian i statusit kandidat, i dha Shqip\u00ebris\u00eb ftes\u00ebn n\u00eb NATO,\u00a0 i dha Shqip\u00ebris\u00eb an\u00ebtar\u00ebsimin n\u00eb NATO. Ka vet\u00ebm nj\u00eb rrug\u00eb dhe kjo rrug\u00eb \u00ebsht\u00eb t\u00eb plot\u00ebsosh standardet dhe kriteret e procesit t\u00eb an\u00ebtar\u00ebsimit si interesi m\u00eb i mir\u00eb i qytetar\u00ebve shqiptar\u00eb.<\/p>\n<p>Ndaj dhe p\u00ebrsh\u00ebndes vendimin q\u00eb kan\u00eb marr\u00eb, i garantoj se ylli polar, nordi i qeveris\u00eb s\u00eb Aleanc\u00ebs p\u00ebr Shqip\u00ebrin\u00eb Madh\u00ebshtore, do t\u00eb jet\u00eb integrimi i bazuar n\u00eb merit\u00eb i Shqip\u00ebris\u00eb n\u00eb BE.<\/p>\n<p>Me Edi Ram\u00ebn nuk ka integrim. Me Edi Ram\u00ebn ka mashtrim, mashtrim dhe vet\u00ebm mashtrim\u201d, u shpreh Berisha.<\/p>\n","protected":false},"excerpt":{"rendered":"<p>Kryetari i PD, Sali Berisha, n\u00eb konferenc\u00ebn me gazetar\u00ebt akuzoi kryeministrin Edi Rama si \u201cg\u00ebnjeshtarin m\u00eb t\u00eb madh\u201d dhe ka kritikuar qeverisjen e tij p\u00ebr vonesat dhe mashtrimet lidhur me integrimin e Shqip\u00ebris\u00eb n\u00eb Bashkimin Europian. Berisha theksoi gjithashtu se, ndon\u00ebse Rama premtoi hapjen e negociatave n\u00eb 2017, ato u realizuan vet\u00ebm pas tet\u00eb vitesh, &hellip;<\/p>\n","protected":false},"author":4,"featured_media":107676,"comment_status":"closed","ping_status":"closed","sticky":false,"template":"","format":"standard","meta":{"footnotes":""},"categories":[37],"tags":[],"class_list":["post-107695","post","type-post","status-publish","format-standard","has-post-thumbnail","","category-politike"],"_links":{"self":[{"href":"https:\/\/rdnews.al\/index.php\/wp-json\/wp\/v2\/posts\/107695","targetHints":{"allow":["GET"]}}],"collection":[{"href":"https:\/\/rdnews.al\/index.php\/wp-json\/wp\/v2\/posts"}],"about":[{"href":"https:\/\/rdnews.al\/index.php\/wp-json\/wp\/v2\/types\/post"}],"author":[{"embeddable":true,"href":"https:\/\/rdnews.al\/index.php\/wp-json\/wp\/v2\/users\/4"}],"replies":[{"embeddable":true,"href":"https:\/\/rdnews.al\/index.php\/wp-json\/wp\/v2\/comments?post=107695"}],"version-history":[{"count":1,"href":"https:\/\/rdnews.al\/index.php\/wp-json\/wp\/v2\/posts\/107695\/revisions"}],"predecessor-version":[{"id":107696,"href":"https:\/\/rdnews.al\/index.php\/wp-json\/wp\/v2\/posts\/107695\/revisions\/107696"}],"wp:featuredmedia":[{"embeddable":true,"href":"https:\/\/rdnews.al\/index.php\/wp-json\/wp\/v2\/media\/107676"}],"wp:attachment":[{"href":"https:\/\/rdnews.al\/index.php\/wp-json\/wp\/v2\/media?parent=107695"}],"wp:term":[{"taxonomy":"category","embeddable":true,"href":"https:\/\/rdnews.al\/index.php\/wp-json\/wp\/v2\/categories?post=107695"},{"taxonomy":"post_tag","embeddable":true,"href":"https:\/\/rdnews.al\/index.php\/wp-json\/wp\/v2\/tags?post=107695"}],"curies":[{"name":"wp","href":"https:\/\/api.w.org\/{rel}","templated":true}]}}