{"id":107697,"date":"2025-03-19T12:25:50","date_gmt":"2025-03-19T12:25:50","guid":{"rendered":"https:\/\/rdnews.al\/?p=107697"},"modified":"2025-03-19T12:25:50","modified_gmt":"2025-03-19T12:25:50","slug":"berisha-edi-rama-faktoi-se-eshte-padrinoja-i-5d-ulziu-i-dha-helmin-erionit-ne-qeli","status":"publish","type":"post","link":"https:\/\/rdnews.al\/index.php\/2025\/03\/19\/berisha-edi-rama-faktoi-se-eshte-padrinoja-i-5d-ulziu-i-dha-helmin-erionit-ne-qeli\/","title":{"rendered":"Berisha: Edi Rama faktoi se \u00ebsht\u00eb padrinoja i \u201c5D\u201d! Ulziu i dha helmin Erionit n\u00eb qeli"},"content":{"rendered":"<p>Kryetari i PD, Sali Berisha ka denoncuar ashp\u00ebr skandalin e lidhur me nd\u00ebrtimin e hotelit m\u00eb luksoz n\u00eb Durr\u00ebs, duke e lidhur at\u00eb drejtp\u00ebrdrejt me Edi Ram\u00ebn dhe familjen e tij. Ai theksoi se Olsi Rama, v\u00ebllai i Edi Ram\u00ebs, ishte aksioneri kryesor i k\u00ebtij projekti, dhe se ai e kishte denoncuar k\u00ebt\u00eb fakt disa her\u00eb n\u00eb t\u00eb kaluar\u00ebn.<\/p>\n<p>\u201c\u00cbsht\u00eb nj\u00eb vendim i djesh\u00ebm ky, aktakuza m\u00eb e madhe p\u00ebr Edi Ram\u00ebn, \u00ebsht\u00eb akti q\u00eb d\u00ebshmon para \u00e7do shqiptari se njeriu prapa \u20185D\u2019 \u00ebsht\u00eb Edi Rama.<\/p>\n<p>Kthehemi k\u00ebtu bashk\u00eb kur doli \u00e7\u00ebshtja. Informata nga personel q\u00eb merrej me hotelin m\u00eb luksoz q\u00eb nd\u00ebrtohet n\u00eb Durr\u00ebs, erdh\u00ebn se aksioner kryesor n\u00eb k\u00ebt\u00eb hotel \u00ebsht\u00eb Olsi Rama, pra \u00ebsht\u00eb Edi Rama dhe un\u00eb ua thash\u00eb ju k\u00ebtu dhe un\u00eb e denoncova 2-3 her\u00eb k\u00ebt\u00eb fakt.<\/p>\n<p>Tani \u00e7far\u00eb ndodh? Erion Veliaj padyshim q\u00eb ishte p\u00ebrgjegj\u00ebs dhe ai n\u00eb \u20185D\u2019 dhe i zhytur thell\u00eb. N\u00eb fakt ishte Mazniku m\u00eb shum\u00eb. Nj\u00eb fakt duhet ta dini dhe ju. N\u00ebqoft\u00ebse midis Veliaj dhe Ram\u00ebs kishte nj\u00eb marr\u00ebdh\u00ebnie si midis nj\u00eb servili, por dhe rivali t\u00eb pabes\u00eb, njeriu i direkt i Edi Ram\u00ebs n\u00eb bashki ishte Mazniku.<\/p>\n<p>Mazniku ka firm\u00ebn 3-4 her\u00eb tek \u20185D\u2019 si autoritet kontraktues, e ka dhe Erioni n\u00eb 2-3 raste. Tani \u00e7far\u00eb ndodhi? A e dini ju \u00e7far\u00eb \u00ebsht\u00eb ai 200 mij\u00eb eurosh? \u00cbsht\u00eb shum\u00eb interesant. Ai 200 mij\u00eb euro \u00ebsht\u00eb nj\u00eb pages\u00eb q\u00eb p\u00ebrfaq\u00ebson nj\u00eb fond t\u00eb ngurt\u00ebsuar, t\u00eb cilat kompanit\u00eb jan\u00eb t\u00eb detyruar ta ngurt\u00ebsojn\u00eb si pun\u00eb sigurie, gjersa p\u00ebrfundojn\u00eb objektin dhe e marrin mbrapsh kur p\u00ebrfundon objekti. B\u00ebhet fjal\u00eb p\u00ebr rikonstruksionin e kiostudios.<\/p>\n<p>Por \u20185D\u2019 nuk ka p\u00ebrfunduar as gjysm\u00ebn e punimeve, se \u00ebsht\u00eb bllokuar dhe Edi Rama dje p\u00ebr t\u00eb ua mbyllur goj\u00ebn drejtor\u00ebve u d\u00ebrgoi parat\u00eb q\u00eb jan\u00eb t\u00eb konfiskuara dhe ato. Pra Edi Rama kreu nj\u00eb akt ekstrem. U ktheu parat\u00eb kompanis\u00eb s\u00eb inkriminuar \u20185D\u2019, duke d\u00ebshmuar, Erion Veliaj nga burgu, nuk ua kthente dot parat\u00eb, tani kryetar defakto i bashkis\u00eb \u00ebsht\u00eb Rama. Tani del se \u20185D\u2019 \u00ebsht\u00eb kompani me padrino kryesor Edi Ram\u00ebn.<\/p>\n<p>Ndaj dhe e d\u00ebrguan dosjen n\u00eb gjyq pa asnj\u00eb akuz\u00eb p\u00ebr Erion Veliajn, pa asnj\u00eb akuz\u00eb p\u00ebr Maznikun dhe pas asnj\u00eb akuz\u00eb p\u00ebr Edi Ram\u00ebn dhe Olsi Ram\u00ebn&#8230;<\/p>\n<p>&#8230;\u00cbsht\u00eb Uluziu. Uluziu shkoi i futi, i tha merre telefonin, ai i dha helmin. Atij mir\u00eb ja b\u00ebn\u00eb, po ti besosh Uluziut, q\u00eb \u00ebsht\u00eb standarti m\u00eb&#8230;\u201d, tha Berisha.<\/p>\n","protected":false},"excerpt":{"rendered":"<p>Kryetari i PD, Sali Berisha ka denoncuar ashp\u00ebr skandalin e lidhur me nd\u00ebrtimin e hotelit m\u00eb luksoz n\u00eb Durr\u00ebs, duke e lidhur at\u00eb drejtp\u00ebrdrejt me Edi Ram\u00ebn dhe familjen e tij. Ai theksoi se Olsi Rama, v\u00ebllai i Edi Ram\u00ebs, ishte aksioneri kryesor i k\u00ebtij projekti, dhe se ai e kishte denoncuar k\u00ebt\u00eb fakt disa &hellip;<\/p>\n","protected":false},"author":4,"featured_media":107686,"comment_status":"closed","ping_status":"closed","sticky":false,"template":"","format":"standard","meta":{"footnotes":""},"categories":[37],"tags":[],"class_list":["post-107697","post","type-post","status-publish","format-standard","has-post-thumbnail","","category-politike"],"_links":{"self":[{"href":"https:\/\/rdnews.al\/index.php\/wp-json\/wp\/v2\/posts\/107697","targetHints":{"allow":["GET"]}}],"collection":[{"href":"https:\/\/rdnews.al\/index.php\/wp-json\/wp\/v2\/posts"}],"about":[{"href":"https:\/\/rdnews.al\/index.php\/wp-json\/wp\/v2\/types\/post"}],"author":[{"embeddable":true,"href":"https:\/\/rdnews.al\/index.php\/wp-json\/wp\/v2\/users\/4"}],"replies":[{"embeddable":true,"href":"https:\/\/rdnews.al\/index.php\/wp-json\/wp\/v2\/comments?post=107697"}],"version-history":[{"count":1,"href":"https:\/\/rdnews.al\/index.php\/wp-json\/wp\/v2\/posts\/107697\/revisions"}],"predecessor-version":[{"id":107698,"href":"https:\/\/rdnews.al\/index.php\/wp-json\/wp\/v2\/posts\/107697\/revisions\/107698"}],"wp:featuredmedia":[{"embeddable":true,"href":"https:\/\/rdnews.al\/index.php\/wp-json\/wp\/v2\/media\/107686"}],"wp:attachment":[{"href":"https:\/\/rdnews.al\/index.php\/wp-json\/wp\/v2\/media?parent=107697"}],"wp:term":[{"taxonomy":"category","embeddable":true,"href":"https:\/\/rdnews.al\/index.php\/wp-json\/wp\/v2\/categories?post=107697"},{"taxonomy":"post_tag","embeddable":true,"href":"https:\/\/rdnews.al\/index.php\/wp-json\/wp\/v2\/tags?post=107697"}],"curies":[{"name":"wp","href":"https:\/\/api.w.org\/{rel}","templated":true}]}}