{"id":107699,"date":"2025-03-19T12:29:54","date_gmt":"2025-03-19T12:29:54","guid":{"rendered":"https:\/\/rdnews.al\/?p=107699"},"modified":"2025-03-19T12:30:12","modified_gmt":"2025-03-19T12:30:12","slug":"berisha-keto-4-muaj-kane-ndodhur-ndryshime-aq-te-medha-saqe-rama-eshte-shnderruar-ne-nje-kufome-politike","status":"publish","type":"post","link":"https:\/\/rdnews.al\/index.php\/2025\/03\/19\/berisha-keto-4-muaj-kane-ndodhur-ndryshime-aq-te-medha-saqe-rama-eshte-shnderruar-ne-nje-kufome-politike\/","title":{"rendered":"K\u00ebto 4 muaj kan\u00eb ndodhur ndryshime aq t\u00eb m\u00ebdha, saq\u00eb Rama \u00ebsht\u00eb shnd\u00ebrruar n\u00eb nj\u00eb kufom\u00eb politike"},"content":{"rendered":"<p>Kryetari i Partis\u00eb Demokratike, Sali Berisha, n\u00eb konferenc\u00ebn me gazetar\u00ebt, e cil\u00ebsoi Ram\u00ebn si nj\u00eb &#8220;kufom\u00eb politike&#8221;, duke e akuzuar p\u00ebr humbje t\u00eb mb\u00ebshtetjes dhe p\u00ebrpjekje t\u00eb d\u00ebshtuar p\u00ebr t\u00eb mbajtur pushtetin.<\/p>\n<p>Berisha theksoi ndryshimet e m\u00ebdha q\u00eb kan\u00eb ndodhur n\u00eb kat\u00ebr muajt e fundit, duke e p\u00ebrshkruar Ram\u00ebn si nj\u00eb figur\u00eb qesharake dhe t\u00eb paq\u00ebndrueshme.<\/p>\n<p>\u201cTani, q\u00eb t\u00eb jem i sinqert\u00eb, k\u00ebto 4 muaj kan\u00eb ndodhur ndryshime aq t\u00eb m\u00ebdha, saq\u00eb Rama \u00ebsht\u00eb shnd\u00ebrruar pothuajse n\u00eb nj\u00eb kufom\u00eb politike.<\/p>\n<p>N\u00eb qoft\u00eb se ke parasysh ti se ku ishte PD dhe ku \u00ebsht\u00eb sot, ndryshimi \u00ebsht\u00eb si nata me dit\u00ebn.<\/p>\n<p>Aleanca me ata q\u00eb kan\u00eb 26 p\u00ebrqind t\u00eb votave t\u00eb shqiptar\u00ebve \u00ebsht\u00eb goditja e dyt\u00eb m\u00eb e madhe q\u00eb ka marr\u00eb Edi Rama.<\/p>\n<p>Prerja e kok\u00ebs s\u00eb gjarprit Soros, q\u00eb detyroi Edi Ram\u00ebn t\u00eb fshij\u00eb t\u00eb gjitha fotot dhe detyroi Aleksin ta tall\u00eb duke i ripublikuar me k\u00ebrkes\u00eb t\u00eb popullit, thoshte Aleksi.<\/p>\n<p>P\u00ebrpjekjet e tij, k\u00ebrc\u00ebnimet e tij se do e shoh\u00ebsh ti nga Trump e kan\u00eb shnd\u00ebrruar Edi Ram\u00ebn n\u00eb nj\u00eb figur\u00eb qesharake, komike.<\/p>\n<p>Nj\u00eb dit\u00eb merret me gjumin e Lulit, nj\u00eb dit\u00eb merret me Halit ballistin, thot\u00eb ballisti u dashurua me ne, p\u00ebr Halit Valterin.<\/p>\n<p>Dit\u00ebn e tret\u00eb kthehet prap\u00eb tek Luli, a u zgjove apo nuk u zgjove dhe pastaj shkon e zhytet n\u00eb k\u00ebnet\u00eb, n\u00eb xhung\u00ebl, tek bretkosat, zhabat, hardhucat, gjarp\u00ebrinjt\u00eb.<\/p>\n<p>Pra, a mund t\u2019i thuash k\u00ebtij kryeminist\u00ebr? Nuk i thua dot kryeminist\u00ebr. N\u00eb fakt \u00ebsht\u00eb i pakallur. Dhe n\u00eb fakt, do marr\u00eb at\u00eb q\u00eb meriton.<\/p>\n<p>Edi Rama ka marr\u00eb fund. Qytetar\u00ebt po i presin bilet\u00ebn atij. Po, kan\u00eb qen\u00eb ato fjal\u00eb, por kan\u00eb qen\u00eb t\u00eb gjitha para k\u00ebtyre zhvillimeve.<\/p>\n<p>Po Chris LaCivita? E shkat\u00ebrroi. Kukull e Xhorxh Sorosit. Erdha k\u00ebtu p\u00ebr t\u00eb vazhduar pun\u00ebn e Trump.<\/p>\n<p>A shkallmoi ai dy dit\u00eb pas k\u00ebsaj deklarate?<\/p>\n<p>Imagjino po t\u00eb mos i binte me grusht tavolin\u00ebs, por me kok\u00eb, ku do ishte?<\/p>\n<p>Imagjino\u00a0 q\u00eb ajo humbje kontrolli nuk shfryhej me grusht, por me kok\u00eb. L\u00ebre mos e pyet. Shif e shkruaj!\u201d, tha Berisha.<\/p>\n","protected":false},"excerpt":{"rendered":"<p>Kryetari i Partis\u00eb Demokratike, Sali Berisha, n\u00eb konferenc\u00ebn me gazetar\u00ebt, e cil\u00ebsoi Ram\u00ebn si nj\u00eb &#8220;kufom\u00eb politike&#8221;, duke e akuzuar p\u00ebr humbje t\u00eb mb\u00ebshtetjes dhe p\u00ebrpjekje t\u00eb d\u00ebshtuar p\u00ebr t\u00eb mbajtur pushtetin. Berisha theksoi ndryshimet e m\u00ebdha q\u00eb kan\u00eb ndodhur n\u00eb kat\u00ebr muajt e fundit, duke e p\u00ebrshkruar Ram\u00ebn si nj\u00eb figur\u00eb qesharake dhe t\u00eb &hellip;<\/p>\n","protected":false},"author":4,"featured_media":107689,"comment_status":"closed","ping_status":"closed","sticky":false,"template":"","format":"standard","meta":{"footnotes":""},"categories":[37],"tags":[],"class_list":["post-107699","post","type-post","status-publish","format-standard","has-post-thumbnail","","category-politike"],"_links":{"self":[{"href":"https:\/\/rdnews.al\/index.php\/wp-json\/wp\/v2\/posts\/107699","targetHints":{"allow":["GET"]}}],"collection":[{"href":"https:\/\/rdnews.al\/index.php\/wp-json\/wp\/v2\/posts"}],"about":[{"href":"https:\/\/rdnews.al\/index.php\/wp-json\/wp\/v2\/types\/post"}],"author":[{"embeddable":true,"href":"https:\/\/rdnews.al\/index.php\/wp-json\/wp\/v2\/users\/4"}],"replies":[{"embeddable":true,"href":"https:\/\/rdnews.al\/index.php\/wp-json\/wp\/v2\/comments?post=107699"}],"version-history":[{"count":2,"href":"https:\/\/rdnews.al\/index.php\/wp-json\/wp\/v2\/posts\/107699\/revisions"}],"predecessor-version":[{"id":107701,"href":"https:\/\/rdnews.al\/index.php\/wp-json\/wp\/v2\/posts\/107699\/revisions\/107701"}],"wp:featuredmedia":[{"embeddable":true,"href":"https:\/\/rdnews.al\/index.php\/wp-json\/wp\/v2\/media\/107689"}],"wp:attachment":[{"href":"https:\/\/rdnews.al\/index.php\/wp-json\/wp\/v2\/media?parent=107699"}],"wp:term":[{"taxonomy":"category","embeddable":true,"href":"https:\/\/rdnews.al\/index.php\/wp-json\/wp\/v2\/categories?post=107699"},{"taxonomy":"post_tag","embeddable":true,"href":"https:\/\/rdnews.al\/index.php\/wp-json\/wp\/v2\/tags?post=107699"}],"curies":[{"name":"wp","href":"https:\/\/api.w.org\/{rel}","templated":true}]}}