{"id":107707,"date":"2025-03-19T12:49:26","date_gmt":"2025-03-19T12:49:26","guid":{"rendered":"https:\/\/rdnews.al\/?p=107707"},"modified":"2025-03-19T12:49:26","modified_gmt":"2025-03-19T12:49:26","slug":"berisha-rama-dhe-basha-e-nxoren-hapur-dashurine-e-fshehur-mes-tyre-zoti-ua-shtofte","status":"publish","type":"post","link":"https:\/\/rdnews.al\/index.php\/2025\/03\/19\/berisha-rama-dhe-basha-e-nxoren-hapur-dashurine-e-fshehur-mes-tyre-zoti-ua-shtofte\/","title":{"rendered":"Berisha: Rama dhe Basha e nxor\u00ebn hapur dashurin\u00eb e fshehur mes tyre, Zoti ua shtoft\u00eb!"},"content":{"rendered":"<p>Kryetari i PD, Sali Berisha komentoi afrimin mes Edi Ram\u00ebs dhe Lulzim Bash\u00ebs, duke e cil\u00ebsuar at\u00eb si nj\u00eb \u201cdashuri t\u00eb fshehur\u201d q\u00eb tani \u00ebsht\u00eb b\u00ebr\u00eb publike. Ai tha se kjo marr\u00ebdh\u00ebnie ka kaluar n\u00ebp\u00ebr faza, nga ajo latente deri tek dalja hapur n\u00eb publik.<\/p>\n<p>\u201cTani, at\u00eb q\u00eb e kishin t\u00eb fshehur e nxor\u00ebn hapur. Kaq mund t\u00eb them. Se dashurit\u00eb jan\u00eb me faza.<\/p>\n<p>Kan\u00eb faz\u00ebn latente, e kan\u00eb faz\u00ebn publike etj. Nuk ka gj\u00eb t\u00eb re.<\/p>\n<p>E kishin ata dhe dol\u00ebn publikisht. Zoti ua shtoft\u00eb!\u201d, tha Berisha.<\/p>\n","protected":false},"excerpt":{"rendered":"<p>Kryetari i PD, Sali Berisha komentoi afrimin mes Edi Ram\u00ebs dhe Lulzim Bash\u00ebs, duke e cil\u00ebsuar at\u00eb si nj\u00eb \u201cdashuri t\u00eb fshehur\u201d q\u00eb tani \u00ebsht\u00eb b\u00ebr\u00eb publike. Ai tha se kjo marr\u00ebdh\u00ebnie ka kaluar n\u00ebp\u00ebr faza, nga ajo latente deri tek dalja hapur n\u00eb publik. \u201cTani, at\u00eb q\u00eb e kishin t\u00eb fshehur e nxor\u00ebn hapur. &hellip;<\/p>\n","protected":false},"author":4,"featured_media":107679,"comment_status":"closed","ping_status":"closed","sticky":false,"template":"","format":"standard","meta":{"footnotes":""},"categories":[37],"tags":[],"class_list":["post-107707","post","type-post","status-publish","format-standard","has-post-thumbnail","","category-politike"],"_links":{"self":[{"href":"https:\/\/rdnews.al\/index.php\/wp-json\/wp\/v2\/posts\/107707","targetHints":{"allow":["GET"]}}],"collection":[{"href":"https:\/\/rdnews.al\/index.php\/wp-json\/wp\/v2\/posts"}],"about":[{"href":"https:\/\/rdnews.al\/index.php\/wp-json\/wp\/v2\/types\/post"}],"author":[{"embeddable":true,"href":"https:\/\/rdnews.al\/index.php\/wp-json\/wp\/v2\/users\/4"}],"replies":[{"embeddable":true,"href":"https:\/\/rdnews.al\/index.php\/wp-json\/wp\/v2\/comments?post=107707"}],"version-history":[{"count":1,"href":"https:\/\/rdnews.al\/index.php\/wp-json\/wp\/v2\/posts\/107707\/revisions"}],"predecessor-version":[{"id":107708,"href":"https:\/\/rdnews.al\/index.php\/wp-json\/wp\/v2\/posts\/107707\/revisions\/107708"}],"wp:featuredmedia":[{"embeddable":true,"href":"https:\/\/rdnews.al\/index.php\/wp-json\/wp\/v2\/media\/107679"}],"wp:attachment":[{"href":"https:\/\/rdnews.al\/index.php\/wp-json\/wp\/v2\/media?parent=107707"}],"wp:term":[{"taxonomy":"category","embeddable":true,"href":"https:\/\/rdnews.al\/index.php\/wp-json\/wp\/v2\/categories?post=107707"},{"taxonomy":"post_tag","embeddable":true,"href":"https:\/\/rdnews.al\/index.php\/wp-json\/wp\/v2\/tags?post=107707"}],"curies":[{"name":"wp","href":"https:\/\/api.w.org\/{rel}","templated":true}]}}