{"id":107711,"date":"2025-03-19T14:21:44","date_gmt":"2025-03-19T14:21:44","guid":{"rendered":"https:\/\/rdnews.al\/?p=107711"},"modified":"2025-03-19T14:21:52","modified_gmt":"2025-03-19T14:21:52","slug":"denoncimi-ne-rd-drejtoresha-e-tatimeve-ne-korce-presion-bizneseve-qe-te-votojne-kandidaten-e-ps","status":"publish","type":"post","link":"https:\/\/rdnews.al\/index.php\/2025\/03\/19\/denoncimi-ne-rd-drejtoresha-e-tatimeve-ne-korce-presion-bizneseve-qe-te-votojne-kandidaten-e-ps\/","title":{"rendered":"Denoncimi n\u00eb RD\/ Drejtoresha e Tatimeve n\u00eb Kor\u00e7\u00eb, presion bizneseve q\u00eb t\u00eb votojn\u00eb kandidaten e PS"},"content":{"rendered":"<p>T\u00eb gjith\u00eb krer\u00ebt e administrat\u00ebs n\u00eb fushat\u00eb p\u00ebr vota p\u00ebr PS. Qytear\u00ebt thon\u00eb se nuk kan\u00eb besim t\u00eb denoncojn\u00eb n\u00eb SPAK pasi u b\u00ebhet pulik emri dhe ndaj tyre nis hakmarrja, ndaj preferojn\u00eb mediat e opozit\u00ebs.<\/p>\n<p>Vet\u00eb SPAK mund t\u00eb konfirmoj\u00eb k\u00ebto akuza q\u00eb b\u00ebhen duke ndjekur gjurm\u00ebt e qelizave t\u00eb celular\u00ebve t\u00eb k\u00ebtyre drejtor\u00ebve q\u00eb po shkelin ligjin duke b\u00ebr\u00eb fushat\u00eb p\u00ebr Partin\u00eb.<\/p>\n<p><strong>Denoncimi<\/strong><\/p>\n<p>\u201cDua t\u00eb denoncoj nje afere me zgjedhjet. Drejtoresha e Tatimeve n\u00eb Kor\u00e7\u00eb, Daniela Li\u00e7i b\u00ebn gjith\u00eb dit\u00eb fushat\u00eb p\u00ebr kandidaten e PS, Besa Spaho.<\/p>\n<p>Nuk e gjen asnj\u00ebher\u00eb n\u00eb zyr\u00eb Drejtoresh\u00ebn sepse \u00ebsht\u00eb n\u00eb terren p\u00ebr vota. Tatimet n\u00eb Kor\u00e7\u00eb jan\u00eb n\u00eb dispozicion t\u00eb fushat\u00ebs. Ajo p\u00ebr b\u00ebn\u00eb fusjhat\u00eb dhe k\u00ebrkon vota n\u00eb \u00e7do biznes p\u00ebr kandidaten, Besa Spaho. Bile i thot\u00eb q\u00eb shikoni \u00a0sa vota t\u00eb tjera keni p\u00ebrve\u00e7 votave personale.<\/p>\n<p>\u201cTa votojm\u00eb Bes\u00ebn se \u00ebsht\u00eb \u00e7up\u00eb e mir\u00eb\u201d, thon\u00eb ata.<\/p>\n<p>Po ju them se kjo Drejtoresha e Tatimeve n\u00eb Kor\u00e7\u00eb ka me vite q\u00eb \u00ebsht\u00eb e komanduar q\u00eb kur kap\u00ebn dhe fut\u00ebn n\u00eb burg ish-drejtorin. Kjo \u00ebsht\u00eb kush\u00ebrir\u00eb e ministres Evis Kushi dhe motra e ish drejtorit t\u00eb portit t\u00eb Durr\u00ebsit.<\/p>\n<p>Kurse kjo kandidatja e PS \u00ebsht\u00eb n\u00ebnkryetare e Bashkis\u00eb Kor\u00e7\u00eb, ka qen\u00eb drejtoresh\u00eb e Hipotek\u00ebs n\u00eb Kor\u00e7\u00eb dhe ka punuar m\u00eb par\u00eb p\u00ebr hajdutin e Aluiznit Artan Lame n\u00eb Tiran\u00eb p\u00ebr shum\u00eb vite. Ne jemi demokrat\u00eb dhe nuk duam t\u00eb votojm\u00eb PS por k\u00ebta mund t\u00eb na k\u00ebrkojn\u00eb nes\u00ebr edhe prova q\u00eb kemi votuar. Ata n\u00eb SPAK than\u00eb q\u00eb t\u00eb denoncojm\u00eb por edhe atje kemi frik\u00eb se na del emri. T\u00eb lutem b\u00ebje publike\u201d, p\u00ebrfundon mesazhin qytetari q\u00eb k\u00ebrkon t\u00eb mbetet anonim.<\/p>\n","protected":false},"excerpt":{"rendered":"<p>T\u00eb gjith\u00eb krer\u00ebt e administrat\u00ebs n\u00eb fushat\u00eb p\u00ebr vota p\u00ebr PS. Qytear\u00ebt thon\u00eb se nuk kan\u00eb besim t\u00eb denoncojn\u00eb n\u00eb SPAK pasi u b\u00ebhet pulik emri dhe ndaj tyre nis hakmarrja, ndaj preferojn\u00eb mediat e opozit\u00ebs. Vet\u00eb SPAK mund t\u00eb konfirmoj\u00eb k\u00ebto akuza q\u00eb b\u00ebhen duke ndjekur gjurm\u00ebt e qelizave t\u00eb celular\u00ebve t\u00eb k\u00ebtyre drejtor\u00ebve &hellip;<\/p>\n","protected":false},"author":3,"featured_media":107712,"comment_status":"closed","ping_status":"closed","sticky":false,"template":"","format":"standard","meta":{"footnotes":""},"categories":[37],"tags":[],"class_list":["post-107711","post","type-post","status-publish","format-standard","has-post-thumbnail","","category-politike"],"_links":{"self":[{"href":"https:\/\/rdnews.al\/index.php\/wp-json\/wp\/v2\/posts\/107711","targetHints":{"allow":["GET"]}}],"collection":[{"href":"https:\/\/rdnews.al\/index.php\/wp-json\/wp\/v2\/posts"}],"about":[{"href":"https:\/\/rdnews.al\/index.php\/wp-json\/wp\/v2\/types\/post"}],"author":[{"embeddable":true,"href":"https:\/\/rdnews.al\/index.php\/wp-json\/wp\/v2\/users\/3"}],"replies":[{"embeddable":true,"href":"https:\/\/rdnews.al\/index.php\/wp-json\/wp\/v2\/comments?post=107711"}],"version-history":[{"count":2,"href":"https:\/\/rdnews.al\/index.php\/wp-json\/wp\/v2\/posts\/107711\/revisions"}],"predecessor-version":[{"id":107714,"href":"https:\/\/rdnews.al\/index.php\/wp-json\/wp\/v2\/posts\/107711\/revisions\/107714"}],"wp:featuredmedia":[{"embeddable":true,"href":"https:\/\/rdnews.al\/index.php\/wp-json\/wp\/v2\/media\/107712"}],"wp:attachment":[{"href":"https:\/\/rdnews.al\/index.php\/wp-json\/wp\/v2\/media?parent=107711"}],"wp:term":[{"taxonomy":"category","embeddable":true,"href":"https:\/\/rdnews.al\/index.php\/wp-json\/wp\/v2\/categories?post=107711"},{"taxonomy":"post_tag","embeddable":true,"href":"https:\/\/rdnews.al\/index.php\/wp-json\/wp\/v2\/tags?post=107711"}],"curies":[{"name":"wp","href":"https:\/\/api.w.org\/{rel}","templated":true}]}}