{"id":107721,"date":"2025-03-19T17:35:15","date_gmt":"2025-03-19T17:35:15","guid":{"rendered":"https:\/\/rdnews.al\/?p=107721"},"modified":"2025-03-19T17:35:15","modified_gmt":"2025-03-19T17:35:15","slug":"kushtetuesja-pranon-kerkesen-e-gazetarit-qyno-per-objektin-e-padise","status":"publish","type":"post","link":"https:\/\/rdnews.al\/index.php\/2025\/03\/19\/kushtetuesja-pranon-kerkesen-e-gazetarit-qyno-per-objektin-e-padise\/","title":{"rendered":"Kushtetuesja pranon k\u00ebrkes\u00ebn e gazetarit Qyno p\u00ebr objektin e padis\u00eb"},"content":{"rendered":"<p><strong><em>Gjykata Kushtetuese pranoi gjat\u00eb nj\u00eb seance t\u00eb shkurt\u00ebr k\u00ebrkes\u00ebn e avokatit t\u00eb gazetarit Elton Qyno p\u00ebr t\u00eb ndryshuar objektin e padis\u00eb, duke shtuar k\u00ebrkes\u00ebn p\u00ebr fshirje t\u00eb kopjeve virtuale t\u00eb telefonave q\u00eb ishin sekuestruar. Si pal\u00eb e interesuar, SPAK k\u00ebrkoi koh\u00eb p\u00ebr t\u00eb argumentuar mbi ndryshimin.<\/em><\/strong><\/p>\n<p>Gjykata Kushtetuese pranoi gjat\u00eb nj\u00eb seance t\u00eb shkurt\u00ebr t\u00eb m\u00ebrkur\u00ebn k\u00ebrkes\u00ebn e avokatit Dorian Matlija q\u00eb p\u00ebrfaq\u00ebson gazetarin e Ora News, Elton Qyno p\u00ebr t\u00eb ndryshuar objektin e padis\u00eb, duke shtuar k\u00ebrkes\u00ebn p\u00ebr fshirje t\u00eb kopjeve virtuale t\u00eb telefonave q\u00eb ishin sekuestruar me vendim t\u00eb Gjykat\u00ebs s\u00eb Posa\u00e7me n\u00eb dhjetor t\u00eb vitit 2023.<\/p>\n<p>Qyno ka paditur n\u00eb Kushtetuese vendimet e Gjykat\u00ebs s\u00eb Posa\u00e7me p\u00ebr sekuestrimin e pajisjeve elektronike n\u00eb pron\u00ebsi t\u00eb tij, kontrollin n\u00eb sht\u00ebpi dhe kontrollin personal pas nj\u00eb hetimi t\u00eb nisur nga SPAK p\u00ebr nxjerrje t\u00eb sekretit hetimor.<\/p>\n<p>N\u00eb padi, Qyno k\u00ebrkon shfuqizimin e vendimmarrjeve q\u00eb soll\u00ebn k\u00ebto vendime, duke i cil\u00ebsuar ato n\u00eb shkelje t\u00eb lirive dhe t\u00eb drejtave t\u00eb njeriut. Avokati Matlija tha se mbajtja n\u00eb sekuestro e mjeteve elektronike dhe kopjeve virtuale t\u00eb tyre c\u00ebnonte lirin\u00eb e gazetarit dhe rrezikonte ekspozimin e burimeve. N\u00eb seanc\u00eb, Matlija paraqiti k\u00ebrkes\u00ebn p\u00ebr ndryshim t\u00eb objektit duke shtuar se pasi ishin v\u00ebn\u00eb n\u00eb dijeni t\u00eb ekzistenc\u00ebs s\u00eb kopjeve virtuale t\u00eb t\u00eb dh\u00ebnave n\u00eb telefona k\u00ebrkohej edhe shkat\u00ebrrimi i tyre.<\/p>\n<p>Gjykata pas nj\u00eb nd\u00ebrprerje t\u00eb shkurt\u00ebr e pranoi k\u00ebt\u00eb k\u00ebrkes\u00eb, duke e cil\u00ebsuar t\u00eb lidhur me k\u00ebrkesat e m\u00ebhershme p\u00ebr shfuqizim t\u00eb vendimeve gjyq\u00ebsore q\u00eb soll\u00ebn sekuestron.<\/p>\n<p><span style=\"font-style: inherit; font-weight: inherit;\">P\u00ebrfaq\u00ebsuesit e Prokuroris\u00eb s\u00eb Posa\u00e7me, Bledar Maksuti dhe Olsi Dado k\u00ebrkuan koh\u00eb p\u00ebr t\u2019iu p\u00ebrgjigjur k\u00ebrkimit t\u00eb ri. Gjykata pranoi k\u00ebrkes\u00ebn dhe shtyu seanc\u00ebn p\u00ebr n\u00eb dat\u00ebn 2 prill, nd\u00ebrsa u dha koh\u00eb pal\u00ebve p\u00ebr t\u00eb paraqitur p\u00ebrgjigje me shkrim deri n\u00eb dat\u00ebn 26 mars.<\/span><\/p>\n<p>Gazetari Elton Qyno u mor n\u00eb pyetje n\u00eb dhjetor 2023 p\u00ebr rrjedhjen n\u00eb media t\u00eb materialeve nga nj\u00eb dosje hetimore p\u00ebr nj\u00eb s\u00ebr\u00eb krimesh t\u00eb r\u00ebnda, nd\u00ebrsa pas nj\u00eb kontrolli n\u00eb sht\u00ebpin\u00eb e tij, Prokuroria sekuestroi celular\u00ebt dhe mjetet elektronike. Qyno e ka kund\u00ebrshtuar vendimmarrjen si shkelje e t\u00eb drejtave t\u00eb tij si gazetar.<\/p>\n<p>N\u00eb n\u00ebntor t\u00eb vitit t\u00eb kaluar, Gjykata e Posa\u00e7me vendosi mas\u00ebn e detyrimit p\u00ebr paraqitje p\u00ebr Qynon p\u00ebr vepr\u00ebn e korrupsionit pasiv n\u00eb sektorin privat, mbi baz\u00ebn e nj\u00eb procedimi t\u00eb regjistruar nga Prokuroria e Posa\u00e7me p\u00ebr organizat\u00ebn kriminale t\u00eb drejtuar nga Suel \u00c7ela. N\u00eb janar, Gjykata e Posa\u00e7me e Apelit e rr\u00ebzoi mas\u00ebn e siguris\u00eb s\u00eb vendosur nga shkalla e par\u00eb.\/BIRN<\/p>\n","protected":false},"excerpt":{"rendered":"<p>Gjykata Kushtetuese pranoi gjat\u00eb nj\u00eb seance t\u00eb shkurt\u00ebr k\u00ebrkes\u00ebn e avokatit t\u00eb gazetarit Elton Qyno p\u00ebr t\u00eb ndryshuar objektin e padis\u00eb, duke shtuar k\u00ebrkes\u00ebn p\u00ebr fshirje t\u00eb kopjeve virtuale t\u00eb telefonave q\u00eb ishin sekuestruar. Si pal\u00eb e interesuar, SPAK k\u00ebrkoi koh\u00eb p\u00ebr t\u00eb argumentuar mbi ndryshimin. Gjykata Kushtetuese pranoi gjat\u00eb nj\u00eb seance t\u00eb shkurt\u00ebr t\u00eb &hellip;<\/p>\n","protected":false},"author":4,"featured_media":107722,"comment_status":"closed","ping_status":"closed","sticky":false,"template":"","format":"standard","meta":{"footnotes":""},"categories":[37],"tags":[],"class_list":["post-107721","post","type-post","status-publish","format-standard","has-post-thumbnail","","category-politike"],"_links":{"self":[{"href":"https:\/\/rdnews.al\/index.php\/wp-json\/wp\/v2\/posts\/107721","targetHints":{"allow":["GET"]}}],"collection":[{"href":"https:\/\/rdnews.al\/index.php\/wp-json\/wp\/v2\/posts"}],"about":[{"href":"https:\/\/rdnews.al\/index.php\/wp-json\/wp\/v2\/types\/post"}],"author":[{"embeddable":true,"href":"https:\/\/rdnews.al\/index.php\/wp-json\/wp\/v2\/users\/4"}],"replies":[{"embeddable":true,"href":"https:\/\/rdnews.al\/index.php\/wp-json\/wp\/v2\/comments?post=107721"}],"version-history":[{"count":1,"href":"https:\/\/rdnews.al\/index.php\/wp-json\/wp\/v2\/posts\/107721\/revisions"}],"predecessor-version":[{"id":107723,"href":"https:\/\/rdnews.al\/index.php\/wp-json\/wp\/v2\/posts\/107721\/revisions\/107723"}],"wp:featuredmedia":[{"embeddable":true,"href":"https:\/\/rdnews.al\/index.php\/wp-json\/wp\/v2\/media\/107722"}],"wp:attachment":[{"href":"https:\/\/rdnews.al\/index.php\/wp-json\/wp\/v2\/media?parent=107721"}],"wp:term":[{"taxonomy":"category","embeddable":true,"href":"https:\/\/rdnews.al\/index.php\/wp-json\/wp\/v2\/categories?post=107721"},{"taxonomy":"post_tag","embeddable":true,"href":"https:\/\/rdnews.al\/index.php\/wp-json\/wp\/v2\/tags?post=107721"}],"curies":[{"name":"wp","href":"https:\/\/api.w.org\/{rel}","templated":true}]}}