{"id":107726,"date":"2025-03-19T17:44:55","date_gmt":"2025-03-19T17:44:55","guid":{"rendered":"https:\/\/rdnews.al\/?p=107726"},"modified":"2025-03-19T17:45:38","modified_gmt":"2025-03-19T17:45:38","slug":"rrezohen-premtimet-e-rames-per-integrimin-be-shtyn-pa-afat-procesin-e-negociatave-deklarata","status":"publish","type":"post","link":"https:\/\/rdnews.al\/index.php\/2025\/03\/19\/rrezohen-premtimet-e-rames-per-integrimin-be-shtyn-pa-afat-procesin-e-negociatave-deklarata\/","title":{"rendered":"Deklarata\/ Rr\u00ebzohen premtimet e Ram\u00ebs p\u00ebr integrimin: BE shtyn pa afat procesin e negociatave"},"content":{"rendered":"<p>Pas 12 viteve n\u00eb pushtet, kryeministri Edi Rama po p\u00ebrdor integrimin n\u00eb BE si i vetmi premtim, duke u p\u00ebrpjekur t\u2019i atribuoj\u00eb vetes meritat e k\u00ebtij procesi.<\/p>\n<p>Por shuplaka p\u00ebr kryeministrin Edi Rama duket se ka ardhur nga Brukseli, q\u00eb p\u00ebrball\u00eb deklaratave elektorale t\u00eb kryeministrit shqiptar, ka vendosur shtyrjen pa afat t\u00eb \u00e7eljes s\u00eb dy grupkapuitujve t\u00eb radh\u00ebs dhe dy konferencave nd\u00ebrqeveritare. Presidenca polake nuk ka bindur dot shtetet an\u00ebtare q\u00eb kan\u00eb k\u00ebmb\u00ebngulur q\u00eb hapat e tjer\u00eb t\u00eb nd\u00ebrlidhen me zgjedhjet e 11 Majit.<\/p>\n<p>Dje n\u00eb Bruksel ministrja Majlinda Dhuka, nj\u00ebher\u00ebsh kryenegociatore p\u00ebr Shqip\u00ebrin\u00eb dhe ministrja e Shtetit p\u00ebr Administat\u00ebn Adea Pirdeni nuk arrit\u00ebn t\u00eb bindnin dot ambasador\u00ebt e 27 shteteve an\u00ebtare, p\u00ebr t\u00eb vijuar negociatat e an\u00ebtar\u00ebsimit dhe dy konferenca e parashikuara n\u00eb muajin mars dhe prill jan\u00eb shtyr\u00eb pa afat.<\/p>\n<p>Diplomat\u00eb t\u00eb lart\u00eb polak\u00eb n\u00eb Bruksel konfirmuan p\u00ebr Syri TV shtyrjen pa afat t\u00eb konferenc\u00ebs nd\u00ebrqeveritare, duke konfirmuar q\u00ebndrimin e Bashkimit Evropian p\u00ebr t\u00eb vijuar me procesin e zgjerimit.<\/p>\n<p><em><strong>\u201cZgjerimi \u00ebsht\u00eb sigurisht nj\u00eb prioritet p\u00ebr Presidenc\u00ebn polake. Ne jemi t\u00eb p\u00ebrkushtuar t\u00eb b\u00ebjm\u00eb p\u00ebrparim t\u00eb bazuar n\u00eb merita me t\u00eb gjith\u00eb kandidat\u00ebt q\u00eb negociojn\u00eb p\u00ebr an\u00ebtar\u00ebsim, p\u00ebrfshir\u00eb Shqip\u00ebrin\u00eb. Shpresojm\u00eb t\u00eb hapim grupe t\u00eb tjera kapitujsh me Shqip\u00ebrin\u00eb k\u00ebt\u00eb semest\u00ebr, pasi K\u00ebshilli t\u00eb miratoj\u00eb q\u00ebndrimet e p\u00ebrbashk\u00ebta p\u00ebrkat\u00ebse. Megjithat\u00eb, ne nuk kemi konfirmuar ende nj\u00eb dat\u00eb p\u00ebr nj\u00eb Konferenc\u00eb Nd\u00ebrqeveritare me Shqip\u00ebrin\u00eb.\u201d<\/strong><\/em><\/p>\n<p>Bashk\u00eb me \u00e7eljen e dy grupkapitujve t\u00eb radh\u00ebs, Bashkimi Evropian ka shtyr\u00eb edhe miratimin e progress-raportit q\u00eb tashm\u00eb do t\u00eb jet\u00eb i lidhur me zgjedhjet e 11 majit, ku nga Shqip\u00ebria k\u00ebrkohet respektimi I standardeve t\u00eb vendosura nga OSBE-ODIHR.\/Syri Tv<\/p>\n<p><img loading=\"lazy\" decoding=\"async\" class=\"alignnone size-medium wp-image-1521977\" src=\"https:\/\/boldnews.al\/wp-content\/uploads\/2025\/03\/auto_Screenshot_31742391063-640x624.jpg\" sizes=\"auto, (max-width: 640px) 100vw, 640px\" srcset=\"https:\/\/boldnews.al\/wp-content\/uploads\/2025\/03\/auto_Screenshot_31742391063-640x624.jpg 640w, https:\/\/boldnews.al\/wp-content\/uploads\/2025\/03\/auto_Screenshot_31742391063-750x732.jpg 750w, https:\/\/boldnews.al\/wp-content\/uploads\/2025\/03\/auto_Screenshot_31742391063.jpg 900w\" alt=\"\" width=\"640\" height=\"624\" data-pin-no-hover=\"true\" \/><\/p>\n","protected":false},"excerpt":{"rendered":"<p>Pas 12 viteve n\u00eb pushtet, kryeministri Edi Rama po p\u00ebrdor integrimin n\u00eb BE si i vetmi premtim, duke u p\u00ebrpjekur t\u2019i atribuoj\u00eb vetes meritat e k\u00ebtij procesi. Por shuplaka p\u00ebr kryeministrin Edi Rama duket se ka ardhur nga Brukseli, q\u00eb p\u00ebrball\u00eb deklaratave elektorale t\u00eb kryeministrit shqiptar, ka vendosur shtyrjen pa afat t\u00eb \u00e7eljes s\u00eb dy &hellip;<\/p>\n","protected":false},"author":4,"featured_media":107727,"comment_status":"closed","ping_status":"closed","sticky":false,"template":"","format":"standard","meta":{"footnotes":""},"categories":[37],"tags":[],"class_list":["post-107726","post","type-post","status-publish","format-standard","has-post-thumbnail","","category-politike"],"_links":{"self":[{"href":"https:\/\/rdnews.al\/index.php\/wp-json\/wp\/v2\/posts\/107726","targetHints":{"allow":["GET"]}}],"collection":[{"href":"https:\/\/rdnews.al\/index.php\/wp-json\/wp\/v2\/posts"}],"about":[{"href":"https:\/\/rdnews.al\/index.php\/wp-json\/wp\/v2\/types\/post"}],"author":[{"embeddable":true,"href":"https:\/\/rdnews.al\/index.php\/wp-json\/wp\/v2\/users\/4"}],"replies":[{"embeddable":true,"href":"https:\/\/rdnews.al\/index.php\/wp-json\/wp\/v2\/comments?post=107726"}],"version-history":[{"count":2,"href":"https:\/\/rdnews.al\/index.php\/wp-json\/wp\/v2\/posts\/107726\/revisions"}],"predecessor-version":[{"id":107729,"href":"https:\/\/rdnews.al\/index.php\/wp-json\/wp\/v2\/posts\/107726\/revisions\/107729"}],"wp:featuredmedia":[{"embeddable":true,"href":"https:\/\/rdnews.al\/index.php\/wp-json\/wp\/v2\/media\/107727"}],"wp:attachment":[{"href":"https:\/\/rdnews.al\/index.php\/wp-json\/wp\/v2\/media?parent=107726"}],"wp:term":[{"taxonomy":"category","embeddable":true,"href":"https:\/\/rdnews.al\/index.php\/wp-json\/wp\/v2\/categories?post=107726"},{"taxonomy":"post_tag","embeddable":true,"href":"https:\/\/rdnews.al\/index.php\/wp-json\/wp\/v2\/tags?post=107726"}],"curies":[{"name":"wp","href":"https:\/\/api.w.org\/{rel}","templated":true}]}}