{"id":107730,"date":"2025-03-19T17:51:11","date_gmt":"2025-03-19T17:51:11","guid":{"rendered":"https:\/\/rdnews.al\/?p=107730"},"modified":"2025-03-19T17:51:11","modified_gmt":"2025-03-19T17:51:11","slug":"bllokimi-i-anetaresimit-ne-be-nesho-europa-e-ka-kuptuar-qe-situata-ne-shqiperi-eshte-katastrofe","status":"publish","type":"post","link":"https:\/\/rdnews.al\/index.php\/2025\/03\/19\/bllokimi-i-anetaresimit-ne-be-nesho-europa-e-ka-kuptuar-qe-situata-ne-shqiperi-eshte-katastrofe\/","title":{"rendered":"Bllokimi i an\u00ebtar\u00ebsimit n\u00eb BE\/ Nesho: Europa e ka kuptuar q\u00eb situata n\u00eb Shqip\u00ebri \u00ebsht\u00eb katastrof\u00eb!"},"content":{"rendered":"<p>Ambasadori Agim Nesho ka folur n\u00eb lidhje me bllokimin e hapjes s\u00eb dy grup-kapitujve t\u00eb Shqip\u00ebris\u00eb p\u00ebr t\u00eb avancuar drejt an\u00ebtar\u00ebsimit n\u00eb BE.<\/p>\n<p>Nesho tha se, Europa e ka kuptuar q\u00eb situata reale n\u00eb Shqip\u00ebri \u00ebsht\u00eb nj\u00eb katastrof\u00eb.<\/p>\n<p>\u201cTashm\u00eb edhe n\u00eb vendet e Europ\u00ebs po e kuptojn\u00eb se \u00e7far\u00eb po ndodh n\u00eb Shqip\u00ebri. Ky \u00ebsht\u00eb nj\u00eb q\u00ebndrim politik. Rama ka gjetur di\u00e7ka p\u00ebr t\u00eb shitur tek opinion publik duke th\u00ebn\u00eb un\u00eb i kam plot\u00ebsuar pyeni komisionin. Rama mund t\u00eb gjej\u00eb dhe 2 ose 3 veta q\u00eb mund t\u2019i b\u00ebjn\u00eb fresk p\u00ebr momentet elektorale, por vendet an\u00ebtare t\u00eb Europ\u00ebs gjithmon\u00eb e m\u00eb shum\u00eb e kan\u00eb kuptuar q\u00eb situat\u00eb reale n\u00eb Shqip\u00ebri \u00ebsht\u00eb nj\u00eb katastrof\u00eb\u201d, tha Nesho n\u00eb \u2018Task Force\u2019 n\u00eb syritv.<\/p>\n<p>&nbsp;<\/p>\n","protected":false},"excerpt":{"rendered":"<p>Ambasadori Agim Nesho ka folur n\u00eb lidhje me bllokimin e hapjes s\u00eb dy grup-kapitujve t\u00eb Shqip\u00ebris\u00eb p\u00ebr t\u00eb avancuar drejt an\u00ebtar\u00ebsimit n\u00eb BE. Nesho tha se, Europa e ka kuptuar q\u00eb situata reale n\u00eb Shqip\u00ebri \u00ebsht\u00eb nj\u00eb katastrof\u00eb. \u201cTashm\u00eb edhe n\u00eb vendet e Europ\u00ebs po e kuptojn\u00eb se \u00e7far\u00eb po ndodh n\u00eb Shqip\u00ebri. Ky \u00ebsht\u00eb &hellip;<\/p>\n","protected":false},"author":4,"featured_media":3053,"comment_status":"closed","ping_status":"closed","sticky":false,"template":"","format":"standard","meta":{"footnotes":""},"categories":[37],"tags":[],"class_list":["post-107730","post","type-post","status-publish","format-standard","has-post-thumbnail","","category-politike"],"_links":{"self":[{"href":"https:\/\/rdnews.al\/index.php\/wp-json\/wp\/v2\/posts\/107730","targetHints":{"allow":["GET"]}}],"collection":[{"href":"https:\/\/rdnews.al\/index.php\/wp-json\/wp\/v2\/posts"}],"about":[{"href":"https:\/\/rdnews.al\/index.php\/wp-json\/wp\/v2\/types\/post"}],"author":[{"embeddable":true,"href":"https:\/\/rdnews.al\/index.php\/wp-json\/wp\/v2\/users\/4"}],"replies":[{"embeddable":true,"href":"https:\/\/rdnews.al\/index.php\/wp-json\/wp\/v2\/comments?post=107730"}],"version-history":[{"count":1,"href":"https:\/\/rdnews.al\/index.php\/wp-json\/wp\/v2\/posts\/107730\/revisions"}],"predecessor-version":[{"id":107731,"href":"https:\/\/rdnews.al\/index.php\/wp-json\/wp\/v2\/posts\/107730\/revisions\/107731"}],"wp:featuredmedia":[{"embeddable":true,"href":"https:\/\/rdnews.al\/index.php\/wp-json\/wp\/v2\/media\/3053"}],"wp:attachment":[{"href":"https:\/\/rdnews.al\/index.php\/wp-json\/wp\/v2\/media?parent=107730"}],"wp:term":[{"taxonomy":"category","embeddable":true,"href":"https:\/\/rdnews.al\/index.php\/wp-json\/wp\/v2\/categories?post=107730"},{"taxonomy":"post_tag","embeddable":true,"href":"https:\/\/rdnews.al\/index.php\/wp-json\/wp\/v2\/tags?post=107730"}],"curies":[{"name":"wp","href":"https:\/\/api.w.org\/{rel}","templated":true}]}}