{"id":107732,"date":"2025-03-19T18:27:52","date_gmt":"2025-03-19T18:27:52","guid":{"rendered":"https:\/\/rdnews.al\/?p=107732"},"modified":"2025-03-19T18:27:52","modified_gmt":"2025-03-19T18:27:52","slug":"berisha-prona-dhe-pronesia-jane-shtylla-kryesore-te-parimeve-konservatore","status":"publish","type":"post","link":"https:\/\/rdnews.al\/index.php\/2025\/03\/19\/berisha-prona-dhe-pronesia-jane-shtylla-kryesore-te-parimeve-konservatore\/","title":{"rendered":"Berisha: Prona dhe pron\u00ebsia jan\u00eb shtylla kryesore t\u00eb parimeve konservatore!"},"content":{"rendered":"<p>Kryetari i Partis\u00eb Demokratike, Sali Berisha ka prezantuar programin e qeverisjes 2025-2029 p\u00ebr pron\u00ebn.<\/p>\n<p>Gjat\u00eb fjal\u00ebs s\u00eb tij, Berisha theksoi se \u2018prona dhe pron\u00ebsia, jan\u00eb shtylla kryesore t\u00eb parimeve konservatore\u2019 dhe se \u2018n\u00eb diktatur\u00eb u krijua antiprona\u2019.<\/p>\n<p>\u201cMir\u00ebmbr\u00ebma dhe nj\u00eb p\u00ebrsh\u00ebndetje t\u00eb p\u00ebrzem\u00ebrt ju, zonja dhe zot\u00ebrinj n\u00eb k\u00ebt\u00eb paraqitje t\u00eb programit p\u00ebr pron\u00ebn. Nj\u00eb fal\u00ebnderim dhe mir\u00ebnnjohje p\u00ebr panelist\u00ebt p\u00ebr pun\u00ebn q\u00eb kan\u00eb b\u00ebr\u00eb.<\/p>\n<p>Prona dhe pron\u00ebsia, e drejta e saj, jan\u00eb nj\u00eb nga shtyllat m\u00eb kryesore t\u00eb parimeve dhe t\u00eb mendimit konservator. Jan\u00eb t\u00eb pandara nga liria e individit. Jan\u00eb t\u00eb pandara nga sistemi i iniciativ\u00ebs s\u00eb lir\u00eb, stabilitetit dhe zhvillimit t\u00eb nj\u00eb vendi.<\/p>\n<p>P\u00ebr ata q\u00eb kan\u00eb p\u00ebrjetuar diktatur\u00ebn komuniste, n\u00eb qoft\u00eb se ka patur dy drejtime n\u00eb t\u00eb cilat kjo diktatur\u00eb ia doli, nj\u00ebra ishte drejtimi i krijimit t\u00eb nj\u00eb shtrese shum\u00eb t\u00eb gjer\u00eb ateiste nga frika n\u00eb popullin shqiptar. Persekutimi i eg\u00ebr i klerik\u00ebce dhe i t\u00eb tjer\u00ebve. Nd\u00ebshkimet e hapura t\u00eb riteve fetare. Pjes\u00ebn tjet\u00ebr t\u00eb popullat\u00ebs e n\u00ebnshtroi dhe b\u00ebri q\u00eb n\u00eb nj\u00eb m\u00ebnyr\u00eb ose n\u00eb nj\u00eb tjet\u00ebr t\u00eb heqin dor\u00eb nga besimi tek Zoti.<\/p>\n<p>Kjo evidentohet edhe sot, ku n\u00eb regjistrimin e popullat\u00ebs, nj\u00eb pjes\u00eb e madhe e shqiptar\u00ebve regjistrohen ateist\u00eb, kur para diktatur\u00ebs ata kurr\u00eb nuk kan\u00eb qen\u00eb t\u00eb till\u00eb.<\/p>\n<p>Por duhet ta pranojm\u00eb se, nj\u00eb sukses t\u00eb ngjash\u00ebm pati diktatura edhe me qendrimin ndaj pron\u00ebs. N\u00eb manifestin e Karl Marksit, i cili \u00ebsht\u00eb absolutisht filozofi i terrorizmit planetar, prona private shpallet \u2018mother matrix\u2019, n\u00ebna e t\u00eb gjitha t\u00eb k\u00ebqijave , dhe shkat\u00ebrrimi i saj shpallet si objektivi m\u00eb madhor i sistemit komunist.<\/p>\n<p>\u00c7far\u00eb ndodhi n\u00eb at\u00eb sistem? Se tani, edhe nuk ia vlen t\u00eb kujtohet, por ato kan\u00eb patur pasqyrime t\u00eb m\u00ebdha prapa. N\u00eb at\u00eb sistem u b\u00eb krenari t\u00eb thuhej q\u00eb kam qen\u00eb i varf\u00ebr, u b\u00eb krenari t\u00eb thuhej q\u00eb reforma nuk m\u00eb ka prekur gj\u00eb n\u00eb biografi, u b\u00eb krenari t\u00eb thuhej se ishe m\u00eb i mb\u00ebshtetur.<\/p>\n<p>Pra, a krijoi diktatura nj\u00eb mend\u00ebsi antipron\u00eb private? Po, e krijoi, nuk mund t\u00eb mohohet. Dhe ky mentalitet, kjo psikologji, a vazhdoi kjo pas r\u00ebnies s\u00eb ditkatur\u00ebs komuniste? Vazhdoi dhe \u00ebsht\u00eb, jo n\u00eb fuqi, por \u00ebsht\u00eb e gjall\u00eb edhe sot.<\/p>\n<p>Ligjet e para q\u00eb miratuam, ishin ligje t\u00eb diktuara, sigurisht nj\u00eb realitet tjet\u00ebr ekzistonte, i v\u00ebshtir\u00eb. Por, absolutisht miqt\u00eb e mi, ato ishin ligje t\u00eb diktuara nga ajo psikologji antipron\u00eb, n\u00eb t\u00eb cilat kufizohej n\u00eb 5 mij\u00eb metra, n\u00eb 10 mij\u00eb metra njohja, kthimi dhe n\u00eb shum\u00eb aspekte transformimi i Shqip\u00ebris\u00eb n\u00eb nj\u00eb rezervat njer\u00ebzor e b\u00ebnte shum\u00eb t\u00eb v\u00ebshtir\u00eb rikthimin e menj\u00ebhersh\u00ebm t\u00eb tokave pronar\u00ebve.<\/p>\n<p>Por, po t\u00eb mos ishte kjo psikologji, jam shum\u00eb i sigurt q\u00eb ligji 7501 nuk do ishte ky q\u00eb \u00ebsht\u00eb.<\/p>\n<p>Pra, ligji 7501, nj\u00eb ligj i padrejt\u00eb ndaj pron\u00ebs, u diktua s\u00eb pari nga realitet ku 75% e shqiptar\u00ebve ishin ngujuar n\u00eb fshat, dhe t\u2019ua hiqje tok\u00ebn mbeteshin vet\u00ebm me qiellin mbuluar, por asnj\u00eb diskutim q\u00eb ai p\u00ebrcaktim, ai ligj kishte n\u00eb baz\u00eb dhe psikologjin\u00eb e hapur antipron\u00eb. Pra, kjo n\u00eb qendrimin ndaj pronar\u00ebve\u201d, u shpreh Berisha.<\/p>\n","protected":false},"excerpt":{"rendered":"<p>Kryetari i Partis\u00eb Demokratike, Sali Berisha ka prezantuar programin e qeverisjes 2025-2029 p\u00ebr pron\u00ebn. Gjat\u00eb fjal\u00ebs s\u00eb tij, Berisha theksoi se \u2018prona dhe pron\u00ebsia, jan\u00eb shtylla kryesore t\u00eb parimeve konservatore\u2019 dhe se \u2018n\u00eb diktatur\u00eb u krijua antiprona\u2019. \u201cMir\u00ebmbr\u00ebma dhe nj\u00eb p\u00ebrsh\u00ebndetje t\u00eb p\u00ebrzem\u00ebrt ju, zonja dhe zot\u00ebrinj n\u00eb k\u00ebt\u00eb paraqitje t\u00eb programit p\u00ebr pron\u00ebn. Nj\u00eb &hellip;<\/p>\n","protected":false},"author":4,"featured_media":107733,"comment_status":"closed","ping_status":"closed","sticky":false,"template":"","format":"standard","meta":{"footnotes":""},"categories":[37],"tags":[],"class_list":["post-107732","post","type-post","status-publish","format-standard","has-post-thumbnail","","category-politike"],"_links":{"self":[{"href":"https:\/\/rdnews.al\/index.php\/wp-json\/wp\/v2\/posts\/107732","targetHints":{"allow":["GET"]}}],"collection":[{"href":"https:\/\/rdnews.al\/index.php\/wp-json\/wp\/v2\/posts"}],"about":[{"href":"https:\/\/rdnews.al\/index.php\/wp-json\/wp\/v2\/types\/post"}],"author":[{"embeddable":true,"href":"https:\/\/rdnews.al\/index.php\/wp-json\/wp\/v2\/users\/4"}],"replies":[{"embeddable":true,"href":"https:\/\/rdnews.al\/index.php\/wp-json\/wp\/v2\/comments?post=107732"}],"version-history":[{"count":1,"href":"https:\/\/rdnews.al\/index.php\/wp-json\/wp\/v2\/posts\/107732\/revisions"}],"predecessor-version":[{"id":107734,"href":"https:\/\/rdnews.al\/index.php\/wp-json\/wp\/v2\/posts\/107732\/revisions\/107734"}],"wp:featuredmedia":[{"embeddable":true,"href":"https:\/\/rdnews.al\/index.php\/wp-json\/wp\/v2\/media\/107733"}],"wp:attachment":[{"href":"https:\/\/rdnews.al\/index.php\/wp-json\/wp\/v2\/media?parent=107732"}],"wp:term":[{"taxonomy":"category","embeddable":true,"href":"https:\/\/rdnews.al\/index.php\/wp-json\/wp\/v2\/categories?post=107732"},{"taxonomy":"post_tag","embeddable":true,"href":"https:\/\/rdnews.al\/index.php\/wp-json\/wp\/v2\/tags?post=107732"}],"curies":[{"name":"wp","href":"https:\/\/api.w.org\/{rel}","templated":true}]}}