{"id":107735,"date":"2025-03-19T18:31:29","date_gmt":"2025-03-19T18:31:29","guid":{"rendered":"https:\/\/rdnews.al\/?p=107735"},"modified":"2025-03-19T18:31:29","modified_gmt":"2025-03-19T18:31:29","slug":"berisha-nga-2014-deri-sot-jane-trajtuar-vetem-800-dosje-rama-nje-vullnet-per-te-mos-zgjidhur-problemin-e-prones","status":"publish","type":"post","link":"https:\/\/rdnews.al\/index.php\/2025\/03\/19\/berisha-nga-2014-deri-sot-jane-trajtuar-vetem-800-dosje-rama-nje-vullnet-per-te-mos-zgjidhur-problemin-e-prones\/","title":{"rendered":"Berisha: Nga 2014 deri sot jan\u00eb trajtuar vet\u00ebm 800 dosje! Rama nj\u00eb vullnet p\u00ebr t\u00eb mos zgjidhur problemin e pron\u00ebs"},"content":{"rendered":"<p>Kryetari i Partis\u00eb Demokratike, Sali Berisha duke folur n\u00eb takimin e prezantimit t\u00eb programit p\u00ebr pron\u00ebn, ka akuzuar qeverin\u00eb e Edi Ram\u00ebs se, ka nj\u00eb vullnet p\u00ebr t\u00eb mos zgjidhur k\u00ebt\u00eb problem.<\/p>\n<p>Sipas Berish\u00ebs, gjat\u00eb qeverisjes s\u00eb Ram\u00ebs, prej vitit 2014 e gjer sot jan\u00eb trajtuar vet\u00ebm 800 dosje, nga 24 mij\u00eb dosje q\u00eb jan\u00eb aktualisht.<\/p>\n<p>\u201cPartia Demokratike, duke miratuar ligje q\u00eb nuk i dhan\u00eb p\u00ebrgjigjen e drejt\u00eb rikthimin e drejt\u00eb t\u00eb tok\u00ebs te pronar\u00ebt, ajo b\u00ebri hapa gjigante, sa asnj\u00eb forc\u00eb tjet\u00ebr politike n\u00eb Europ\u00ebn ish-komuniste me banesat. Ajo b\u00ebri pronar\u00eb shqiptar\u00ebt t\u00eb banesave ku kishin jetuar t\u00eb 224 mij\u00eb apartamenteve t\u00eb nd\u00ebrtuara n\u00eb 50 vite.<\/p>\n<p>N\u00eb nj\u00eb m\u00ebnyr\u00eb, ose nj\u00eb tjet\u00ebr krijoi fermat e vogla n\u00eb fshat, por prap ajo hodhi hapa t\u00eb drejta p\u00ebr kompensimin fizik t\u00eb pron\u00ebs dhe filloi ta aplikoj\u00eb n\u00eb bashk\u00ebpunim me pronar\u00ebt at\u00eb skem\u00eb.<\/p>\n<p>N\u00eb vitet 2005-2013, nuk u korrigjuan t\u00eb gjitha ligjet, por shum\u00eb nga kufizimet u hoq\u00ebn. Dhe ajo \u00e7\u2019ka mund t\u00eb them un\u00eb, Agjencia e Kthimit dhe e Kompensimit t\u00eb Pronave ktheu faktikisht 106 mij\u00eb hektar\u00eb tok\u00eb, nga t\u00eb cilat mbi 14 mij\u00eb truall, t\u00eb tjera tok\u00eb bujq\u00ebsore, kullota.<\/p>\n<p>Kjo agjenci, me nj\u00eb pun\u00eb efikase arriti t\u00eb rikthej\u00eb qindra e qindra objekte, dhe t\u00eb d\u00ebmshp\u00ebrblej\u00eb financiarisht ish-pronar\u00ebt me 37 milion\u00eb euro. Agjencia, p\u00ebrve\u00e7 k\u00ebtyre, p\u00ebrzgjodhi 71 mij\u00eb hektar\u00eb tok\u00eb publike p\u00ebr t\u00eb kompensuar pronar\u00ebt.<\/p>\n<p>Pra, krijoi nj\u00eb fond v\u00ebrtet t\u00eb fuqish\u00ebm p\u00ebr kompensimin e pronar\u00ebve p\u00ebr tokat q\u00eb nuk i kishin m\u00eb.<\/p>\n<p>Nga viti 2014 gjer sot jan\u00eb kthyer gjithsej, jan\u00eb zgjidhur gjithsej 800 dosje. \u00cbsht\u00eb b\u00ebr\u00eb gjith\u00e7ka q\u00eb kthimi dhe kompensimi i pronave t\u00eb pengohet n\u00eb shkall\u00ebn m\u00eb maksimale. Nga 26 mij\u00eb dosje, jan\u00eb zgjidhur gjithsej 800 dosje.<\/p>\n<p>Jo vet\u00ebm kaq. Pra, d\u00ebshmia e nj\u00eb vullneti p\u00ebr t\u00eb mos zgjidhur problemin e pronave\u201d, tha Berisha.<\/p>\n","protected":false},"excerpt":{"rendered":"<p>Kryetari i Partis\u00eb Demokratike, Sali Berisha duke folur n\u00eb takimin e prezantimit t\u00eb programit p\u00ebr pron\u00ebn, ka akuzuar qeverin\u00eb e Edi Ram\u00ebs se, ka nj\u00eb vullnet p\u00ebr t\u00eb mos zgjidhur k\u00ebt\u00eb problem. Sipas Berish\u00ebs, gjat\u00eb qeverisjes s\u00eb Ram\u00ebs, prej vitit 2014 e gjer sot jan\u00eb trajtuar vet\u00ebm 800 dosje, nga 24 mij\u00eb dosje q\u00eb jan\u00eb &hellip;<\/p>\n","protected":false},"author":4,"featured_media":107736,"comment_status":"closed","ping_status":"closed","sticky":false,"template":"","format":"standard","meta":{"footnotes":""},"categories":[37],"tags":[],"class_list":["post-107735","post","type-post","status-publish","format-standard","has-post-thumbnail","","category-politike"],"_links":{"self":[{"href":"https:\/\/rdnews.al\/index.php\/wp-json\/wp\/v2\/posts\/107735","targetHints":{"allow":["GET"]}}],"collection":[{"href":"https:\/\/rdnews.al\/index.php\/wp-json\/wp\/v2\/posts"}],"about":[{"href":"https:\/\/rdnews.al\/index.php\/wp-json\/wp\/v2\/types\/post"}],"author":[{"embeddable":true,"href":"https:\/\/rdnews.al\/index.php\/wp-json\/wp\/v2\/users\/4"}],"replies":[{"embeddable":true,"href":"https:\/\/rdnews.al\/index.php\/wp-json\/wp\/v2\/comments?post=107735"}],"version-history":[{"count":1,"href":"https:\/\/rdnews.al\/index.php\/wp-json\/wp\/v2\/posts\/107735\/revisions"}],"predecessor-version":[{"id":107737,"href":"https:\/\/rdnews.al\/index.php\/wp-json\/wp\/v2\/posts\/107735\/revisions\/107737"}],"wp:featuredmedia":[{"embeddable":true,"href":"https:\/\/rdnews.al\/index.php\/wp-json\/wp\/v2\/media\/107736"}],"wp:attachment":[{"href":"https:\/\/rdnews.al\/index.php\/wp-json\/wp\/v2\/media?parent=107735"}],"wp:term":[{"taxonomy":"category","embeddable":true,"href":"https:\/\/rdnews.al\/index.php\/wp-json\/wp\/v2\/categories?post=107735"},{"taxonomy":"post_tag","embeddable":true,"href":"https:\/\/rdnews.al\/index.php\/wp-json\/wp\/v2\/tags?post=107735"}],"curies":[{"name":"wp","href":"https:\/\/api.w.org\/{rel}","templated":true}]}}