{"id":107738,"date":"2025-03-19T18:52:54","date_gmt":"2025-03-19T18:52:54","guid":{"rendered":"https:\/\/rdnews.al\/?p=107738"},"modified":"2025-03-19T18:52:54","modified_gmt":"2025-03-19T18:52:54","slug":"berisha-edi-rama-shfrytezoi-detyren-si-kryeminister-per-tu-bere-pronar-i-nje-siperfaqeje-te-madhe-toke-pa-asnje-dokument","status":"publish","type":"post","link":"https:\/\/rdnews.al\/index.php\/2025\/03\/19\/berisha-edi-rama-shfrytezoi-detyren-si-kryeminister-per-tu-bere-pronar-i-nje-siperfaqeje-te-madhe-toke-pa-asnje-dokument\/","title":{"rendered":"Berisha: Edi Rama shfryt\u00ebzoi detyr\u00ebn si kryeminist\u00ebr p\u00ebr t\u2019u b\u00ebr\u00eb pronar i nj\u00eb sip\u00ebrfaqeje t\u00eb madhe toke, pa asnj\u00eb dokument"},"content":{"rendered":"<p>Gjat\u00eb fjal\u00ebs s\u00eb mbajtur n\u00eb prezantimin e programit p\u00ebr pronat, kryetari i PD, Sali Berisha ka akuzuar Edi Ram\u00ebn, se duke shfryt\u00ebzuar detyr\u00ebn e tij si kryeminist\u00ebr \u00ebsht\u00eb b\u00ebr\u00eb pronar i nj\u00eb sip\u00ebrfaqe t\u00eb madhe toke n\u00eb zon\u00ebn e Dh\u00ebrmiut.<\/p>\n<p>\u201cPor k\u00ebto vite, kan\u00eb qen\u00eb vitet e pla\u00e7kitjes m\u00eb t\u00eb madhe t\u00eb pron\u00ebs q\u00eb nga vitet \u201946.<\/p>\n<p>Nj\u00eb lukuni e t\u00ebr\u00eb zyrtar\u00ebsh, me n\u00eb krye Edi Ram\u00ebn, u v\u00ebrsul\u00ebn mbi pronat private n\u00eb t\u00eb kat\u00ebrta an\u00ebt e vendit.<\/p>\n<p>Vet\u00eb Edi Rama, shfryt\u00ebzoi marrjen e detyr\u00ebs s\u00eb kryeministrit p\u00ebr t\u2019u b\u00ebr\u00eb pronar i nj\u00eb sip\u00ebrfaqeje t\u00eb madhe toke n\u00eb Himar\u00eb, pa asnj\u00eb dokument kadastral, pa asnj\u00eb dokument konfiskimi nga regjimi komunist, pa asnj\u00eb dokument kadastral nga kadastrat e shkuara.<\/p>\n<p>Me d\u00ebshmi t\u00eb rreme, me akte falsifikatore, dokumentet e familjes t\u00eb t\u00eb cilit faktojn\u00eb se st\u00ebrgjyshi i tij, Thomai, kishte gjith\u00ebsej 4 dhi. Kaq i pasur ishte, dhe Spiro Koleka deklaron se nuk keni patur asnj\u00eb pron\u00eb tjet\u00ebr. Dhe, kjo nuk ishte vet\u00ebm nj\u00eb familje, sepse Spiro ishte me shkoll\u00eb.<\/p>\n<p>Nush\u00ebrt, me t\u00eb cil\u00ebt i ka marr\u00eb tokat, nga varf\u00ebria kishin ardhur n\u00eb Tiran\u00eb. Kjo \u00ebsht\u00eb e v\u00ebrteta. Jan\u00eb dokumente.<\/p>\n<p>Dhe tani n\u00eb nj\u00eb akt t\u00eb pad\u00ebgjuar ndonj\u00ebher\u00eb, drejtori i Arkiv\u00ebs Shtet\u00ebrore na del deputet i partis\u00eb falsifikatore. Kjo \u00ebsht\u00eb e v\u00ebrteta.<\/p>\n<p>Po ky njeri, me firm\u00ebn e tij, i jep t\u00eb v\u00ebllait 38 mij\u00eb m2 tok\u00eb t\u00eb pronar\u00ebve t\u00eb Tiran\u00ebs, te Rrapi i Treshit. I v\u00ebllai \u00ebsht\u00eb drejtori, a menaxheri i klubit Partizani, i jep gjoja skuadr\u00ebs.<\/p>\n<p>Olta Xha\u00e7ka, merr 10 mij\u00eb m2 tok\u00eb publike, kurse ky, ka rrezik shum\u00eb q\u00eb t\u00eb jet\u00eb nj\u00eb pjes\u00eb e kish\u00ebs. Nga toka q\u00eb kan\u00eb marr\u00eb k\u00ebta, nuk p\u00ebrjashtohet mund\u00ebsia q\u00eb nj\u00eb pjes\u00eb \u00ebsht\u00eb e kish\u00ebs. Me gjithat\u00eb, po e hetojm\u00eb, po e shohim.<\/p>\n<p>Pra, u v\u00ebrsul\u00ebn n\u00eb m\u00ebnyr\u00eb t\u00eb pangopur t\u00eb b\u00ebhen pronar\u00eb. Ligji i Korporat\u00ebs s\u00eb Investimeve \u00ebsht\u00eb ligji shkat\u00ebrrimtar i pron\u00ebs. \u00cbsht\u00eb ligji i vitit 1946.<\/p>\n<p>E kam theksuar, ua tregoj prap. Nj\u00eb grup financiar i fuqish\u00ebm m\u00eb kontaktoi kur isha kryeminist\u00ebr, dhe premtoi nj\u00eb investim 15 miliard\u00eb euro. Duke punuar me ta, konstatoj se ata kishin k\u00ebt\u00eb projekt. Dhe iu thash\u00eb, se kjo nuk mund t\u00eb ndodh\u00eb kurr\u00eb. Q\u00eb un\u00eb, t\u00eb autorizoj veten me ligj q\u00eb t\u2019ua marr tok\u00ebn t\u00eb tjer\u00ebve, harroje se ndodh kjo!<\/p>\n<p>N\u00eb qoft\u00eb se k\u00ebta multimiliarder\u00ebt duan t\u00eb investojn\u00eb parat\u00eb e tyre, jan\u00eb shum\u00eb t\u00eb mir\u00ebpritur, le t\u2019i blejn\u00eb tokat me pronar\u00ebt, t\u00eb mbajn\u00eb marr\u00ebveshjet me pronar\u00ebt. Po ajo, nuk mund t\u00eb ndodh\u00eb n\u00eb nj\u00eb sistem demokratik.<\/p>\n<p>Ik\u00ebm ne nga pushteti, ai, me at\u00eb ligj, edhe m\u00eb keq se sa kishin paraqitur ata, e vetojn\u00eb n\u00eb parlament dhe ai ligj e autorizon at\u00eb. Fillimisht, e autorizonte nga Velipoja tek Kepi i Still\u00ebs. Tani, e\u00a0autorizon n\u00eb t\u00eb gjith\u00eb territorin e Shqip\u00ebris\u00eb. Kudo q\u00eb t\u2019i vej\u00eb syrin qeveria dhe trafikant\u00ebt e tij, ai ka autorizimin ta konfiskoj\u00eb tok\u00ebn me \u00e7mimin q\u00eb do\u201d u shpreh Berisha.<\/p>\n","protected":false},"excerpt":{"rendered":"<p>Gjat\u00eb fjal\u00ebs s\u00eb mbajtur n\u00eb prezantimin e programit p\u00ebr pronat, kryetari i PD, Sali Berisha ka akuzuar Edi Ram\u00ebn, se duke shfryt\u00ebzuar detyr\u00ebn e tij si kryeminist\u00ebr \u00ebsht\u00eb b\u00ebr\u00eb pronar i nj\u00eb sip\u00ebrfaqe t\u00eb madhe toke n\u00eb zon\u00ebn e Dh\u00ebrmiut. \u201cPor k\u00ebto vite, kan\u00eb qen\u00eb vitet e pla\u00e7kitjes m\u00eb t\u00eb madhe t\u00eb pron\u00ebs q\u00eb nga &hellip;<\/p>\n","protected":false},"author":4,"featured_media":107739,"comment_status":"closed","ping_status":"closed","sticky":false,"template":"","format":"standard","meta":{"footnotes":""},"categories":[37],"tags":[],"class_list":["post-107738","post","type-post","status-publish","format-standard","has-post-thumbnail","","category-politike"],"_links":{"self":[{"href":"https:\/\/rdnews.al\/index.php\/wp-json\/wp\/v2\/posts\/107738","targetHints":{"allow":["GET"]}}],"collection":[{"href":"https:\/\/rdnews.al\/index.php\/wp-json\/wp\/v2\/posts"}],"about":[{"href":"https:\/\/rdnews.al\/index.php\/wp-json\/wp\/v2\/types\/post"}],"author":[{"embeddable":true,"href":"https:\/\/rdnews.al\/index.php\/wp-json\/wp\/v2\/users\/4"}],"replies":[{"embeddable":true,"href":"https:\/\/rdnews.al\/index.php\/wp-json\/wp\/v2\/comments?post=107738"}],"version-history":[{"count":1,"href":"https:\/\/rdnews.al\/index.php\/wp-json\/wp\/v2\/posts\/107738\/revisions"}],"predecessor-version":[{"id":107740,"href":"https:\/\/rdnews.al\/index.php\/wp-json\/wp\/v2\/posts\/107738\/revisions\/107740"}],"wp:featuredmedia":[{"embeddable":true,"href":"https:\/\/rdnews.al\/index.php\/wp-json\/wp\/v2\/media\/107739"}],"wp:attachment":[{"href":"https:\/\/rdnews.al\/index.php\/wp-json\/wp\/v2\/media?parent=107738"}],"wp:term":[{"taxonomy":"category","embeddable":true,"href":"https:\/\/rdnews.al\/index.php\/wp-json\/wp\/v2\/categories?post=107738"},{"taxonomy":"post_tag","embeddable":true,"href":"https:\/\/rdnews.al\/index.php\/wp-json\/wp\/v2\/tags?post=107738"}],"curies":[{"name":"wp","href":"https:\/\/api.w.org\/{rel}","templated":true}]}}