{"id":107741,"date":"2025-03-19T18:57:20","date_gmt":"2025-03-19T18:57:20","guid":{"rendered":"https:\/\/rdnews.al\/?p=107741"},"modified":"2025-03-19T18:57:20","modified_gmt":"2025-03-19T18:57:20","slug":"berisha-olta-xhacka-mori-10-mije-metra-katror-toke-publike-nje-pjese-i-takon-kishes","status":"publish","type":"post","link":"https:\/\/rdnews.al\/index.php\/2025\/03\/19\/berisha-olta-xhacka-mori-10-mije-metra-katror-toke-publike-nje-pjese-i-takon-kishes\/","title":{"rendered":"Berisha: Olta Xha\u00e7ka mori 10 mij\u00eb metra katror tok\u00eb publike, nj\u00eb pjes\u00eb i takon Kish\u00ebs"},"content":{"rendered":"<p>Kreu i PD, Sali Berisha prezantoi programin p\u00ebr pronat, duke th\u00ebn\u00eb se prona dhe pron\u00ebsia, jan\u00eb shtylla kryesore t\u00eb parimeve konservatore.<\/p>\n<p>N\u00eb fjal\u00ebn e tij, Berisha akuzoi qeverin\u00eb se u v\u00ebrsul\u00ebn n\u00eb m\u00ebnyr\u00eb t\u00eb pangopur p\u00ebr t\u2019u b\u00ebr\u00eb pronar\u00eb. Ai tha se vet\u00ebm Olta Xha\u00e7ka mori 10 mij\u00eb metra katror tok\u00eb publike, ku nj\u00eb pjes\u00eb i takon kish\u00ebs.<\/p>\n<p>\u201cOlta Xha\u00e7ka merr 10 mij\u00eb metra katror tok\u00eb publike, nga toka q\u00eb kan\u00eb marr\u00eb k\u00ebta nj\u00eb pjes\u00eb \u00ebsht\u00eb e kish\u00ebs. Por po hetohet. U v\u00ebrsul\u00ebn n\u00eb m\u00ebnyr\u00eb t\u00eb pangopur p\u00ebr tu b\u00ebr\u00eb pronar\u00eb. Ligji i korporat\u00ebs s\u00eb investimeve \u00ebsht\u00eb ligji shkat\u00ebrrimtar i pron\u00ebs, \u00ebsht\u00eb ligji i viti 1946. Nj\u00eb grup financiar i fuqish\u00ebm m\u00eb kontaktoi kur isha kryeminist\u00ebr dhe premtoi investim 15 mld euro. Duke punuar me ta konstatoj se ata kishin k\u00ebt\u00eb projekt.<\/p>\n<p>Un\u00eb i thash\u00eb q\u00eb kjo nuk mund t\u00eb ndodh\u00eb kurr\u00eb, q\u00eb un\u00eb t\u00eb autorizoj veten me ligj dhe t\u2019ia marr tok\u00ebn t\u00eb tjer\u00ebve, harroje t\u00eb ndodh\u00eb. N\u00ebse k\u00ebta miliarder\u00eb duan t\u00eb investojn\u00eb parat\u00eb e tyre jan\u00eb t\u00eb mir\u00ebpritur, ti blejn\u00eb tokat me pronar\u00ebt t\u00eb b\u00ebjn\u00eb marr\u00ebveshje me pronar\u00ebt. Ik\u00ebm ne nga pushteti, ai t\u00eb ligj e votoi n\u00eb parlament dhe ai ligj e autorizon at\u00eb. Kudo q\u00eb ti ver\u00eb syrin qeveria dhe trafikant\u00ebt e tij ai ka autorizimin ta konfiskoj\u00eb tok\u00ebn me \u00e7mimin q\u00eb do. N\u00eb nj\u00eb dalje un\u00eb iu kam b\u00ebr\u00eb t\u00eb qart\u00eb atyre t\u00eb cil\u00ebt b\u00ebhen p\u00ebrfitues nga ky ligj se nuk do ti njihet asnj\u00eb p\u00ebrfitim, p\u00ebrkundrazi do t\u00eb gjuhet bashk\u00ebpunim n\u00eb nj\u00eb krim t\u00eb madh\u201d, tha Berisha.<\/p>\n","protected":false},"excerpt":{"rendered":"<p>Kreu i PD, Sali Berisha prezantoi programin p\u00ebr pronat, duke th\u00ebn\u00eb se prona dhe pron\u00ebsia, jan\u00eb shtylla kryesore t\u00eb parimeve konservatore. N\u00eb fjal\u00ebn e tij, Berisha akuzoi qeverin\u00eb se u v\u00ebrsul\u00ebn n\u00eb m\u00ebnyr\u00eb t\u00eb pangopur p\u00ebr t\u2019u b\u00ebr\u00eb pronar\u00eb. Ai tha se vet\u00ebm Olta Xha\u00e7ka mori 10 mij\u00eb metra katror tok\u00eb publike, ku nj\u00eb pjes\u00eb &hellip;<\/p>\n","protected":false},"author":4,"featured_media":4635,"comment_status":"closed","ping_status":"closed","sticky":false,"template":"","format":"standard","meta":{"footnotes":""},"categories":[37],"tags":[],"class_list":["post-107741","post","type-post","status-publish","format-standard","has-post-thumbnail","","category-politike"],"_links":{"self":[{"href":"https:\/\/rdnews.al\/index.php\/wp-json\/wp\/v2\/posts\/107741","targetHints":{"allow":["GET"]}}],"collection":[{"href":"https:\/\/rdnews.al\/index.php\/wp-json\/wp\/v2\/posts"}],"about":[{"href":"https:\/\/rdnews.al\/index.php\/wp-json\/wp\/v2\/types\/post"}],"author":[{"embeddable":true,"href":"https:\/\/rdnews.al\/index.php\/wp-json\/wp\/v2\/users\/4"}],"replies":[{"embeddable":true,"href":"https:\/\/rdnews.al\/index.php\/wp-json\/wp\/v2\/comments?post=107741"}],"version-history":[{"count":1,"href":"https:\/\/rdnews.al\/index.php\/wp-json\/wp\/v2\/posts\/107741\/revisions"}],"predecessor-version":[{"id":107742,"href":"https:\/\/rdnews.al\/index.php\/wp-json\/wp\/v2\/posts\/107741\/revisions\/107742"}],"wp:featuredmedia":[{"embeddable":true,"href":"https:\/\/rdnews.al\/index.php\/wp-json\/wp\/v2\/media\/4635"}],"wp:attachment":[{"href":"https:\/\/rdnews.al\/index.php\/wp-json\/wp\/v2\/media?parent=107741"}],"wp:term":[{"taxonomy":"category","embeddable":true,"href":"https:\/\/rdnews.al\/index.php\/wp-json\/wp\/v2\/categories?post=107741"},{"taxonomy":"post_tag","embeddable":true,"href":"https:\/\/rdnews.al\/index.php\/wp-json\/wp\/v2\/tags?post=107741"}],"curies":[{"name":"wp","href":"https:\/\/api.w.org\/{rel}","templated":true}]}}