{"id":107746,"date":"2025-03-19T19:20:23","date_gmt":"2025-03-19T19:20:23","guid":{"rendered":"https:\/\/rdnews.al\/?p=107746"},"modified":"2025-03-19T19:20:45","modified_gmt":"2025-03-19T19:20:45","slug":"107746","status":"publish","type":"post","link":"https:\/\/rdnews.al\/index.php\/2025\/03\/19\/107746\/","title":{"rendered":"Berisha: Pronar\u00ebve u b\u00ebhet presion me mafioz\u00eb, me shtet, p\u00ebr t\u2019iu marr\u00eb pronat ku po nd\u00ebrtohet n\u00eb Tiran\u00eb"},"content":{"rendered":"<p>Kryetari i PD, Sali Berisha, gjat\u00eb fjal\u00ebs s\u00eb tij, n\u00eb panelin e programit p\u00ebr pronat, theksoi faktin se, n\u00eb Tiran\u00eb po ushtrohet presion ndaj pronar\u00ebve t\u00eb toka, nga mafia dhe shteti, me q\u00ebllim q\u00eb t\u00eb nd\u00ebrtohen kulla.<\/p>\n<p>Berisha theksoi se, prona private, do mund t\u00eb zhvillohet mbi baz\u00ebn e interesave t\u00eb pronarit dhe para s\u00eb gjithash, interesave t\u00eb pronarit.<\/p>\n<p>\u201cNormat e vler\u00ebsimit dhe t\u00eb kompensimit do t\u00eb jen\u00eb ato t\u00eb tregut dhe vet\u00ebm t\u00eb tregut.<\/p>\n<p>Prona private, do mund t\u00eb zhvillohet mbi baz\u00ebn e interesave t\u00eb pronarit dhe para s\u00eb gjithash, interesave t\u00eb pronarit.<\/p>\n<p>N\u00eb qoft\u00eb se, paskemi nj\u00eb projekt te Asllan Rusi, jepu pronar\u00ebve 40, 50% t\u00eb atij projekti si\u00e7 u takon. Nuk t\u00eb pengojn\u00eb ata.<\/p>\n<p>Po p\u00ebrdorimi i tyre, trysnimi i tyre me mafioz\u00eb, me shtet, me t\u00eb gjitha m\u00ebnyrat \u00ebsht\u00eb nj\u00eb persekutim i v\u00ebrtet\u00eb i dyt\u00eb politik q\u00eb iu b\u00ebhet.<\/p>\n<p>Panelist\u00ebt kan\u00eb b\u00ebr\u00eb nj\u00eb pun\u00eb shum\u00eb t\u00eb \u00e7muar. Jan\u00eb njer\u00ebz q\u00eb e njohin n\u00eb themel pron\u00ebn, parimin, ligjin e pron\u00ebs dhe pron\u00ebsis\u00eb. Do japin ekspozet\u00eb e tyre, dhe i garantoj se \u00e7do pronar \u00ebsht\u00eb i ftuar t\u00eb jap\u00eb mendimin p\u00ebr zgjidhjen p\u00ebrfundimtare t\u00eb k\u00ebtij problemi n\u00eb 4 vitet q\u00eb vijn\u00eb.<\/p>\n<p>Shqip\u00ebria ka \u00e7do mund\u00ebsi q\u00eb problemet e trash\u00ebguara me pronar\u00ebt legjitim\u00eb dhe me t\u00eb p\u00ebrndjekurit politik\u00eb t\u2019i mbyll\u00eb gjat\u00eb 4 viteve q\u00eb vijn\u00eb, dhe do t\u2019i mbyll\u00eb ato\u201d, tha Berisha.<\/p>\n","protected":false},"excerpt":{"rendered":"<p>Kryetari i PD, Sali Berisha, gjat\u00eb fjal\u00ebs s\u00eb tij, n\u00eb panelin e programit p\u00ebr pronat, theksoi faktin se, n\u00eb Tiran\u00eb po ushtrohet presion ndaj pronar\u00ebve t\u00eb toka, nga mafia dhe shteti, me q\u00ebllim q\u00eb t\u00eb nd\u00ebrtohen kulla. Berisha theksoi se, prona private, do mund t\u00eb zhvillohet mbi baz\u00ebn e interesave t\u00eb pronarit dhe para s\u00eb &hellip;<\/p>\n","protected":false},"author":4,"featured_media":107747,"comment_status":"closed","ping_status":"closed","sticky":false,"template":"","format":"standard","meta":{"footnotes":""},"categories":[37],"tags":[],"class_list":["post-107746","post","type-post","status-publish","format-standard","has-post-thumbnail","","category-politike"],"_links":{"self":[{"href":"https:\/\/rdnews.al\/index.php\/wp-json\/wp\/v2\/posts\/107746","targetHints":{"allow":["GET"]}}],"collection":[{"href":"https:\/\/rdnews.al\/index.php\/wp-json\/wp\/v2\/posts"}],"about":[{"href":"https:\/\/rdnews.al\/index.php\/wp-json\/wp\/v2\/types\/post"}],"author":[{"embeddable":true,"href":"https:\/\/rdnews.al\/index.php\/wp-json\/wp\/v2\/users\/4"}],"replies":[{"embeddable":true,"href":"https:\/\/rdnews.al\/index.php\/wp-json\/wp\/v2\/comments?post=107746"}],"version-history":[{"count":2,"href":"https:\/\/rdnews.al\/index.php\/wp-json\/wp\/v2\/posts\/107746\/revisions"}],"predecessor-version":[{"id":107749,"href":"https:\/\/rdnews.al\/index.php\/wp-json\/wp\/v2\/posts\/107746\/revisions\/107749"}],"wp:featuredmedia":[{"embeddable":true,"href":"https:\/\/rdnews.al\/index.php\/wp-json\/wp\/v2\/media\/107747"}],"wp:attachment":[{"href":"https:\/\/rdnews.al\/index.php\/wp-json\/wp\/v2\/media?parent=107746"}],"wp:term":[{"taxonomy":"category","embeddable":true,"href":"https:\/\/rdnews.al\/index.php\/wp-json\/wp\/v2\/categories?post=107746"},{"taxonomy":"post_tag","embeddable":true,"href":"https:\/\/rdnews.al\/index.php\/wp-json\/wp\/v2\/tags?post=107746"}],"curies":[{"name":"wp","href":"https:\/\/api.w.org\/{rel}","templated":true}]}}