{"id":107774,"date":"2025-03-20T08:59:30","date_gmt":"2025-03-20T08:59:30","guid":{"rendered":"https:\/\/rdnews.al\/?p=107774"},"modified":"2025-03-20T09:59:52","modified_gmt":"2025-03-20T09:59:52","slug":"veliaj-nis-luften-kunder-rames-firmos-nga-qelia-emerimin-e-kryetares-se-re-dosja-al-ka-siguruar-ekskluzivisht-urdherin-qe-erion-veliaj-ka-firmosur-nga-qelia-ku-i-delegon-kompetencat-e-kryetarit","status":"publish","type":"post","link":"https:\/\/rdnews.al\/index.php\/2025\/03\/20\/veliaj-nis-luften-kunder-rames-firmos-nga-qelia-emerimin-e-kryetares-se-re-dosja-al-ka-siguruar-ekskluzivisht-urdherin-qe-erion-veliaj-ka-firmosur-nga-qelia-ku-i-delegon-kompetencat-e-kryetarit\/","title":{"rendered":"Veliaj nis luft\u00ebn kund\u00ebr Ram\u00ebs, firmos nga qelia em\u00ebrimin e kryetares s\u00eb re!"},"content":{"rendered":"<p>Edhe pse Edi Rama pretendon se \u00ebsht\u00eb \u201cde facto\u201d edhe kryetari i Bashkis\u00eb s\u00eb Tiran\u00ebs, firma i takon ende Ende Veliajt p\u00ebr t\u00eb p\u00ebrcaktuar kryebashkiak\u00ebt n\u00eb detyr\u00eb dhe Bashkia e Tiran\u00ebs ka p\u00ebsuar s\u00ebrish ndryshime n\u00eb drejtimin e saj.<\/p>\n<div class=\"jeg_ad jeg_ad_article jnews_content_inline_ads \">\n<div class=\"ads-wrapper align-center \"><\/div>\n<\/div>\n<p>N\u00eb dokumentin e m\u00ebposht\u00ebm, e cila mban dat\u00ebn 18 Mars, Erion Veliaj ka firmosur delegimin e detyrave t\u00eb kryetarit t\u00eb Bashkis\u00eb s\u00eb Tiran\u00ebs, n\u00ebnkryebashkiakes Sara Goxhaj, e cila pas k\u00ebtij vendimi kalon dhe kryebashkiake n\u00eb detyr\u00eb. Ajo njihet si nj\u00eb nga njer\u00ebzit m\u00eb t\u00eb af\u00ebrt t\u00eb Veliajt.<\/p>\n<p>N\u00eb t\u00eb nj\u00ebjt\u00ebn shkres\u00eb, Erion Veliaj ka firmosur dhe shfuqizimin e vendimit t\u00eb dat\u00ebs 14 Shkurt, ku ai ia delegonte detyrat e kryetarit t\u00eb Bashkis\u00eb s\u00eb Tiran\u00ebs, Anuela Ristanit. Veliaj e ka firmosur vendimin nga qelia, aty ku ndodhet prej 10 Shkurtit, kur u arrestua me urdh\u00ebr t\u00eb SPAK.<\/p>\n<p><img decoding=\"async\" src=\"https:\/\/www.syri.net\/uploads\/syri.net\/images\/2025\/March\/20\/auto_dokumenti1742462187.jpg\" alt=\"Image\" \/><\/p>\n<div class=\"jnews_inline_related_post_wrapper left\">\n<div class=\"jnews_inline_related_post\">\n<div class=\"jeg_block_navigation\">Por, burime p\u00ebr mediat b\u00ebjn\u00eb me dije se pas marrjes s\u00eb njoftimit, Edi Rama ka shkuar mbr\u00ebmjen e djeshme n\u00eb Bashkin\u00eb e Tiran\u00ebs dhe ka urdh\u00ebruar protokollin t\u00eb zhb\u00ebj\u00eb vendimin e Veliajt. Si mas\u00eb nd\u00ebshkimore, Rama ka vendosur t\u00eb shkarkoj\u00eb menj\u00ebher\u00eb Alban Dokushin dhe Sara Goxhajn.<\/div>\n<\/div>\n<\/div>\n<p>Alban Dokushi \u00ebsht\u00eb nj\u00eb nga njer\u00ebzit m\u00eb t\u00eb af\u00ebrt t\u00eb Veliajt, pasi kujtojm\u00eb se ka qen\u00eb i pari q\u00eb e ka vizituar at\u00eb n\u00eb qelit\u00eb e paraburgimit tek Blloku i Siguris\u00eb tek Mine Peza, pas arrestimit t\u00eb tij m\u00eb 10 Shkurt. Gjithashtu, Dokushi e ka shoq\u00ebruar Veliajn n\u00eb SPAK edhe kur d\u00ebshmoi her\u00ebn e par\u00eb.<\/p>\n<p>Pas arrestimit t\u00eb Erion Veliajt n\u00eb media u raportua se ai ishte caktuar administrator p\u00ebr pun\u00ebt e Bashkis\u00eb, teksa dy dit\u00eb m\u00eb par\u00eb (18 Mars) ai d\u00ebshmoi edhe n\u00eb SPAK n\u00eb lidhje me takimet n\u00eb qeli q\u00eb ka b\u00ebr\u00eb me kryebashkiakun.<\/p>\n<p>N\u00eb media raportohet se Edi Rama ka rikthyer s\u00ebrish n\u00eb detyr\u00eb Anuela Ristanin, por deri m\u00eb tani, ka dal\u00eb vet\u00ebm shkresa q\u00eb ajo shkarkohet nga detyra.<\/p>\n<p>Me shkarkimin e Ristanit, duket se Erion Veliaj ka nisur revolt\u00ebn nga qelia kund\u00ebr Ram\u00ebs, duke mos q\u00ebndruar thjesht n\u00eb mesazhe t\u00eb koduara.<\/p>\n<p>Kujtojm\u00eb se gjat\u00eb k\u00ebsaj periudh\u00eb q\u00eb Erion Veliaj ka qen\u00eb n\u00eb qeli, Edi Rama ka shkuar disa her\u00eb n\u00eb Bashkin\u00eb e Tiran\u00ebs, ku ka zhvilluar takime me stafin, teksa ka b\u00ebr\u00eb nj\u00eb miting n\u00eb sheshin \u201cSk\u00ebnderbej\u201d dhe me t\u00eb gjith\u00eb punonj\u00ebsit e Bashkis\u00eb dhe institucioneve n\u00eb var\u00ebsi t\u00eb saj.<\/p>\n<p>Gjat\u00eb fjal\u00ebs n\u00eb Asamblen\u00eb e Partis\u00eb Socialiste p\u00ebr Tiran\u00ebn, pas arrestimit t\u00eb Erion Veliajt, Edi Rama deklaroi se do jet\u00eb vet\u00eb kryetar bashkie n\u00eb distanc\u00eb, edhe pse kjo c\u00ebnon hapur pavar\u00ebsin\u00eb e institucioneve vendore.<\/p>\n<p><em>\u201cPo na godasin p\u00ebr arsye elektorale. Kjo \u00ebsht\u00eb nj\u00eb goditje e madhe p\u00ebr PS.\u00a0<\/em><em>Un\u00eb do t\u00eb jem edhe kryetar bashkie. Do t\u00eb takoj t\u00eb gjith\u00eb drejtor\u00ebt e p\u00ebrgjithsh\u00ebm p\u00ebr t\u00eb garantuar funksionimin normal t\u00eb institucioneve\u201d,<\/em>\u00a0ka deklaruar Rama.<\/p>\n","protected":false},"excerpt":{"rendered":"<p>Edhe pse Edi Rama pretendon se \u00ebsht\u00eb \u201cde facto\u201d edhe kryetari i Bashkis\u00eb s\u00eb Tiran\u00ebs, firma i takon ende Ende Veliajt p\u00ebr t\u00eb p\u00ebrcaktuar kryebashkiak\u00ebt n\u00eb detyr\u00eb dhe Bashkia e Tiran\u00ebs ka p\u00ebsuar s\u00ebrish ndryshime n\u00eb drejtimin e saj. N\u00eb dokumentin e m\u00ebposht\u00ebm, e cila mban dat\u00ebn 18 Mars, Erion Veliaj ka firmosur delegimin e &hellip;<\/p>\n","protected":false},"author":4,"featured_media":107779,"comment_status":"closed","ping_status":"closed","sticky":false,"template":"","format":"standard","meta":{"footnotes":""},"categories":[37],"tags":[],"class_list":["post-107774","post","type-post","status-publish","format-standard","has-post-thumbnail","","category-politike"],"_links":{"self":[{"href":"https:\/\/rdnews.al\/index.php\/wp-json\/wp\/v2\/posts\/107774","targetHints":{"allow":["GET"]}}],"collection":[{"href":"https:\/\/rdnews.al\/index.php\/wp-json\/wp\/v2\/posts"}],"about":[{"href":"https:\/\/rdnews.al\/index.php\/wp-json\/wp\/v2\/types\/post"}],"author":[{"embeddable":true,"href":"https:\/\/rdnews.al\/index.php\/wp-json\/wp\/v2\/users\/4"}],"replies":[{"embeddable":true,"href":"https:\/\/rdnews.al\/index.php\/wp-json\/wp\/v2\/comments?post=107774"}],"version-history":[{"count":5,"href":"https:\/\/rdnews.al\/index.php\/wp-json\/wp\/v2\/posts\/107774\/revisions"}],"predecessor-version":[{"id":107793,"href":"https:\/\/rdnews.al\/index.php\/wp-json\/wp\/v2\/posts\/107774\/revisions\/107793"}],"wp:featuredmedia":[{"embeddable":true,"href":"https:\/\/rdnews.al\/index.php\/wp-json\/wp\/v2\/media\/107779"}],"wp:attachment":[{"href":"https:\/\/rdnews.al\/index.php\/wp-json\/wp\/v2\/media?parent=107774"}],"wp:term":[{"taxonomy":"category","embeddable":true,"href":"https:\/\/rdnews.al\/index.php\/wp-json\/wp\/v2\/categories?post=107774"},{"taxonomy":"post_tag","embeddable":true,"href":"https:\/\/rdnews.al\/index.php\/wp-json\/wp\/v2\/tags?post=107774"}],"curies":[{"name":"wp","href":"https:\/\/api.w.org\/{rel}","templated":true}]}}