{"id":107781,"date":"2025-03-20T09:35:32","date_gmt":"2025-03-20T09:35:32","guid":{"rendered":"https:\/\/rdnews.al\/?p=107781"},"modified":"2025-03-20T09:35:51","modified_gmt":"2025-03-20T09:35:51","slug":"aksidenti-tragjik-kush-jane-4-te-rinjte-qe-u-dogjen-brenda-benz-it","status":"publish","type":"post","link":"https:\/\/rdnews.al\/index.php\/2025\/03\/20\/aksidenti-tragjik-kush-jane-4-te-rinjte-qe-u-dogjen-brenda-benz-it\/","title":{"rendered":"Aksidenti tragjik\/ Kush jan\u00eb 4 t\u00eb rinjt\u00eb q\u00eb u dogj\u00ebn brenda \u201cBenz-it\u201d"},"content":{"rendered":"<p>Jan\u00eb zbardhur emrat e 4 t\u00eb rinj\u00ebve t\u00eb cil\u00ebt humb\u00ebn jet\u00ebn n\u00eb aksidentin tragjik t\u00eb regjistruar mbr\u00ebmjen e djeshme n\u00eb aksin Fush\u00eb Kruj\u00eb-Vor\u00eb, n\u00eb Fush\u00eb-Prez\u00eb.<\/p>\n<div class=\"jeg_ad jeg_ad_article jnews_content_inline_ads \"><\/div>\n<p>Burime b\u00ebjn\u00eb me dije se kan\u00eb humbur jet\u00ebn drejtuesi i automjetit tip \u201cMercedes Benz\u201d\u00a0<strong>Enejdi La\u00e7i<\/strong>, 35 vje\u00e7, v\u00ebllai i tij, i cili ndodhej pasagjer n\u00eb automjet\u00a0<strong>Erildi La\u00e7i<\/strong>, 20 vje\u00e7, si dhe dy pasagjer\u00ebt e tjer\u00eb\u00a0<strong>Enrikejd Kurti<\/strong>, 24 vje\u00e7 dhe\u00a0<strong>Andi La\u00e7i<\/strong>, 22 vje\u00e7.<\/p>\n<p>Automjeti me t\u00eb cilin ata udh\u00ebtonin u p\u00ebrplas me nj\u00eb betoniere, ku pas aksidentit, mjeti iu shp\u00ebrtheu n\u00eb flak\u00eb. Drejtuesi i automjetit, shtetasi\u00a0<strong>Aleksand\u00ebr Krrashi<\/strong>, 24 vje\u00e7, fillimisht u arratis n\u00eb k\u00ebmb\u00eb nga vendi i ngjarjes, por m\u00eb von\u00eb u kap nga Policia dhe u shoq\u00ebrua n\u00eb komisariat.<\/p>\n<p>Mjeti \u201cMercedes Benz\u201d u konstatua duke u djegur nga efektiv\u00ebt e sh\u00ebrbimit t\u00eb qarkullimit rrugor rreth or\u00ebs 23:50, dhe pran\u00eb saj edhe betonieren. N\u00eb vendin e ngjarjes shkoi nj\u00eb mjet zjarrfik\u00ebs i Kamz\u00ebs, por nuk e shmangu dot fatalitetin, pasi 4 t\u00eb rinjt\u00eb ishin djegur brenda mjetit.<\/p>\n<p><img loading=\"lazy\" decoding=\"async\" class=\"alignnone size-medium wp-image-1522339\" src=\"https:\/\/boldnews.al\/wp-content\/uploads\/2025\/03\/wmremove-transformed2-640x853.jpeg\" sizes=\"auto, (max-width: 640px) 100vw, 640px\" srcset=\"https:\/\/boldnews.al\/wp-content\/uploads\/2025\/03\/wmremove-transformed2-640x853.jpeg 640w, https:\/\/boldnews.al\/wp-content\/uploads\/2025\/03\/wmremove-transformed2-1024x1365.jpeg 1024w, https:\/\/boldnews.al\/wp-content\/uploads\/2025\/03\/wmremove-transformed2-1152x1536.jpeg 1152w, https:\/\/boldnews.al\/wp-content\/uploads\/2025\/03\/wmremove-transformed2-750x1000.jpeg 750w, https:\/\/boldnews.al\/wp-content\/uploads\/2025\/03\/wmremove-transformed2-1140x1520.jpeg 1140w, https:\/\/boldnews.al\/wp-content\/uploads\/2025\/03\/wmremove-transformed2.jpeg 1200w\" alt=\"\" width=\"640\" height=\"853\" data-pin-no-hover=\"true\" \/>\u00a0<img loading=\"lazy\" decoding=\"async\" class=\"alignnone size-medium wp-image-1522338\" src=\"https:\/\/boldnews.al\/wp-content\/uploads\/2025\/03\/wmremove-transformed-1-4-640x480.jpeg\" sizes=\"auto, (max-width: 640px) 100vw, 640px\" srcset=\"https:\/\/boldnews.al\/wp-content\/uploads\/2025\/03\/wmremove-transformed-1-4-640x480.jpeg 640w, https:\/\/boldnews.al\/wp-content\/uploads\/2025\/03\/wmremove-transformed-1-4-1280x960.jpeg 1280w, https:\/\/boldnews.al\/wp-content\/uploads\/2025\/03\/wmremove-transformed-1-4-1024x768.jpeg 1024w, https:\/\/boldnews.al\/wp-content\/uploads\/2025\/03\/wmremove-transformed-1-4-1536x1152.jpeg 1536w, https:\/\/boldnews.al\/wp-content\/uploads\/2025\/03\/wmremove-transformed-1-4-750x563.jpeg 750w, https:\/\/boldnews.al\/wp-content\/uploads\/2025\/03\/wmremove-transformed-1-4-1140x855.jpeg 1140w, https:\/\/boldnews.al\/wp-content\/uploads\/2025\/03\/wmremove-transformed-1-4.jpeg 1600w\" alt=\"\" width=\"640\" height=\"480\" data-pin-no-hover=\"true\" \/>\u00a0<img loading=\"lazy\" decoding=\"async\" class=\"alignnone size-medium wp-image-1522337\" src=\"https:\/\/boldnews.al\/wp-content\/uploads\/2025\/03\/wmremove-transformed1-640x361.jpeg\" sizes=\"auto, (max-width: 640px) 100vw, 640px\" srcset=\"https:\/\/boldnews.al\/wp-content\/uploads\/2025\/03\/wmremove-transformed1-640x361.jpeg 640w, https:\/\/boldnews.al\/wp-content\/uploads\/2025\/03\/wmremove-transformed1-750x423.jpeg 750w, https:\/\/boldnews.al\/wp-content\/uploads\/2025\/03\/wmremove-transformed1.jpeg 780w\" alt=\"\" width=\"640\" height=\"361\" data-pin-no-hover=\"true\" \/>\u00a0<img loading=\"lazy\" decoding=\"async\" class=\"alignnone size-medium wp-image-1522336\" src=\"https:\/\/boldnews.al\/wp-content\/uploads\/2025\/03\/wmremove-transformed-7-640x853.jpeg\" sizes=\"auto, (max-width: 640px) 100vw, 640px\" srcset=\"https:\/\/boldnews.al\/wp-content\/uploads\/2025\/03\/wmremove-transformed-7-640x853.jpeg 640w, https:\/\/boldnews.al\/wp-content\/uploads\/2025\/03\/wmremove-transformed-7-1024x1365.jpeg 1024w, https:\/\/boldnews.al\/wp-content\/uploads\/2025\/03\/wmremove-transformed-7-1152x1536.jpeg 1152w, https:\/\/boldnews.al\/wp-content\/uploads\/2025\/03\/wmremove-transformed-7-750x1000.jpeg 750w, https:\/\/boldnews.al\/wp-content\/uploads\/2025\/03\/wmremove-transformed-7-1140x1520.jpeg 1140w, https:\/\/boldnews.al\/wp-content\/uploads\/2025\/03\/wmremove-transformed-7.jpeg 1200w\" alt=\"\" width=\"640\" height=\"853\" data-pin-no-hover=\"true\" \/><\/p>\n<div class=\"jnews_inline_related_post_wrapper left\">\n<div class=\"jnews_inline_related_post\">\n<div class=\"jeg_postblock_29 jeg_postblock jeg_module_hook jeg_pagination_disable jeg_col_2o3 jnews_module_1522342_1_67dbd32090a41 \" data-unique=\"jnews_module_1522342_1_67dbd32090a41\">\n<div class=\"jeg_block_heading jeg_block_heading_6 jeg_subcat_right\"><\/div>\n<\/div>\n<\/div>\n<\/div>\n","protected":false},"excerpt":{"rendered":"<p>Jan\u00eb zbardhur emrat e 4 t\u00eb rinj\u00ebve t\u00eb cil\u00ebt humb\u00ebn jet\u00ebn n\u00eb aksidentin tragjik t\u00eb regjistruar mbr\u00ebmjen e djeshme n\u00eb aksin Fush\u00eb Kruj\u00eb-Vor\u00eb, n\u00eb Fush\u00eb-Prez\u00eb. Burime b\u00ebjn\u00eb me dije se kan\u00eb humbur jet\u00ebn drejtuesi i automjetit tip \u201cMercedes Benz\u201d\u00a0Enejdi La\u00e7i, 35 vje\u00e7, v\u00ebllai i tij, i cili ndodhej pasagjer n\u00eb automjet\u00a0Erildi La\u00e7i, 20 vje\u00e7, si &hellip;<\/p>\n","protected":false},"author":4,"featured_media":107782,"comment_status":"closed","ping_status":"closed","sticky":false,"template":"","format":"standard","meta":{"footnotes":""},"categories":[37],"tags":[],"class_list":["post-107781","post","type-post","status-publish","format-standard","has-post-thumbnail","","category-politike"],"_links":{"self":[{"href":"https:\/\/rdnews.al\/index.php\/wp-json\/wp\/v2\/posts\/107781","targetHints":{"allow":["GET"]}}],"collection":[{"href":"https:\/\/rdnews.al\/index.php\/wp-json\/wp\/v2\/posts"}],"about":[{"href":"https:\/\/rdnews.al\/index.php\/wp-json\/wp\/v2\/types\/post"}],"author":[{"embeddable":true,"href":"https:\/\/rdnews.al\/index.php\/wp-json\/wp\/v2\/users\/4"}],"replies":[{"embeddable":true,"href":"https:\/\/rdnews.al\/index.php\/wp-json\/wp\/v2\/comments?post=107781"}],"version-history":[{"count":3,"href":"https:\/\/rdnews.al\/index.php\/wp-json\/wp\/v2\/posts\/107781\/revisions"}],"predecessor-version":[{"id":107785,"href":"https:\/\/rdnews.al\/index.php\/wp-json\/wp\/v2\/posts\/107781\/revisions\/107785"}],"wp:featuredmedia":[{"embeddable":true,"href":"https:\/\/rdnews.al\/index.php\/wp-json\/wp\/v2\/media\/107782"}],"wp:attachment":[{"href":"https:\/\/rdnews.al\/index.php\/wp-json\/wp\/v2\/media?parent=107781"}],"wp:term":[{"taxonomy":"category","embeddable":true,"href":"https:\/\/rdnews.al\/index.php\/wp-json\/wp\/v2\/categories?post=107781"},{"taxonomy":"post_tag","embeddable":true,"href":"https:\/\/rdnews.al\/index.php\/wp-json\/wp\/v2\/tags?post=107781"}],"curies":[{"name":"wp","href":"https:\/\/api.w.org\/{rel}","templated":true}]}}