{"id":107802,"date":"2025-03-20T10:42:51","date_gmt":"2025-03-20T10:42:51","guid":{"rendered":"https:\/\/rdnews.al\/?p=107802"},"modified":"2025-03-20T10:42:51","modified_gmt":"2025-03-20T10:42:51","slug":"plas-lufta-rama-emeron-jonida-halilin-veliaj-urdheron-ti-ndalohet-hyrja-ne-bashki","status":"publish","type":"post","link":"https:\/\/rdnews.al\/index.php\/2025\/03\/20\/plas-lufta-rama-emeron-jonida-halilin-veliaj-urdheron-ti-ndalohet-hyrja-ne-bashki\/","title":{"rendered":"Plas lufta, Rama em\u00ebron Jonida Halilin, Veliaj urdh\u00ebron t\u2019i ndalohet hyrja n\u00eb Bashki"},"content":{"rendered":"<p>Skandali q\u00eb ka p\u00ebrfshir\u00eb Bashkin\u00eb Tiran\u00eb dit\u00ebt e fundit po thellohet m\u00eb shum\u00eb akoma. Burime b\u00ebjn\u00eb me dije se Rama pas shkarkimit t\u00eb Alban Dokushit si Sekretar i P\u00ebrgjithsh\u00ebm ka em\u00ebruar\u00a0Jonida Halilin n\u00eb k\u00ebt\u00eb post, e cila m\u00eb par\u00eb ka mbajtur postin e zv\/kryetares s\u00eb Bashkis\u00eb.<\/p>\n<p>Burimet shtojn\u00eb se ky veprim i Ram\u00ebs nuk \u00ebsht\u00eb pritur mir\u00eb nga Veliaj, i cili nga burgu i Durr\u00ebsit ka urdh\u00ebruar policin\u00eb Bashkiake n\u00eb Tiran\u00eb q\u00eb ruan institucionin e Bashkis\u00eb q\u00eb mos t\u00eb lejojn\u00eb hyrjen e Halilit n\u00eb Bashki.\u00a0Bashkia tashm\u00eb \u00ebsht\u00eb e paralizuar dhe p\u00ebr momentin merr urdh\u00ebra vet\u00ebm nga qelia e burgut t\u00eb Durr\u00ebsit.<\/p>\n<p><strong>\u00c7far\u00eb ka ndodhur n\u00eb Bashkin\u00eb Tiran\u00eb?<\/strong><\/p>\n<p>Pas arresimit t\u00eb Veliajt, n\u00eb krye t\u00eb Bashkis\u00eb Tiran\u00eb me p\u00eblqimin e Ram\u00ebs \u00ebsht\u00eb vendosur Anuela Ristani. Por kjo e fundit nuk ka marr\u00eb aprovimin e Veliajt, i cili me dat\u00eb 18 mars nga burgu i Durr\u00ebsit ka firmosur dokumentin q\u00eb ia delegon detyrat e tij Sara Goxhajt. Menj\u00ebher\u00eb pas marrjes se njoftimit, Rama ka shkuar n\u00eb Bashkin\u00eb Tiran\u00eb dhe ka urdh\u00ebruar protokollin q\u00eb t\u00eb zhb\u00ebj veprimet e Veliajt. Dhe duke shkarkuar Dokushin dhe Goxhajn, dy t\u00eb besuarit e Veliajt n\u00eb Bashkin\u00eb Tiran\u00eb, Rama ka marr\u00eb komplet kontrollin e institucionit q\u00eb vet\u00eb e drejton nga jasht\u00eb<strong>.\/Dosja.al<\/strong><\/p>\n","protected":false},"excerpt":{"rendered":"<p>Skandali q\u00eb ka p\u00ebrfshir\u00eb Bashkin\u00eb Tiran\u00eb dit\u00ebt e fundit po thellohet m\u00eb shum\u00eb akoma. Burime b\u00ebjn\u00eb me dije se Rama pas shkarkimit t\u00eb Alban Dokushit si Sekretar i P\u00ebrgjithsh\u00ebm ka em\u00ebruar\u00a0Jonida Halilin n\u00eb k\u00ebt\u00eb post, e cila m\u00eb par\u00eb ka mbajtur postin e zv\/kryetares s\u00eb Bashkis\u00eb. Burimet shtojn\u00eb se ky veprim i Ram\u00ebs nuk \u00ebsht\u00eb &hellip;<\/p>\n","protected":false},"author":4,"featured_media":107803,"comment_status":"closed","ping_status":"closed","sticky":false,"template":"","format":"standard","meta":{"footnotes":""},"categories":[37],"tags":[],"class_list":["post-107802","post","type-post","status-publish","format-standard","has-post-thumbnail","","category-politike"],"_links":{"self":[{"href":"https:\/\/rdnews.al\/index.php\/wp-json\/wp\/v2\/posts\/107802","targetHints":{"allow":["GET"]}}],"collection":[{"href":"https:\/\/rdnews.al\/index.php\/wp-json\/wp\/v2\/posts"}],"about":[{"href":"https:\/\/rdnews.al\/index.php\/wp-json\/wp\/v2\/types\/post"}],"author":[{"embeddable":true,"href":"https:\/\/rdnews.al\/index.php\/wp-json\/wp\/v2\/users\/4"}],"replies":[{"embeddable":true,"href":"https:\/\/rdnews.al\/index.php\/wp-json\/wp\/v2\/comments?post=107802"}],"version-history":[{"count":1,"href":"https:\/\/rdnews.al\/index.php\/wp-json\/wp\/v2\/posts\/107802\/revisions"}],"predecessor-version":[{"id":107804,"href":"https:\/\/rdnews.al\/index.php\/wp-json\/wp\/v2\/posts\/107802\/revisions\/107804"}],"wp:featuredmedia":[{"embeddable":true,"href":"https:\/\/rdnews.al\/index.php\/wp-json\/wp\/v2\/media\/107803"}],"wp:attachment":[{"href":"https:\/\/rdnews.al\/index.php\/wp-json\/wp\/v2\/media?parent=107802"}],"wp:term":[{"taxonomy":"category","embeddable":true,"href":"https:\/\/rdnews.al\/index.php\/wp-json\/wp\/v2\/categories?post=107802"},{"taxonomy":"post_tag","embeddable":true,"href":"https:\/\/rdnews.al\/index.php\/wp-json\/wp\/v2\/tags?post=107802"}],"curies":[{"name":"wp","href":"https:\/\/api.w.org\/{rel}","templated":true}]}}