{"id":107811,"date":"2025-03-20T11:12:08","date_gmt":"2025-03-20T11:12:08","guid":{"rendered":"https:\/\/rdnews.al\/?p=107811"},"modified":"2025-03-20T11:12:22","modified_gmt":"2025-03-20T11:12:22","slug":"berisha-departamenti-brain-gain-do-kete-rol-te-rendesishem-ne-projektin-e-shqiperise-madheshtore","status":"publish","type":"post","link":"https:\/\/rdnews.al\/index.php\/2025\/03\/20\/berisha-departamenti-brain-gain-do-kete-rol-te-rendesishem-ne-projektin-e-shqiperise-madheshtore\/","title":{"rendered":"Berisha: Departamenti Brain Gain do ket\u00eb rol t\u00eb r\u00ebnd\u00ebsish\u00ebm n\u00eb projektin e Shqip\u00ebris\u00eb Madh\u00ebshtore"},"content":{"rendered":"<p>Partia Demokratike prezantoi \u201cLibrin e Zi t\u00eb Rilindjes\u201d, nj\u00eb p\u00ebrmbledhje e kritikave dhe d\u00ebshtimeve t\u00eb qeveris\u00eb aktuale. Ky botim i p\u00ebrgatitur nga Departamenti Brain Gain synon t\u00eb pasqyroj\u00eb realitetin politik dhe ekonomik t\u00eb vendit, duke v\u00ebn\u00eb n\u00eb dukje keqqeverisjen dhe problemet q\u00eb kan\u00eb prekur shqiptar\u00ebt gjat\u00eb viteve t\u00eb fundit.<\/p>\n<p>N\u00eb k\u00ebt\u00eb aktivitet mori pjes\u00eb edhe kryetari i PD-s\u00eb, Sali Berisha, i cili mbajti nj\u00eb fjalim t\u00eb r\u00ebnd\u00ebsish\u00ebm mbi rolin e t\u00eb rinjve t\u00eb arsimuar n\u00eb transformimin e vendit. Ai vler\u00ebsoi pun\u00ebn e Departamentit Brain Gain, duke e cil\u00ebsuar at\u00eb si nj\u00eb burim shprese p\u00ebr t\u00eb ardhmen e PD-s\u00eb dhe t\u00eb Shqip\u00ebris\u00eb.<\/p>\n<p>\u201cMir\u00ebdita dhe p\u00ebrsh\u00ebndetje t\u00eb p\u00ebrzem\u00ebrta.<\/p>\n<p>S\u00eb pari nj\u00eb mir\u00ebnjohje t\u00eb pakufishme an\u00ebtarit dhe drejtuesit t\u00eb Departamentit Brain Gain, departament i nj\u00eb shprese t\u00eb madhe p\u00ebr PD-n\u00eb dhe shqiptar\u00ebt.<\/p>\n<p>Departament i p\u00ebrb\u00ebr\u00eb nga burra, gra, djem dhe vajza, nga t\u00eb rinj atdhetar\u00eb, t\u00eb p\u00ebrkushtuar, t\u00eb cil\u00ebt kudo q\u00eb jan\u00eb kan\u00eb frym\u00ebzim dashurin\u00eb e tyre p\u00ebr vendin, d\u00ebshir\u00ebn e tyre q\u00eb dihet q\u00eb kan\u00eb p\u00ebrfituar eksperiencat, t\u2019i v\u00ebn\u00eb n\u00eb sh\u00ebrbim t\u00eb vendit t\u00eb tyre.<\/p>\n<p>T\u2019i v\u00ebn\u00eb n\u00eb sh\u00ebrbim t\u00eb PD-s\u00eb.<\/p>\n<p>Fillimi i pun\u00ebs s\u00eb k\u00ebtij departamenti ishte nj\u00eb projekt midis realizimit dhe jorealizimit.<\/p>\n<p>Por \u00ebsht\u00eb n\u00eb merit\u00ebn e madhe t\u00eb Andi Mustafajt, drejtuesit t\u00eb tij dhe t\u00eb gjith\u00eb an\u00ebtar\u00ebve t\u00eb k\u00ebtij departamenti q\u00eb e shnd\u00ebrruan at\u00eb me p\u00ebrkushtimin, ekspertiz\u00ebn n\u00eb nj\u00eb departament t\u00eb v\u00ebrtet\u00eb Brain Gain, p\u00ebr PD-n\u00eb dhe shoq\u00ebrin\u00eb shqiptare.<\/p>\n<p>Dhe un\u00eb, duke shprehur mir\u00ebnjohje t\u00eb pakufishme ndaj tyre, i garantoj se n\u00eb udh\u00ebtimin e saj, PD beson dhe \u00ebsht\u00eb e vendosur q\u00eb ata t\u00eb marrin rolin q\u00eb meritojn\u00eb, rolin q\u00eb shqiptar\u00ebt presin nga t\u00eb rinjt\u00eb dhe t\u00eb rejat e shkolluar, bijt\u00eb dhe bijat e tyre t\u00eb mir\u00ebshkolluar, q\u00eb do vijn\u00eb dhe do punojn\u00eb p\u00ebr t\u00eb ndihmuar n\u00eb projektin m\u00eb t\u00eb mir\u00eb q\u00eb shqiptar\u00ebt kan\u00eb pasur ndonj\u00ebher\u00eb para tyre, projektin e Shqip\u00ebris\u00eb Madh\u00ebshtore.<\/p>\n<p>T\u00eb dashur miq, puna e k\u00ebtij departamenti \u00ebsht\u00eb nj\u00eb pun\u00eb n\u00eb themelet e asaj Shqip\u00ebrie q\u00eb ne duam t\u00eb nd\u00ebrtojm\u00eb.<\/p>\n<p>Dhe cilido q\u00eb d\u00ebshiron t\u00eb kuptoj\u00eb programin e PD-s\u00eb p\u00ebr Shqip\u00ebrin\u00eb Madh\u00ebshtore, i sugjeroj t\u00eb lexoj\u00eb dy veprat themelore t\u00eb k\u00ebtij departamenti, \u2018Pun\u00ebt e Mira t\u00eb PD\u2019 dhe \u2018Librin e Zi\u2019 t\u00eb regjimit t\u00eb sot\u00ebm.<\/p>\n<p>Duke lexuar k\u00ebto dy vepra, programi p\u00ebr Shqip\u00ebrin\u00eb Madh\u00ebshtore, q\u00eb kjo madh\u00ebshtore t\u00eb duket distanc\u00eb, t\u00eb duket e ekzagjeruar, t\u00eb duket edhe ndonj\u00ebher\u00eb edhe m\u00eb shum\u00eb se e ekzagjeruar, t\u00eb b\u00ebhet real, t\u00eb b\u00ebhet plot\u00ebsisht i kapsh\u00ebm, t\u00eb b\u00ebhet frym\u00ebzues p\u00ebr \u00e7do demokrat dhe qytetar\u201d, tha Berisha.<\/p>\n","protected":false},"excerpt":{"rendered":"<p>Partia Demokratike prezantoi \u201cLibrin e Zi t\u00eb Rilindjes\u201d, nj\u00eb p\u00ebrmbledhje e kritikave dhe d\u00ebshtimeve t\u00eb qeveris\u00eb aktuale. Ky botim i p\u00ebrgatitur nga Departamenti Brain Gain synon t\u00eb pasqyroj\u00eb realitetin politik dhe ekonomik t\u00eb vendit, duke v\u00ebn\u00eb n\u00eb dukje keqqeverisjen dhe problemet q\u00eb kan\u00eb prekur shqiptar\u00ebt gjat\u00eb viteve t\u00eb fundit. N\u00eb k\u00ebt\u00eb aktivitet mori pjes\u00eb edhe &hellip;<\/p>\n","protected":false},"author":4,"featured_media":107812,"comment_status":"closed","ping_status":"closed","sticky":false,"template":"","format":"standard","meta":{"footnotes":""},"categories":[37],"tags":[],"class_list":["post-107811","post","type-post","status-publish","format-standard","has-post-thumbnail","","category-politike"],"_links":{"self":[{"href":"https:\/\/rdnews.al\/index.php\/wp-json\/wp\/v2\/posts\/107811","targetHints":{"allow":["GET"]}}],"collection":[{"href":"https:\/\/rdnews.al\/index.php\/wp-json\/wp\/v2\/posts"}],"about":[{"href":"https:\/\/rdnews.al\/index.php\/wp-json\/wp\/v2\/types\/post"}],"author":[{"embeddable":true,"href":"https:\/\/rdnews.al\/index.php\/wp-json\/wp\/v2\/users\/4"}],"replies":[{"embeddable":true,"href":"https:\/\/rdnews.al\/index.php\/wp-json\/wp\/v2\/comments?post=107811"}],"version-history":[{"count":1,"href":"https:\/\/rdnews.al\/index.php\/wp-json\/wp\/v2\/posts\/107811\/revisions"}],"predecessor-version":[{"id":107813,"href":"https:\/\/rdnews.al\/index.php\/wp-json\/wp\/v2\/posts\/107811\/revisions\/107813"}],"wp:featuredmedia":[{"embeddable":true,"href":"https:\/\/rdnews.al\/index.php\/wp-json\/wp\/v2\/media\/107812"}],"wp:attachment":[{"href":"https:\/\/rdnews.al\/index.php\/wp-json\/wp\/v2\/media?parent=107811"}],"wp:term":[{"taxonomy":"category","embeddable":true,"href":"https:\/\/rdnews.al\/index.php\/wp-json\/wp\/v2\/categories?post=107811"},{"taxonomy":"post_tag","embeddable":true,"href":"https:\/\/rdnews.al\/index.php\/wp-json\/wp\/v2\/tags?post=107811"}],"curies":[{"name":"wp","href":"https:\/\/api.w.org\/{rel}","templated":true}]}}