{"id":107818,"date":"2025-03-20T11:24:01","date_gmt":"2025-03-20T11:24:01","guid":{"rendered":"https:\/\/rdnews.al\/?p=107818"},"modified":"2025-03-20T11:24:01","modified_gmt":"2025-03-20T11:24:01","slug":"berisha-libri-i-puneve-te-mira-dhe-libri-i-puneve-te-zeza-faktojne-se-shqiperia-madheshtore-eshte-nje-projekt-100-i-realizueshem","status":"publish","type":"post","link":"https:\/\/rdnews.al\/index.php\/2025\/03\/20\/berisha-libri-i-puneve-te-mira-dhe-libri-i-puneve-te-zeza-faktojne-se-shqiperia-madheshtore-eshte-nje-projekt-100-i-realizueshem\/","title":{"rendered":"Berisha: &#8220;Libri i Pun\u00ebve t\u00eb Mira&#8221; dhe &#8220;Libri i Pun\u00ebve t\u00eb Zeza&#8221; faktojn\u00eb se Shqip\u00ebria Madh\u00ebshtore \u00ebsht\u00eb nj\u00eb projekt 100% i realizuesh\u00ebm"},"content":{"rendered":"<p>Kryetari i PD, Sali Berisha theksoi r\u00ebnd\u00ebsin\u00eb e dy librave, \u201cPun\u00ebt e Mira\u201d dhe \u201cLibri i Zi\u201d, p\u00ebr t\u00eb kuptuar realitetin e Shqip\u00ebris\u00eb dhe mund\u00ebsin\u00eb e realizimit t\u00eb Shqip\u00ebris\u00eb Madh\u00ebshtore. Ai theksoi se ky projekt, megjith\u00ebse mund t\u00eb duket i larg\u00ebt, \u00ebsht\u00eb plot\u00ebsisht i realizuesh\u00ebm, duke i rikujtuar qytetar\u00ebve momentet m\u00eb madh\u00ebshtore t\u00eb PD-s\u00eb, si ndihma p\u00ebr nd\u00ebrtimin e pluralizmit politik, ngritjen e institucioneve demokratike dhe p\u00ebrfshirjen e Shqip\u00ebris\u00eb n\u00eb NATO.<\/p>\n<p>\u201cM\u00eb par\u00eb theksova se k\u00ebto dy libra jan\u00eb thelb\u00ebsore p\u00ebr t\u00eb kuptuar programin e PD t\u00eb Shqip\u00ebris\u00eb Madh\u00ebshtore, p\u00ebr t\u2019u frym\u00ebzuar n\u00eb k\u00ebt\u00eb program se n\u00eb t\u00eb v\u00ebrtet\u00eb \u00ebsht\u00eb programi m\u00eb i jasht\u00ebzakonsh\u00ebm q\u00eb \u00ebsht\u00eb paraqitur ndonj\u00ebher\u00eb.<\/p>\n<p>Cilido q\u00eb i hedh nj\u00eb sy Librit t\u00eb Pun\u00ebve t\u00eb Mira, i cili duhet t\u00eb jet\u00eb libri i \u00e7do demokrati, i \u00e7do mb\u00ebshtet\u00ebsi t\u00eb PD, sepse \u00ebsht\u00eb trash\u00ebgimi e \u00e7do demokrati, e \u00e7do mb\u00ebshtet\u00ebsi t\u00eb PD,\u00a0 kupton se ky projekti i Shqip\u00ebris\u00eb Madh\u00ebshtore, aq sa duket i larg\u00ebt, aq qenka i mundsh\u00ebm, aq qenka real.<\/p>\n<p>Sepse kjo parti n\u00eb t\u00eb shkuar\u00ebn e saj ka disa nga momentet m\u00eb madh\u00ebshtore n\u00eb histori.<\/p>\n<p>Ka momente madh\u00ebshtore si themeluese e pluralizmit politik n\u00eb vendin n\u00eb monist t\u00eb planetit.<\/p>\n<p>Ka moment madh\u00ebshtor nd\u00ebrtimin e institucioneve demokratike dhe ekonomis\u00eb s\u00eb tregut n\u00eb vendin m\u00eb hiperkolektivist t\u00eb planetit.<\/p>\n<p>Ka moment madh\u00ebshtor nxjerrjen e shqiptar\u00ebve nga honet, nga grupi i vendeve me t\u00eb ardhura m\u00eb t\u00eb ul\u00ebta n\u00eb bot\u00eb, ku Shqip\u00ebria renditej me Ugand\u00ebn dhe Angol\u00ebn, n\u00eb grupin e vendeve me t\u00eb ardhura t\u00eb mesme t\u00eb larta.<\/p>\n<p>Ka momente kur Shqip\u00ebria nga vendi i pasigurt, do shnd\u00ebrrohej n\u00eb vendet m\u00eb t\u00eb sigurta t\u00eb rajonit dhe do an\u00ebtar\u00ebsohej n\u00eb NATO. Askush nuk mund t\u00eb mohoj\u00eb se an\u00ebtar\u00ebsimi n\u00eb NATO ishte nj\u00eb moment madh\u00ebshtor i historis\u00eb komb\u00ebtare.<\/p>\n<p>Pra, cilido q\u00eb lexon librin e k\u00ebtij departamenti p\u00ebr pun\u00ebt e mira t\u00eb PD-s\u00eb, e kupton se projekti i<\/p>\n<p>Shqip\u00ebris\u00eb Madh\u00ebshtore \u00ebsht\u00eb nj\u00eb projekt n\u00eb duart tona.<br \/>\n\u00cbsht\u00eb nj\u00eb projekt plot\u00ebsisht i realizuesh\u00ebm.<\/p>\n<p>Jo vet\u00ebm kaq, por cilido q\u00eb lexon Librin e Pun\u00ebve t\u00eb Zeza, nuk gjen aty vet\u00ebm veprat e zeza t\u00eb k\u00ebsaj qeverie, t\u00eb k\u00ebsaj diktature, por aty n\u00ebp\u00ebr rreshta lexon edhe t\u00eb gjitha potencialet e m\u00ebdha q\u00eb ekzistojn\u00eb, q\u00eb grabiten, q\u00eb pla\u00e7kiten, q\u00eb keqp\u00ebrdoren, por q\u00eb duhet t\u2019u kthehen qytetar\u00ebve shqiptar\u00eb n\u00eb projektet e Shqip\u00ebris\u00eb Madh\u00ebshtore.<\/p>\n<p>Jo t\u00eb pakt\u00eb jan\u00eb ata q\u00eb shtrojn\u00eb pyetjen: ku do gjenden k\u00ebto para? K\u00ebto premtime si do mbahen? Dhe nuk ka gj\u00eb m\u00eb normale.<\/p>\n<p>\u00cbsht\u00eb e v\u00ebrtet\u00eb se ne kurr\u00eb nuk kemi premtuar gj\u00ebra q\u00eb nuk i kemi b\u00ebr\u00eb. Por e l\u00ebm\u00eb m\u00ebnjan\u00eb k\u00ebt\u00eb.<\/p>\n<p>Parat\u00eb jan\u00eb para dhe qytetar\u00ebt duhet ta din\u00eb se ku do gjenden.<\/p>\n<p>Cilido q\u00eb lexon Pun\u00ebt e Zeza t\u00eb k\u00ebtij regjimi, e sheh se parat\u00eb jan\u00eb, por u vidhen shqiptar\u00ebve, u pla\u00e7kiten shqiptar\u00ebve, nuk u jepen shqiptar\u00ebve.<\/p>\n<p>Pra, n\u00eb pamje t\u00eb par\u00eb duket sikur kemi propozuar nj\u00eb projekt t\u00eb larg\u00ebt. N\u00eb fakt \u00ebsht\u00eb nj\u00eb projekt 100 p\u00ebrqind i realizuesh\u00ebm.<\/p>\n<p>Nuk do b\u00ebjm\u00eb asgj\u00eb tjet\u00ebr fillimisht, si hapi i par\u00eb do u kthejm\u00eb parat\u00eb shqiptar\u00ebve.<\/p>\n<p>Qytetar\u00ebt shqiptar\u00eb duhet ta din\u00eb se ato para jan\u00eb t\u00eb tyre, nuk dalin nga xhepat ton\u00eb, nuk dalin nga kontot e qeveritar\u00ebve, jo, jan\u00eb t\u00eb gjith\u00eb parat\u00eb e djers\u00ebs dhe mundit t\u00eb tyre q\u00eb i paguajn\u00eb taksa.<\/p>\n<p>\u00c7do qeveri e p\u00ebrgjegjshme, \u00e7do fillimviti buxhetor, i ndan nj\u00eb pjes\u00eb p\u00ebr qytetar\u00ebt, t\u00eb tjerat p\u00ebr sh\u00ebrbimet, t\u00eb tjerat p\u00ebr infrastruktur\u00ebn.<\/p>\n<p>Kurse kjo qeveri i ka ndar\u00eb, 57 miliard\u00eb t\u00eb gjitha grabitje, grabitje, grabitje.<\/p>\n<p>Kjo qeveri e paraqet si katastrof\u00eb propozimet tona p\u00ebr rritjen e pensioneve. Si mor qenkan katastrof\u00eb? Mendon se do g\u00ebnjesh ata njer\u00ebz t\u00eb ndersh\u00ebm q\u00eb kan\u00eb shkrir\u00eb jet\u00ebn e tyre?<\/p>\n<p>Po ai kolegu i tij n\u00eb Kosov\u00eb pse merr 100 milion\u00eb euro nga buxheti dhe i kalon n\u00eb fondin e tyre?<\/p>\n<p>U p\u00ebrmbys Kosova?<\/p>\n<p>Dhe ky mashtron, mashtron, mashtron\u201d, u shpreh Berisha.<\/p>\n","protected":false},"excerpt":{"rendered":"<p>Kryetari i PD, Sali Berisha theksoi r\u00ebnd\u00ebsin\u00eb e dy librave, \u201cPun\u00ebt e Mira\u201d dhe \u201cLibri i Zi\u201d, p\u00ebr t\u00eb kuptuar realitetin e Shqip\u00ebris\u00eb dhe mund\u00ebsin\u00eb e realizimit t\u00eb Shqip\u00ebris\u00eb Madh\u00ebshtore. Ai theksoi se ky projekt, megjith\u00ebse mund t\u00eb duket i larg\u00ebt, \u00ebsht\u00eb plot\u00ebsisht i realizuesh\u00ebm, duke i rikujtuar qytetar\u00ebve momentet m\u00eb madh\u00ebshtore t\u00eb PD-s\u00eb, si &hellip;<\/p>\n","protected":false},"author":4,"featured_media":107819,"comment_status":"closed","ping_status":"closed","sticky":false,"template":"","format":"standard","meta":{"footnotes":""},"categories":[37],"tags":[],"class_list":["post-107818","post","type-post","status-publish","format-standard","has-post-thumbnail","","category-politike"],"_links":{"self":[{"href":"https:\/\/rdnews.al\/index.php\/wp-json\/wp\/v2\/posts\/107818","targetHints":{"allow":["GET"]}}],"collection":[{"href":"https:\/\/rdnews.al\/index.php\/wp-json\/wp\/v2\/posts"}],"about":[{"href":"https:\/\/rdnews.al\/index.php\/wp-json\/wp\/v2\/types\/post"}],"author":[{"embeddable":true,"href":"https:\/\/rdnews.al\/index.php\/wp-json\/wp\/v2\/users\/4"}],"replies":[{"embeddable":true,"href":"https:\/\/rdnews.al\/index.php\/wp-json\/wp\/v2\/comments?post=107818"}],"version-history":[{"count":1,"href":"https:\/\/rdnews.al\/index.php\/wp-json\/wp\/v2\/posts\/107818\/revisions"}],"predecessor-version":[{"id":107820,"href":"https:\/\/rdnews.al\/index.php\/wp-json\/wp\/v2\/posts\/107818\/revisions\/107820"}],"wp:featuredmedia":[{"embeddable":true,"href":"https:\/\/rdnews.al\/index.php\/wp-json\/wp\/v2\/media\/107819"}],"wp:attachment":[{"href":"https:\/\/rdnews.al\/index.php\/wp-json\/wp\/v2\/media?parent=107818"}],"wp:term":[{"taxonomy":"category","embeddable":true,"href":"https:\/\/rdnews.al\/index.php\/wp-json\/wp\/v2\/categories?post=107818"},{"taxonomy":"post_tag","embeddable":true,"href":"https:\/\/rdnews.al\/index.php\/wp-json\/wp\/v2\/tags?post=107818"}],"curies":[{"name":"wp","href":"https:\/\/api.w.org\/{rel}","templated":true}]}}