{"id":107865,"date":"2025-03-20T14:20:35","date_gmt":"2025-03-20T14:20:35","guid":{"rendered":"https:\/\/rdnews.al\/?p=107865"},"modified":"2025-03-20T14:20:35","modified_gmt":"2025-03-20T14:20:35","slug":"lufta-ne-bashki-rama-i-shkarkon-veliajt-te-emeruaren-prej-tij-per-te-drejtuar-bashkine","status":"publish","type":"post","link":"https:\/\/rdnews.al\/index.php\/2025\/03\/20\/lufta-ne-bashki-rama-i-shkarkon-veliajt-te-emeruaren-prej-tij-per-te-drejtuar-bashkine\/","title":{"rendered":"Lufta n\u00eb Bashki, Rama i shkarkon Veliajt t\u00eb em\u00ebruar\u00ebn prej tij p\u00ebr t\u00eb drejtuar Bashkin\u00eb"},"content":{"rendered":"<p>Nga qelia e burgut n\u00eb Durr\u00ebs, kryebashkiaku Erion Veliaj shkarkoi nga detyra kryetaren e komanduar t\u00eb Bashkis\u00eb s\u00eb Tiran\u00ebs, Anuela Ristanin.<\/p>\n<p>Nj\u00eb muaj pasi k\u00ebsaj t\u00eb fundit iu deleguan p\u00ebrkoh\u00ebsisht detyrat e kryetares, kryebashkiaku si duket \u201cka ndryshuar mendje\u201d dhe p\u00ebrmes nj\u00eb urdhri q\u00eb mban dat\u00ebn 18 mars, ia ka kaluar postin p\u00ebrkoh\u00ebsisht Sara Goxhajt, e cila njihet dhe si nj\u00eb nd\u00ebr personat m\u00eb t\u00eb af\u00ebrt t\u00eb qytetarit t\u00eb par\u00eb t\u00eb Tiran\u00ebs.<\/p>\n<p>Por, ky em\u00ebrim si duket ka shkaktuar \u201czem\u00ebrim\u201d te Rama. Sipas asaj q\u00eb Vox News raporton, kreu i qeveris\u00eb \u201czbarkoi\u201d mbr\u00ebmjen e s\u00eb m\u00ebrkur\u00ebs n\u00eb Bashkin\u00eb e Tiran\u00ebs ku dhe thuhet se ka urdh\u00ebruar protokollin t\u00eb zhb\u00ebj\u00eb vendimin e Veliajt p\u00ebr em\u00ebrimin p\u00ebrkoh\u00ebsisht t\u00eb Sara Goxhajt n\u00eb pozicionin e kryetares s\u00eb k\u00ebtij institucioni.<\/p>\n<p>Sipas burimeve t\u00eb siguruara nga po e nj\u00ebjta media m\u00ebsohet se policia bashkiake \u00ebsht\u00eb urdh\u00ebruar q\u00eb t\u00eb mos lejoj\u00eb hyrjen n\u00eb Bashkin\u00eb e Tiran\u00ebs t\u00eb Sara Goxhajt, por edhe t\u00eb Sekretarit t\u00eb P\u00ebrgjithsh\u00ebm t\u00eb Bashkis\u00eb, Alban Dokushit, pasi dhe p\u00ebr k\u00ebt\u00eb t\u00eb fundit ka pasur nj\u00eb urdh\u00ebr shkarkimi.<\/p>\n<p>Mbeten ende t\u00eb paqarta m\u00ebnyrat ligjore se si \u00ebsht\u00eb b\u00ebr\u00eb i mundur anulimi i em\u00ebrimit t\u00eb Goxhajt dhe shkarkimi i Dokushit, pasi ashtu sikurse ligji e parashikon kjo \u00ebsht\u00eb kompetenc\u00eb e K\u00ebshillit Bashkiak, ose e kryetarit n\u00eb detyr\u00eb, Erion Veliajt.<\/p>\n<p>Lidhur me k\u00ebt\u00eb\u00a0 \u201cfurtun\u00eb\u201d n\u00eb Bashki dhe \u201ckrisje\u201d mes Ram\u00ebs dhe Veliajt priten m\u00eb tep\u00ebr informacione n\u00eb vijim, me q\u00ebllim p\u00ebr t\u00eb hedhur m\u00eb tep\u00ebr drit\u00eb mbi at\u00eb \u00e7far\u00eb \u00ebsht\u00eb duke ndodhur.<\/p>\n","protected":false},"excerpt":{"rendered":"<p>Nga qelia e burgut n\u00eb Durr\u00ebs, kryebashkiaku Erion Veliaj shkarkoi nga detyra kryetaren e komanduar t\u00eb Bashkis\u00eb s\u00eb Tiran\u00ebs, Anuela Ristanin. Nj\u00eb muaj pasi k\u00ebsaj t\u00eb fundit iu deleguan p\u00ebrkoh\u00ebsisht detyrat e kryetares, kryebashkiaku si duket \u201cka ndryshuar mendje\u201d dhe p\u00ebrmes nj\u00eb urdhri q\u00eb mban dat\u00ebn 18 mars, ia ka kaluar postin p\u00ebrkoh\u00ebsisht Sara Goxhajt, &hellip;<\/p>\n","protected":false},"author":3,"featured_media":107867,"comment_status":"closed","ping_status":"closed","sticky":false,"template":"","format":"standard","meta":{"footnotes":""},"categories":[37],"tags":[],"class_list":["post-107865","post","type-post","status-publish","format-standard","has-post-thumbnail","","category-politike"],"_links":{"self":[{"href":"https:\/\/rdnews.al\/index.php\/wp-json\/wp\/v2\/posts\/107865","targetHints":{"allow":["GET"]}}],"collection":[{"href":"https:\/\/rdnews.al\/index.php\/wp-json\/wp\/v2\/posts"}],"about":[{"href":"https:\/\/rdnews.al\/index.php\/wp-json\/wp\/v2\/types\/post"}],"author":[{"embeddable":true,"href":"https:\/\/rdnews.al\/index.php\/wp-json\/wp\/v2\/users\/3"}],"replies":[{"embeddable":true,"href":"https:\/\/rdnews.al\/index.php\/wp-json\/wp\/v2\/comments?post=107865"}],"version-history":[{"count":1,"href":"https:\/\/rdnews.al\/index.php\/wp-json\/wp\/v2\/posts\/107865\/revisions"}],"predecessor-version":[{"id":107868,"href":"https:\/\/rdnews.al\/index.php\/wp-json\/wp\/v2\/posts\/107865\/revisions\/107868"}],"wp:featuredmedia":[{"embeddable":true,"href":"https:\/\/rdnews.al\/index.php\/wp-json\/wp\/v2\/media\/107867"}],"wp:attachment":[{"href":"https:\/\/rdnews.al\/index.php\/wp-json\/wp\/v2\/media?parent=107865"}],"wp:term":[{"taxonomy":"category","embeddable":true,"href":"https:\/\/rdnews.al\/index.php\/wp-json\/wp\/v2\/categories?post=107865"},{"taxonomy":"post_tag","embeddable":true,"href":"https:\/\/rdnews.al\/index.php\/wp-json\/wp\/v2\/tags?post=107865"}],"curies":[{"name":"wp","href":"https:\/\/api.w.org\/{rel}","templated":true}]}}