{"id":107901,"date":"2025-03-20T19:59:29","date_gmt":"2025-03-20T19:59:29","guid":{"rendered":"https:\/\/rdnews.al\/?p=107901"},"modified":"2025-03-20T20:01:05","modified_gmt":"2025-03-20T20:01:05","slug":"107901","status":"publish","type":"post","link":"https:\/\/rdnews.al\/index.php\/2025\/03\/20\/107901\/","title":{"rendered":"Berisha: Do t\u00eb b\u00ebjm\u00eb gjith\u00e7ka q\u00eb Ramazanin tjet\u00ebr t\u00eb mos ket\u00eb m\u00eb t\u00eb vobekt\u00eb ekstrem n\u00eb k\u00ebt\u00eb vend"},"content":{"rendered":"<p>Kryetari i Partis\u00eb Demokratike, Sali Berisha ka marr\u00eb pjes\u00eb n\u00eb nj\u00eb iftar t\u00eb shtruar n\u00eb Kamz\u00eb nga komuniteti i Kalas\u00eb s\u00eb Dod\u00ebs.<\/p>\n<p>N\u00eb p\u00ebrsh\u00ebndetjen e rastit, Berisha theksoi se, do t\u00eb b\u00ebhet gjith\u00e7ka q\u00eb Ramazanin tjet\u00ebr t\u00eb mos ket\u00eb m\u00eb t\u00eb vobekt\u00eb ekstrem n\u00eb k\u00ebt\u00eb vend.<\/p>\n<p><strong>Fjala e kryetarit t\u00eb PD, Sali Berisha<\/strong><\/p>\n<p>S\u00eb pari dua t\u00eb fal\u00ebnderoj shum\u00eb doktorin p\u00ebr ftes\u00ebn q\u00eb m\u00eb b\u00ebri, t\u00eb jem i pranish\u00ebm, i nderuar n\u00eb k\u00ebt\u00eb iftar s\u00eb bashku me ju, p\u00ebrfaq\u00ebsues t\u00eb komunitetit t\u00eb nderuar t\u00eb Kalas\u00eb s\u00eb Dod\u00ebs.<\/p>\n<p>I lutem Zotit, q\u00eb sakrific\u00ebn tuaj, agj\u00ebrimin t\u00eb ua pranoj\u00eb t\u00eb ua kthej\u00eb n\u00eb t\u00eb mira p\u00ebr ju, familjet tuaja.<\/p>\n<p>Shpreh nderimin m\u00eb t\u00eb madh p\u00ebr ju, dhe ju siguroj se kam nj\u00eb nderim t\u00eb ve\u00e7ant\u00eb.<\/p>\n<p>Njer\u00ebz pun\u00ebtor, njer\u00ebz t\u00eb sakrific\u00ebs, njer\u00ebz q\u00eb derdhin djers\u00eb m\u00eb shum\u00eb se t\u00eb tjer\u00ebt p\u00ebr nj\u00eb jete m\u00eb t\u00eb mir\u00eb.<\/p>\n<p>Ju garantoj se do t\u00eb b\u00ebjm\u00eb gjith\u00e7ka q\u00eb Ramazanin tjet\u00ebr, q\u00eb vitin tjet\u00ebr t\u00eb mos ket\u00eb m\u00eb t\u00eb vobekt\u00eb ekstrem n\u00eb k\u00ebt\u00eb vend.<\/p>\n<p>Do t\u00eb b\u00ebjm\u00eb gjith\u00e7ka k\u00ebt\u00eb vit, jo kaq p\u00ebr q\u00ebllime elektorale, por me gjith\u00eb zem\u00ebr e kemi shpallur vitin e Diaspor\u00ebs.<\/p>\n<p>E kemi shpallur vitin e Diaspor\u00ebs si nj\u00eb detyrim t\u00eb madh q\u00eb Shqip\u00ebria duhet t\u00eb ndjej\u00eb ndaj atyre burrave dhe grave, djem e vajzave t\u00eb saj q\u00eb u larguan p\u00ebr pamund\u00ebsi jetese n\u00eb k\u00ebt\u00eb vend, t\u00eb b\u00ebjm\u00eb gjith\u00e7ka q\u00eb ata t\u00eb kthehen n\u00eb Tiran\u00eb, t\u00eb kthehen kudo n\u00eb Shqip\u00ebri dhe \u00ebnd\u00ebrrat e tyre ti rind\u00ebrtojn\u00eb n\u00eb Shqip\u00ebri, ti leht\u00ebsojn\u00eb, ti ndihmojm\u00eb n\u00eb nj\u00eb rifillim t\u00eb ri t\u00eb jet\u00ebs s\u00eb tyre, n\u00eb vendin e tyre.<\/p>\n<p>Pra n\u00eb rrafshin e sakrific\u00ebs, le t\u00eb urojm\u00eb edhe nj\u00ebher\u00eb q\u00eb sakrifica e secilit t\u2019i shnd\u00ebrrohet n\u00eb nj\u00eb mir\u00ebsi p\u00ebr t\u00eb ardhmen dhe un\u00eb ju fal\u00ebnderoj, p\u00ebrulem me nderim t\u00eb madh para sakrificave tuaja, para t\u00eb gjith\u00eb banor\u00ebve t\u00eb Kalas\u00eb s\u00eb Dod\u00ebs, atyre q\u00eb jetojn\u00eb tani n\u00eb Kala, e t\u00eb tjer\u00ebve q\u00eb jan\u00eb shp\u00ebrnda n\u00eb Shqip\u00ebri e jasht\u00eb saj.<\/p>\n<p>Edhe nj\u00ebher\u00eb Zoti ua pranoft\u00eb.<\/p>\n","protected":false},"excerpt":{"rendered":"<p>Kryetari i Partis\u00eb Demokratike, Sali Berisha ka marr\u00eb pjes\u00eb n\u00eb nj\u00eb iftar t\u00eb shtruar n\u00eb Kamz\u00eb nga komuniteti i Kalas\u00eb s\u00eb Dod\u00ebs. N\u00eb p\u00ebrsh\u00ebndetjen e rastit, Berisha theksoi se, do t\u00eb b\u00ebhet gjith\u00e7ka q\u00eb Ramazanin tjet\u00ebr t\u00eb mos ket\u00eb m\u00eb t\u00eb vobekt\u00eb ekstrem n\u00eb k\u00ebt\u00eb vend. Fjala e kryetarit t\u00eb PD, Sali Berisha S\u00eb pari &hellip;<\/p>\n","protected":false},"author":4,"featured_media":107902,"comment_status":"closed","ping_status":"closed","sticky":false,"template":"","format":"standard","meta":{"footnotes":""},"categories":[37],"tags":[],"class_list":["post-107901","post","type-post","status-publish","format-standard","has-post-thumbnail","","category-politike"],"_links":{"self":[{"href":"https:\/\/rdnews.al\/index.php\/wp-json\/wp\/v2\/posts\/107901","targetHints":{"allow":["GET"]}}],"collection":[{"href":"https:\/\/rdnews.al\/index.php\/wp-json\/wp\/v2\/posts"}],"about":[{"href":"https:\/\/rdnews.al\/index.php\/wp-json\/wp\/v2\/types\/post"}],"author":[{"embeddable":true,"href":"https:\/\/rdnews.al\/index.php\/wp-json\/wp\/v2\/users\/4"}],"replies":[{"embeddable":true,"href":"https:\/\/rdnews.al\/index.php\/wp-json\/wp\/v2\/comments?post=107901"}],"version-history":[{"count":3,"href":"https:\/\/rdnews.al\/index.php\/wp-json\/wp\/v2\/posts\/107901\/revisions"}],"predecessor-version":[{"id":107905,"href":"https:\/\/rdnews.al\/index.php\/wp-json\/wp\/v2\/posts\/107901\/revisions\/107905"}],"wp:featuredmedia":[{"embeddable":true,"href":"https:\/\/rdnews.al\/index.php\/wp-json\/wp\/v2\/media\/107902"}],"wp:attachment":[{"href":"https:\/\/rdnews.al\/index.php\/wp-json\/wp\/v2\/media?parent=107901"}],"wp:term":[{"taxonomy":"category","embeddable":true,"href":"https:\/\/rdnews.al\/index.php\/wp-json\/wp\/v2\/categories?post=107901"},{"taxonomy":"post_tag","embeddable":true,"href":"https:\/\/rdnews.al\/index.php\/wp-json\/wp\/v2\/tags?post=107901"}],"curies":[{"name":"wp","href":"https:\/\/api.w.org\/{rel}","templated":true}]}}