{"id":107909,"date":"2025-03-20T20:45:50","date_gmt":"2025-03-20T20:45:50","guid":{"rendered":"https:\/\/rdnews.al\/?p=107909"},"modified":"2025-03-20T20:45:50","modified_gmt":"2025-03-20T20:45:50","slug":"protesta-banoret-e-stambollit-dalin-ne-rruge-pas-arrestimit-te-kryebashkiakut","status":"publish","type":"post","link":"https:\/\/rdnews.al\/index.php\/2025\/03\/20\/protesta-banoret-e-stambollit-dalin-ne-rruge-pas-arrestimit-te-kryebashkiakut\/","title":{"rendered":"Protesta\/ Banor\u00ebt e Stambollit dalin n\u00eb rrug\u00eb pas arrestimit t\u00eb kryebashkiakut"},"content":{"rendered":"<p>Pas arrestimit t\u00eb kryetarit t\u00eb qytetit t\u00eb Stambollit, Ekrem Imamoglu dhe para nominimit p\u00ebr kandidat presidencial, n\u00eb qytetin m\u00eb t\u00eb madh t\u00eb Turqis\u00eb, nga 19 deri m\u00eb 23 mars \u00ebsht\u00eb vendosur nj\u00eb ndalim p\u00ebr protesta, jan\u00eb mbyllur disa stacione metroje dhe hekurudhore, si dhe disa rrug\u00eb n\u00eb qend\u00ebr t\u00eb qytetit, nd\u00ebrkoh\u00eb q\u00eb tramvajet nuk po qarkullojn\u00eb<strong>.<\/strong><\/p>\n<p>Megjithat\u00eb, t\u00eb enjten, qytetar\u00ebt dhe student\u00ebt jan\u00eb mbledhur n\u00ebp\u00ebr rrug\u00ebt e Turqis\u00eb, duke thirrur \u201cK\u00ebrce, k\u00ebrce, kush nuk k\u00ebrcen \u2013 ai \u00ebsht\u00eb Tayyip\u201d. Disa persona jan\u00eb ndaluar pas nj\u00eb proteste studentore n\u00eb kryeqytetin Ankara, raporton ap.<\/p>\n<div class=\"post-thumbnail\"><img decoding=\"async\" src=\"https:\/\/telegrafi.com\/wp-content\/uploads\/2025\/03\/Imamoglu-ndan-para-sayma-goruntulerine-ilk-aciklama-327861_news_big-780x439.jpg\" alt=\"\u201cPamjet e num\u00ebrimit t\u00eb parave n\u00eb parti\u201d, shkaktar edhe p\u00ebr arrestimin e kryetarit t\u00eb Stambollit\" \/><\/div>\n<p>M\u00eb par\u00eb, agjencia shtet\u00ebrore turke Anadolu njoftoi se prokuror\u00ebt l\u00ebshuan nj\u00eb urdh\u00ebr p\u00ebr arrestimin e kryetarit Ekrem Imamoglu dhe rreth 100 personave t\u00eb tjer\u00eb. Kritik\u00ebt thon\u00eb se kjo operacion ndjek humbjet e m\u00ebdha t\u00eb partis\u00eb n\u00eb pushtet t\u00eb Erdoganit n\u00eb zgjedhjet e marsit, me k\u00ebrkesa gjithnj\u00eb e m\u00eb t\u00eb shprehura p\u00ebr zgjedhje t\u00eb parakohshme komb\u00ebtare.<\/p>\n","protected":false},"excerpt":{"rendered":"<p>Pas arrestimit t\u00eb kryetarit t\u00eb qytetit t\u00eb Stambollit, Ekrem Imamoglu dhe para nominimit p\u00ebr kandidat presidencial, n\u00eb qytetin m\u00eb t\u00eb madh t\u00eb Turqis\u00eb, nga 19 deri m\u00eb 23 mars \u00ebsht\u00eb vendosur nj\u00eb ndalim p\u00ebr protesta, jan\u00eb mbyllur disa stacione metroje dhe hekurudhore, si dhe disa rrug\u00eb n\u00eb qend\u00ebr t\u00eb qytetit, nd\u00ebrkoh\u00eb q\u00eb tramvajet nuk po &hellip;<\/p>\n","protected":false},"author":4,"featured_media":107910,"comment_status":"closed","ping_status":"closed","sticky":false,"template":"","format":"standard","meta":{"footnotes":""},"categories":[38],"tags":[],"class_list":["post-107909","post","type-post","status-publish","format-standard","has-post-thumbnail","","category-bota"],"_links":{"self":[{"href":"https:\/\/rdnews.al\/index.php\/wp-json\/wp\/v2\/posts\/107909","targetHints":{"allow":["GET"]}}],"collection":[{"href":"https:\/\/rdnews.al\/index.php\/wp-json\/wp\/v2\/posts"}],"about":[{"href":"https:\/\/rdnews.al\/index.php\/wp-json\/wp\/v2\/types\/post"}],"author":[{"embeddable":true,"href":"https:\/\/rdnews.al\/index.php\/wp-json\/wp\/v2\/users\/4"}],"replies":[{"embeddable":true,"href":"https:\/\/rdnews.al\/index.php\/wp-json\/wp\/v2\/comments?post=107909"}],"version-history":[{"count":1,"href":"https:\/\/rdnews.al\/index.php\/wp-json\/wp\/v2\/posts\/107909\/revisions"}],"predecessor-version":[{"id":107911,"href":"https:\/\/rdnews.al\/index.php\/wp-json\/wp\/v2\/posts\/107909\/revisions\/107911"}],"wp:featuredmedia":[{"embeddable":true,"href":"https:\/\/rdnews.al\/index.php\/wp-json\/wp\/v2\/media\/107910"}],"wp:attachment":[{"href":"https:\/\/rdnews.al\/index.php\/wp-json\/wp\/v2\/media?parent=107909"}],"wp:term":[{"taxonomy":"category","embeddable":true,"href":"https:\/\/rdnews.al\/index.php\/wp-json\/wp\/v2\/categories?post=107909"},{"taxonomy":"post_tag","embeddable":true,"href":"https:\/\/rdnews.al\/index.php\/wp-json\/wp\/v2\/tags?post=107909"}],"curies":[{"name":"wp","href":"https:\/\/api.w.org\/{rel}","templated":true}]}}