{"id":107913,"date":"2025-03-20T21:04:03","date_gmt":"2025-03-20T21:04:03","guid":{"rendered":"https:\/\/rdnews.al\/?p=107913"},"modified":"2025-03-20T21:04:03","modified_gmt":"2025-03-20T21:04:03","slug":"mazniku-tradhetoi-veliajn-cfare-u-zbulua-nga-pergjimet","status":"publish","type":"post","link":"https:\/\/rdnews.al\/index.php\/2025\/03\/20\/mazniku-tradhetoi-veliajn-cfare-u-zbulua-nga-pergjimet\/","title":{"rendered":"Mazniku tradh\u00ebtoi Veliajn, \u00e7far\u00eb u zbulua nga p\u00ebrgjimet"},"content":{"rendered":"<p>Gazetarja Klodiana Lala, e ftuar n\u00eb emisionin &#8220;T\u00eb Paekspozuarit&#8221; n\u00eb MCN TV, ka dh\u00ebn\u00eb detaje nga p\u00ebrgjimet e SPAK ndaj Veliajt n\u00eb qeli.<\/p>\n<p>Lala tha se nj\u00eb nga personat p\u00ebr t\u00eb cil\u00ebt Veliaj flet me urrejtje, \u00ebsht\u00eb Arbjan Mazniku, p\u00ebr t\u00eb cil\u00ebn ka nj\u00eb gjuh\u00eb mjaft t\u00eb pap\u00ebrshtatshme.<\/p>\n<p>&#8220;Veliaj, ndoqi strategji t\u00eb gabuar n\u00eb m\u00ebnyr\u00ebn si e nd\u00ebrtoi narrativ\u00ebn. Veliaj mund t\u00eb ishte n\u00eb situat\u00eb tjet\u00ebr ligjore, por t\u00eb merrej n\u00eb m\u00ebnyr\u00eb proceduriale dhe jo n\u00eb kurthin ku e fut\u00ebn t\u00eb vet\u00ebt.<\/p>\n<p>P\u00ebrmendet termi redaktori, \u00ebsht\u00eb e v\u00ebrtet\u00eb ajo q\u00eb thot\u00eb zoti Berisha. Statuset shkruhen nga jasht\u00eb, ai flet p\u00ebr thelbin dhe shkruhet.<\/p>\n<p>Nj\u00eb nga njer\u00ebzit q\u00eb mund t\u00eb ishte pran\u00eb zotit Veliaj dhe ai e p\u00ebrmend n\u00eb p\u00ebrgjime \u00ebsht\u00eb zoti Mazniku dhe q\u00eb Veliaj ka nj\u00eb lloj urrejtje. Ai ka pritur q\u00eb Mazniku t\u00eb b\u00ebnte t\u00eb pamundur\u00ebn p\u00ebr t\u00eb. Kam patur mund\u00ebsi t\u00eb informohem nga p\u00ebrgjimet. N\u00eb m\u00ebnyr\u00ebn se si e sulmon dhe gjuh\u00ebn q\u00eb p\u00ebrdor ndaj zotit Mazniku, mes tyre ka nj\u00eb krisje shum\u00eb t\u00eb madhe dhe rrug\u00ebt jan\u00eb ndar\u00eb.<\/p>\n<p>Veliaj flet me urrejtje p\u00ebr Maznikun dhe gjuh\u00eb t\u00eb pap\u00ebrshtatshme. Duket se Veliaj diku n\u00eb mes t\u00eb rrug\u00ebs ka kuptuar se \u00ebsht\u00eb tradhtuar.<\/p>\n<p>Klotilda Bushka ka qen\u00eb shum\u00eb pran\u00eb Veliaj, sot nuk besoj. N\u00eb kushtet kur \u00ebsht\u00eb n\u00eb telashe me drejt\u00ebsin\u00eb\u00a0dhe pozita e saj \u00ebsht\u00eb shum\u00eb delikate dhe rrezikon t\u00eb shkoj\u00eb e pandehur, nuk besoj se \u00ebsht\u00eb n\u00eb kushtet p\u00ebr ti dh\u00ebn\u00eb ndihm\u00eb.<\/p>\n<p>Xhafaj \u00ebsht\u00eb n\u00eb pik\u00ebpyetje p\u00ebr vete. Sot q\u00eb flasim Xhafaj e ka luft\u00ebn me list\u00ebn e hapur, hyn apo jo n\u00eb Parlament. Kur zoti Xhafaj, mund t\u00eb mbetet jasht\u00eb parlamentit, apo p\u00ebr probleme t\u00eb tjera, \u00ebsht\u00eb nj\u00eb person i dob\u00ebsuar n\u00eb pushtetin e vet. Besoj se zotit Veliaj, p\u00ebr m\u00ebnyr\u00ebn se si u soll dhe ngriti narrativ\u00ebn\u2026 Ka shum\u00eb t\u00eb larguar n\u00eb Bashki dhe asksuh nuk flet, me dor\u00ebheqje, shkarkime, ka p\u00ebrplasje brenda grupimeve.<\/p>\n<p>N\u00ebse Veliaj do t\u00eb vepronte ndryshe, mbase mund t\u00eb d\u00ebmtonte realisht Ram\u00ebn n\u00eb zgjedhje. Fakti q\u00eb u t\u00ebrhoq, kuptohet q\u00eb nuk \u00ebsht\u00eb n\u00eb kushtet p\u00ebr t\u00eb hapur betej\u00eb me Edi Ram\u00ebn&#8221;, tha Lala<\/p>\n","protected":false},"excerpt":{"rendered":"<p>Gazetarja Klodiana Lala, e ftuar n\u00eb emisionin &#8220;T\u00eb Paekspozuarit&#8221; n\u00eb MCN TV, ka dh\u00ebn\u00eb detaje nga p\u00ebrgjimet e SPAK ndaj Veliajt n\u00eb qeli. Lala tha se nj\u00eb nga personat p\u00ebr t\u00eb cil\u00ebt Veliaj flet me urrejtje, \u00ebsht\u00eb Arbjan Mazniku, p\u00ebr t\u00eb cil\u00ebn ka nj\u00eb gjuh\u00eb mjaft t\u00eb pap\u00ebrshtatshme. &#8220;Veliaj, ndoqi strategji t\u00eb gabuar n\u00eb m\u00ebnyr\u00ebn &hellip;<\/p>\n","protected":false},"author":3,"featured_media":107914,"comment_status":"closed","ping_status":"closed","sticky":false,"template":"","format":"standard","meta":{"footnotes":""},"categories":[37],"tags":[],"class_list":["post-107913","post","type-post","status-publish","format-standard","has-post-thumbnail","","category-politike"],"_links":{"self":[{"href":"https:\/\/rdnews.al\/index.php\/wp-json\/wp\/v2\/posts\/107913","targetHints":{"allow":["GET"]}}],"collection":[{"href":"https:\/\/rdnews.al\/index.php\/wp-json\/wp\/v2\/posts"}],"about":[{"href":"https:\/\/rdnews.al\/index.php\/wp-json\/wp\/v2\/types\/post"}],"author":[{"embeddable":true,"href":"https:\/\/rdnews.al\/index.php\/wp-json\/wp\/v2\/users\/3"}],"replies":[{"embeddable":true,"href":"https:\/\/rdnews.al\/index.php\/wp-json\/wp\/v2\/comments?post=107913"}],"version-history":[{"count":1,"href":"https:\/\/rdnews.al\/index.php\/wp-json\/wp\/v2\/posts\/107913\/revisions"}],"predecessor-version":[{"id":107915,"href":"https:\/\/rdnews.al\/index.php\/wp-json\/wp\/v2\/posts\/107913\/revisions\/107915"}],"wp:featuredmedia":[{"embeddable":true,"href":"https:\/\/rdnews.al\/index.php\/wp-json\/wp\/v2\/media\/107914"}],"wp:attachment":[{"href":"https:\/\/rdnews.al\/index.php\/wp-json\/wp\/v2\/media?parent=107913"}],"wp:term":[{"taxonomy":"category","embeddable":true,"href":"https:\/\/rdnews.al\/index.php\/wp-json\/wp\/v2\/categories?post=107913"},{"taxonomy":"post_tag","embeddable":true,"href":"https:\/\/rdnews.al\/index.php\/wp-json\/wp\/v2\/tags?post=107913"}],"curies":[{"name":"wp","href":"https:\/\/api.w.org\/{rel}","templated":true}]}}