{"id":107916,"date":"2025-03-20T21:09:45","date_gmt":"2025-03-20T21:09:45","guid":{"rendered":"https:\/\/rdnews.al\/?p=107916"},"modified":"2025-03-20T21:09:45","modified_gmt":"2025-03-20T21:09:45","slug":"deshmia-veliaj-kerkoi-psikiater-ne-qeli-nuk-jam-ne-situate-te-mire-mendore","status":"publish","type":"post","link":"https:\/\/rdnews.al\/index.php\/2025\/03\/20\/deshmia-veliaj-kerkoi-psikiater-ne-qeli-nuk-jam-ne-situate-te-mire-mendore\/","title":{"rendered":"D\u00ebshmia\/ Veliaj k\u00ebrkoi psikiat\u00ebr n\u00eb qeli: Nuk jam n\u00eb situat\u00eb t\u00eb mir\u00eb mendore\u2026"},"content":{"rendered":"<p><strong>Ylli Rakipi<\/strong>: Veliaj ka pretenduar q\u00eb i \u00ebsht\u00eb dh\u00ebn\u00eb ila\u00e7 n\u00eb burg, dhe ai ka folur p\u00ebr\u00e7art, k\u00ebto p\u00ebrgjimet dometh\u00ebnv dhe ka k\u00ebrkuar edhe psikiat\u00ebr. \u00c7far\u00eb informacioni keni ju?<\/p>\n<p><strong>Klodiana Lala:<\/strong> Jan\u00eb urdhra edhe n\u00eb dosjen hetimore. Zoti Veliaj pasi \u00ebsht\u00eb b\u00ebr\u00eb me dije p\u00ebr p\u00ebrgjimet, ka pretenduar se nuk \u00ebsht\u00eb n\u00eb gjendje t\u00eb mir\u00eb psikologjike, ka k\u00ebrkuar konsult\u00eb me psikiatrin, ka th\u00ebn\u00eb nuk kam qen\u00eb n\u00eb situat\u00ebn m\u00eb t\u00eb mir\u00eb mendore se \u00ebsht\u00eb e pamundur t\u00eb kem folur n\u00eb k\u00ebt\u00eb m\u00ebnyr\u00eb. Ulsi Manja ka b\u00ebr\u00eb nj\u00eb urdh\u00ebr, \u00ebsht\u00eb b\u00ebr\u00eb inspektim nga Drita Jaka, shefe e sektorit t\u00eb sh\u00ebndet\u00ebsis\u00eb n\u00eb burgje, zyrtarja m\u00eb jet\u00ebgjat\u00eb n\u00eb k\u00ebt\u00eb institucion. Zonja Jaka para se t\u00eb merrte kontakt, ka b\u00ebr\u00eb nj\u00eb inventar t\u00eb t\u00eb gjith\u00eb barnave q\u00eb kan\u00eb hyr\u00eb. \u00cbsht\u00eb b\u00ebr\u00eb inventar p\u00ebr barnat n\u00eb gjendje dhe ato q\u00eb i jan\u00eb dh\u00ebn\u00eb t\u00eb paraburgosur\u00ebve. N\u00eb bashk\u00ebpunim edhe me mjeken e burgut kan\u00eb marr\u00eb kontakt me zotin Veliaj dhe rezulton se ai ka marr\u00eb vet\u00ebm ila\u00e7e p\u00ebr tensionin, ka patur problematika me tensionin e lart\u00eb.<\/p>\n<p>Zotit Veliaj i \u00ebsht\u00eb k\u00ebrkuar nga drejtoria e burgut, t\u00eb transferohet n\u00eb qendr\u00ebn spitalore t\u00eb burgjeve p\u00ebr ekzaminime, nuk ka shkuar.\u00a0 Zoti Veliaj si \u00e7do i paraburgosur mund t\u00eb ket\u00eb shqet\u00ebsime sh\u00ebndet\u00ebsore. Pra k\u00ebt\u00eb thot\u00eb raporti.<\/p>\n<p>Zoti Veliajt duhet ti respektohen t\u00eb gjith\u00eb t\u00eb drejtat, jam p\u00ebr trajtimin e tij human, si \u00e7do i paraburgosur.<\/p>\n<p>P\u00ebr nj\u00eb periudh\u00eb t\u00eb gjat\u00eb zyrtar\u00ebt e lart\u00eb nuk rrinin n\u00eb burg, se i b\u00ebnin ose me probleme psikologjike, klaustrofobike, t\u00eb zemr\u00ebs e me rradh\u00eb n\u00eb spitale me pes\u00eb yje. Ke edhe sot zyrtar\u00eb t\u00eb lart\u00eb q\u00eb rrin\u00eb n\u00eb spitale private. \u00cbsht\u00eb problem thelb\u00ebsor po ti hysh k\u00ebsaj.<\/p>\n<p>Ju e dini si ka qene burgu i Durr\u00ebsit. Aty p\u00ebr koh\u00eb me rradh\u00eb, hynte drog\u00eb, \u00e7far\u00ebdo lloj ushqimi, kishte palest\u00ebr\u2026.&#8221;, tha Lala.<\/p>\n","protected":false},"excerpt":{"rendered":"<p>Ylli Rakipi: Veliaj ka pretenduar q\u00eb i \u00ebsht\u00eb dh\u00ebn\u00eb ila\u00e7 n\u00eb burg, dhe ai ka folur p\u00ebr\u00e7art, k\u00ebto p\u00ebrgjimet dometh\u00ebnv dhe ka k\u00ebrkuar edhe psikiat\u00ebr. \u00c7far\u00eb informacioni keni ju? Klodiana Lala: Jan\u00eb urdhra edhe n\u00eb dosjen hetimore. Zoti Veliaj pasi \u00ebsht\u00eb b\u00ebr\u00eb me dije p\u00ebr p\u00ebrgjimet, ka pretenduar se nuk \u00ebsht\u00eb n\u00eb gjendje t\u00eb mir\u00eb &hellip;<\/p>\n","protected":false},"author":3,"featured_media":105690,"comment_status":"closed","ping_status":"closed","sticky":false,"template":"","format":"standard","meta":{"footnotes":""},"categories":[37],"tags":[],"class_list":["post-107916","post","type-post","status-publish","format-standard","has-post-thumbnail","","category-politike"],"_links":{"self":[{"href":"https:\/\/rdnews.al\/index.php\/wp-json\/wp\/v2\/posts\/107916","targetHints":{"allow":["GET"]}}],"collection":[{"href":"https:\/\/rdnews.al\/index.php\/wp-json\/wp\/v2\/posts"}],"about":[{"href":"https:\/\/rdnews.al\/index.php\/wp-json\/wp\/v2\/types\/post"}],"author":[{"embeddable":true,"href":"https:\/\/rdnews.al\/index.php\/wp-json\/wp\/v2\/users\/3"}],"replies":[{"embeddable":true,"href":"https:\/\/rdnews.al\/index.php\/wp-json\/wp\/v2\/comments?post=107916"}],"version-history":[{"count":1,"href":"https:\/\/rdnews.al\/index.php\/wp-json\/wp\/v2\/posts\/107916\/revisions"}],"predecessor-version":[{"id":107917,"href":"https:\/\/rdnews.al\/index.php\/wp-json\/wp\/v2\/posts\/107916\/revisions\/107917"}],"wp:featuredmedia":[{"embeddable":true,"href":"https:\/\/rdnews.al\/index.php\/wp-json\/wp\/v2\/media\/105690"}],"wp:attachment":[{"href":"https:\/\/rdnews.al\/index.php\/wp-json\/wp\/v2\/media?parent=107916"}],"wp:term":[{"taxonomy":"category","embeddable":true,"href":"https:\/\/rdnews.al\/index.php\/wp-json\/wp\/v2\/categories?post=107916"},{"taxonomy":"post_tag","embeddable":true,"href":"https:\/\/rdnews.al\/index.php\/wp-json\/wp\/v2\/tags?post=107916"}],"curies":[{"name":"wp","href":"https:\/\/api.w.org\/{rel}","templated":true}]}}