{"id":107918,"date":"2025-03-21T09:01:31","date_gmt":"2025-03-21T09:01:31","guid":{"rendered":"https:\/\/rdnews.al\/?p=107918"},"modified":"2025-03-21T09:01:31","modified_gmt":"2025-03-21T09:01:31","slug":"birn-rama-synon-te-mbuloje-korrupsionin-dhe-deshtimet-po-perdor-integrimin-ne-be-per-fushate","status":"publish","type":"post","link":"https:\/\/rdnews.al\/index.php\/2025\/03\/21\/birn-rama-synon-te-mbuloje-korrupsionin-dhe-deshtimet-po-perdor-integrimin-ne-be-per-fushate\/","title":{"rendered":"BIRN: Rama synon t\u00eb mbuloj\u00eb korrupsionin dhe d\u00ebshtimet, po p\u00ebrdor integrimin n\u00eb BE p\u00ebr fushat\u00eb"},"content":{"rendered":"<p><strong>Pas 12 vitesh n\u00eb pushtet, kryeministri Edi Rama po u premton s\u00ebrish shqiptar\u00ebve \u201c\u00ebndrr\u00ebn europiane\u201d n\u00eb nj\u00eb p\u00ebrpjekje, q\u00eb sipas kund\u00ebrshtar\u00ebve t\u00eb tij politik\u00eb, nuk \u00ebsht\u00eb e bazuar n\u00eb realitet dhe synon q\u00eb t\u00eb mbuloj\u00eb skandalet korruptive dhe d\u00ebshtimin e qeverisjes.<\/strong><\/p>\n<p>Kur mbeten ende 3 jav\u00eb nga hapja zyrtare e fushat\u00ebs elektorale p\u00ebr zgjedhjet parlamentare t\u00eb 11 majit, kryeministri\u00a0Edi Rama\u00a0ka nisur t\u00eb artikuloj\u00eb tezat e tij n\u00eb k\u00ebrkim t\u00eb nj\u00eb mandati t\u00eb kat\u00ebrt n\u00eb qeverisje. T\u00eb enjten, Rama publikoi n\u00eb rrjetet e tij sociale nj\u00eb poster me numrin 5, q\u00eb tregon renditjen e Partis\u00eb Socialiste n\u00eb flet\u00ebn e votimit, duke k\u00ebrkuar votat n\u00eb k\u00ebmbim t\u00eb premtimit p\u00ebr \u201cpasaport\u00ebn europiane\u201d ndaj shqiptar\u00ebve.<\/p>\n<p>\u201cMe thjesht nj\u00eb vot\u00eb p\u00ebr mua dhe PS m\u00eb 11 maj, \u00e7do prind ka n\u00eb dor\u00eb t\u2019u jap\u00eb f\u00ebmij\u00ebve t\u00eb vet pashaport\u00ebn e qytetarit shqiptar t\u00eb Bashkimit Europian, e t\u00eb mos i ler\u00eb t\u00eb rriten si qytetar\u00eb t\u00eb dor\u00ebs s\u00eb dyt\u00eb n\u00eb mes t\u00eb Europ\u00ebs,\u201d propagandoi Rama n\u00eb Facebook, duke p\u00ebrdorur si simbol edhe flamurin e Bashkimit Europian.<\/p>\n<p>Duke e p\u00ebrdorur procesin e integrimit n\u00eb BE si kart\u00eb elektorale, kryeministri Rama u b\u00ebn thirrje qytetar\u00ebve q\u00eb t\u00eb votojn\u00eb Partin\u00eb Socialiste, si e vetmja forc\u00eb sipas tij q\u00eb mund ta fus\u00eb vendin n\u00eb BE, duke premtuar n\u00eb m\u00ebnyr\u00eb t\u00eb nj\u00ebanshme edhe p\u00ebrfundimin e negociatave n\u00eb vitin 2027.<\/p>\n<p>Procesi i integrimit \u00ebsht\u00eb nj\u00eb proces m\u00eb shum\u00eb teknik dhe varet nga p\u00ebrmbushja e kritereve q\u00eb i vendosen qeveris\u00eb shqiptare nga Brukseli. Aktualisht, Shqip\u00ebria ndodhet n\u00eb fillim t\u00eb rrug\u00ebs p\u00ebr an\u00ebtar\u00ebsim, pasi n\u00eb dhjetor u mor vendimi p\u00ebr \u00e7eljen e negociatave p\u00ebr grup-kapitujt e par\u00eb, t\u00eb ashtuqujturat \u201cThemeloret\u201d, q\u00eb p\u00ebrfshijn\u00eb sundimin e ligjit dhe institucionet demokratike.<\/p>\n<p>Ky proces i zgjatur prej dy dekadash q\u00eb nga marr\u00ebveshja e Stablizim-Asociimit n\u00eb vitin 2005, \u00ebsht\u00eb penguar ose ka mbetur pezull n\u00eb t\u00eb shumt\u00ebn e rasteve p\u00ebr shkak t\u00eb konflikteve t\u00eb brendshme politike, munges\u00ebn e vullnetit p\u00ebr t\u00eb luftuar krimin dhe korrupsionin dhe mosrealizimit t\u00eb zgjedhjeve sipas standardeve demokratike.<\/p>\n<p>P\u00ebr opozit\u00ebn dhe ekspert\u00eb t\u00eb politik\u00ebs, p\u00ebrdorimi i tez\u00ebs s\u00eb integrimit si tez\u00eb elektorale nga Rama nuk \u00ebsht\u00eb i bazuar n\u00eb realitet dhe tregon sipas tyre shterp\u00ebsin\u00eb e nj\u00eb programi pas nj\u00eb kohe t\u00eb gjat\u00eb n\u00eb pushtet.<\/p>\n<p>\u201cPo p\u00ebrdoret procesi\u00a0 i integrimit p\u00ebr fushat\u00eb n\u00eb nj\u00eb moment kur jemi n\u00eb faz\u00ebn e hapjes s\u00eb grup-kapitujve,\u201d thot\u00eb\u00a0Jorida Tabaku, deputete e Partis\u00eb Demokratike dhe kryetare e Komisionit Parlamentar t\u00eb Integrimit.<\/p>\n<p>Tabaku i tha BIRN se opozita ka pasur nj\u00eb k\u00ebrkes\u00eb t\u00eb qart\u00eb p\u00ebr p\u00ebrfaq\u00ebsuesit e Komisionit Europian q\u00eb gjat\u00eb periudh\u00ebs zgjedhore t\u00eb mos ket\u00eb konferenca nd\u00ebrqeveritare Shqip\u00ebri-BE p\u00ebr shkak t\u00eb p\u00ebrdorimit t\u00eb tyre n\u00eb m\u00ebnyr\u00eb elektorale.<\/p>\n<p>\u201cProcesi i integrimit nuk ka pasur ndonj\u00eb avancim n\u00eb 12 vite dhe k\u00ebta pretendojn\u00eb se at\u00eb q\u00eb s\u2019kan\u00eb b\u00ebr\u00eb n\u00eb 12 vite do ta b\u00ebjn\u00eb n\u00eb 1 vit,\u201d theksoi Tabaku, duke k\u00ebmb\u00ebngulur se afati i premtuar nga Rama p\u00ebr pasaport\u00ebn europiane n\u00eb 2027 \u00ebsht\u00eb jorealist.<\/p>\n<p>\u201cNuk ka p\u00ebr ta marr\u00eb \u00e7far\u00ebdo q\u00eb t\u00eb b\u00ebjn\u00eb, sepse ashtu si\u00e7 tha Komisonierja p\u00ebr Zgjerimin; nuk ka r\u00ebnd\u00ebsi sa grup-kapituj hap, po sa prej tyre mbyll,\u201d shtoi ajo.<\/p>\n<p>Edhe\u00a0Arlind Qori, kryetar i partis\u00eb \u201cL\u00ebvizja Bashk\u00eb\u201d mendon se Rama e ka zgjedhur \u201cn\u00eb m\u00ebnyr\u00eb t\u00eb pandershme\u201d procesin e integrimit si kart\u00eb elektorale dhe po e p\u00ebrdor at\u00eb p\u00ebr t\u00eb mbuluar skandalet korruptive dhe d\u00ebshtimet e qeverisjes.<\/p>\n<p>\u201cRama \u00ebsht\u00eb nj\u00eb kryeminist\u00ebr shterp\u00eb n\u00eb ide. Vizioni i tij zhvillimor nuk shkon dot p\u00ebrtej pastrimit t\u00eb parave t\u00eb pista n\u00eb sektorin e nd\u00ebrtimit. Ndaj k\u00ebt\u00eb shterp\u00ebsi dhe korrupsion orvatet ta mbuloj\u00eb p\u00ebrmes gjesteve teatrale apo legjitimitetit fals q\u00eb vjen prej organizimeve nd\u00ebrkomb\u00ebtare,\u201d tha Qori p\u00ebr BIRN.<\/p>\n<p>Sipas Qorit, nj\u00eb proces i sh\u00ebndosh\u00eb i integrimit duhet t\u00eb vij\u00eb prej p\u00ebrfshirjes s\u00eb t\u00eb gjith\u00eb shoq\u00ebris\u00eb dhe jo t\u00eb instrumentalizohej p\u00ebr arsye elektorale. Gjithsesi, ai beson se premtimet p\u00ebr pasaporta europiane nuk do t\u00eb japin rezultat n\u00eb zgjedhje.<\/p>\n<p>\u201cDikur luante rol edhe nj\u00eb foto me p\u00ebrfaq\u00ebsues nd\u00ebrkomb\u00ebtar\u00eb. Tanim\u00eb jo. Qytetar\u00ebt duan n\u00eb radh\u00eb t\u00eb par\u00eb q\u00eb Shqip\u00ebria t\u00eb b\u00ebhet e jetueshme, t\u00eb kemi nj\u00eb model t\u00eb q\u00ebndruesh\u00ebm zhvillimi dhe sh\u00ebrbime publike cil\u00ebsore,\u201d theksoi Qori.<\/p>\n<p><strong>P\u00ebrdorimi politik i integrimit\u00a0<\/strong><\/p>\n<p>Kryeministri Edi Rama erdhi n\u00eb pushtet n\u00eb vitin 2013 me premtime t\u00eb tjera, t\u00eb cilat lidheshin me luft\u00ebn kund\u00ebr korrupsionit, sh\u00ebndet\u00ebsin\u00eb falas, p\u00ebrmbylljen e procesit t\u00eb legalizimeve apo taks\u00ebn progresive dhe forcimin e shtetit. Ai i fitoi zgjedhjet pas nj\u00eb koalicioni me Ilir Met\u00ebn, ish-aleatin e Berish\u00ebs n\u00eb qeveri, por 4 vite m\u00eb von\u00eb n\u00eb 2017-\u00ebn u k\u00ebrkoi votat shqiptar\u00ebve p\u00ebr t\u00eb qeverisur i vet\u00ebm, duke e akuzuar aleanc\u00ebn me Met\u00ebn se kishte p\u00ebrdorur pushtetin si nj\u00eb \u2018tepsi\u2019 p\u00ebr korrupsion.<\/p>\n<p>Nd\u00ebrsa n\u00eb vitin 2021, Rama p\u00ebrdori reform\u00ebn n\u00eb drejt\u00ebsi si kalin e betej\u00ebs elektorale, e cila sapo kishte nisur t\u00eb jepte frytet e para pas ngritjes s\u00eb institucionet e reja t\u00eb drejt\u00ebsis\u00eb.<\/p>\n<p>Sot kur bilanci i k\u00ebsaj reforme ka \u00e7uar pas hekurave p\u00ebr korrupsion disa nga bashk\u00ebpun\u00ebtor\u00ebt m\u00eb t\u00eb ngusht\u00eb t\u00eb Ram\u00ebs n\u00eb ekzekutiv dhe s\u00eb fundmi dhe kryebashkiakun e Tiran\u00ebs Erion Veliaj, kryeministri ka zgjedhur t\u2019u ofroj\u00eb shqiptar\u00ebve \u201c\u00ebndrr\u00ebn europiane\u201d.<\/p>\n<p>N\u00eb fushat\u00ebn elektorale t\u00eb vitit 2013, ish-kryeministri i asaj kohe,\u00a0Sali Berisha\u00a0u fut n\u00eb zgjedhje me nj\u00eb tez\u00eb t\u00eb ngjashme dhe me avantazh vendimin e Bashkimit Europian p\u00ebr t\u00eb liberalizuar vizat me Shqip\u00ebrin\u00eb. Por Berisha i humbi zgjedhjet.<\/p>\n<p>Sipas ekspertit t\u00eb politik\u00ebs,\u00a0Ervis Iljazaj, pedagog i Shkencave Politike pran\u00eb Universitetit Europian t\u00eb Tiran\u00ebs, procesi i integrimit gjithmon\u00eb \u00ebsht\u00eb p\u00ebrdorur nga politika shqiptare gjat\u00eb tranzicionit, sepse klasa politike luan me \u00ebndrr\u00ebn e shqiptar\u00ebve p\u00ebr t\u2019u b\u00ebr\u00eb qytetar\u00eb europian\u00eb.<\/p>\n<p>\u201cEdhe pse procesi i integrimit ka qen\u00eb i gjat\u00eb, rraskapit\u00ebs dhe shum\u00eb i v\u00ebshtir\u00eb, p\u00ebrs\u00ebri shqiptar\u00ebt k\u00ebrkojn\u00eb t\u00eb jen\u00eb pj\u00ebse e BE me t\u00eb drejta t\u00eb plota. N\u00eb k\u00ebt\u00eb kuptim, edhe k\u00ebsaj here procesi i integrimit po p\u00ebrdoret p\u00ebr interesa politike,\u201d tha ai p\u00ebr BIRN.<\/p>\n<p>Por, sipas Iljazajt, kartat e integrimit q\u00eb po luan Rama nuk jan\u00eb p\u00ebrcaktuese p\u00ebr konsensusin popullor. Ai beson se ka disa arsye se pse Rama krejt papritur e ktheu k\u00ebt\u00eb proces n\u00eb nj\u00eb tez\u00eb elektorale pas 12 vitesh n\u00eb pushtet, q\u00eb jan\u00eb t\u00eb lidhura me munges\u00ebn e ideve t\u00eb reja t\u00eb tij dhe me nj\u00eb faktor gjeopolitik q\u00eb favorizon integrimin e Shqip\u00ebris\u00eb.<\/p>\n<p>\u201cTashm\u00eb q\u00eb Shqip\u00ebria ka \u00e7elur negociatat, konteksti gjeopolitik \u00ebsht\u00eb i favorsh\u00ebm dhe Rama k\u00ebrkon ta p\u00ebrdor\u00eb si merit\u00eb t\u00eb tij integrimin e Shqip\u00ebris\u00eb n\u00eb BE\u201d, tha Iljazaj, duke theksuar edhe kontradikt\u00ebn n\u00eb q\u00ebndrimet e kryeministrit, t\u00eb tipit:\u201ckur Shqip\u00ebria merrte vendime negative nga BE ishte faji i Europ\u00ebs, nd\u00ebrsa tashm\u00eb q\u00eb integrimi europian ka shanse v\u00ebrtet, kjo \u00ebsht\u00eb merit\u00eb e Qeveris\u00eb\u201d.<\/p>\n<p>Iljazaj beson gjithashtu se Rama po e luan k\u00ebt\u00eb kart\u00eb, pasi pas 12 vitesh n\u00eb qeveri dhe me pushtet t\u00eb plot\u00eb, nuk ka se \u00e7far\u00eb t\u00eb premtoj\u00eb m\u00eb. Nga ana tjet\u00ebr, loj\u00ebn politike me procesin e integrimit, ai e sheh si t\u00eb d\u00ebmsh\u00ebm p\u00ebr vet\u00eb procesin, i cili k\u00ebrkon \u201cbashk\u00ebpunim dhe jo konflikt\u201d.<\/p>\n<p>\u201cSigurisht q\u00eb kjo qasje konfliktuale e politik\u00ebs s\u00eb brendshme ndikon n\u00eb marr\u00ebdh\u00ebniet Shqip\u00ebri-Bruksel, pasi zyrtar\u00ebt e BE k\u00ebrkojn\u00eb nj\u00eb klim\u00eb bashk\u00ebpunuese p\u00ebr integrimin dhe jo p\u00ebrdorimin e k\u00ebsaj \u00e7\u00ebshtje p\u00ebr arsye elektorale,\u201d p\u00ebrfundoi Iljazaj.<\/p>\n<p><strong><a href=\"https:\/\/www.reporter.al\/2025\/03\/21\/endrra-europiane-si-po-e-perdor-edi-rama-integrimin-ne-be-si-karte-elektorale\/\" target=\"_blank\" rel=\"noopener\">\/BIRN<\/a><\/strong><\/p>\n","protected":false},"excerpt":{"rendered":"<p>Pas 12 vitesh n\u00eb pushtet, kryeministri Edi Rama po u premton s\u00ebrish shqiptar\u00ebve \u201c\u00ebndrr\u00ebn europiane\u201d n\u00eb nj\u00eb p\u00ebrpjekje, q\u00eb sipas kund\u00ebrshtar\u00ebve t\u00eb tij politik\u00eb, nuk \u00ebsht\u00eb e bazuar n\u00eb realitet dhe synon q\u00eb t\u00eb mbuloj\u00eb skandalet korruptive dhe d\u00ebshtimin e qeverisjes. Kur mbeten ende 3 jav\u00eb nga hapja zyrtare e fushat\u00ebs elektorale p\u00ebr zgjedhjet parlamentare &hellip;<\/p>\n","protected":false},"author":4,"featured_media":107727,"comment_status":"closed","ping_status":"closed","sticky":false,"template":"","format":"standard","meta":{"footnotes":""},"categories":[37],"tags":[],"class_list":["post-107918","post","type-post","status-publish","format-standard","has-post-thumbnail","","category-politike"],"_links":{"self":[{"href":"https:\/\/rdnews.al\/index.php\/wp-json\/wp\/v2\/posts\/107918","targetHints":{"allow":["GET"]}}],"collection":[{"href":"https:\/\/rdnews.al\/index.php\/wp-json\/wp\/v2\/posts"}],"about":[{"href":"https:\/\/rdnews.al\/index.php\/wp-json\/wp\/v2\/types\/post"}],"author":[{"embeddable":true,"href":"https:\/\/rdnews.al\/index.php\/wp-json\/wp\/v2\/users\/4"}],"replies":[{"embeddable":true,"href":"https:\/\/rdnews.al\/index.php\/wp-json\/wp\/v2\/comments?post=107918"}],"version-history":[{"count":1,"href":"https:\/\/rdnews.al\/index.php\/wp-json\/wp\/v2\/posts\/107918\/revisions"}],"predecessor-version":[{"id":107919,"href":"https:\/\/rdnews.al\/index.php\/wp-json\/wp\/v2\/posts\/107918\/revisions\/107919"}],"wp:featuredmedia":[{"embeddable":true,"href":"https:\/\/rdnews.al\/index.php\/wp-json\/wp\/v2\/media\/107727"}],"wp:attachment":[{"href":"https:\/\/rdnews.al\/index.php\/wp-json\/wp\/v2\/media?parent=107918"}],"wp:term":[{"taxonomy":"category","embeddable":true,"href":"https:\/\/rdnews.al\/index.php\/wp-json\/wp\/v2\/categories?post=107918"},{"taxonomy":"post_tag","embeddable":true,"href":"https:\/\/rdnews.al\/index.php\/wp-json\/wp\/v2\/tags?post=107918"}],"curies":[{"name":"wp","href":"https:\/\/api.w.org\/{rel}","templated":true}]}}