{"id":107920,"date":"2025-03-21T09:19:58","date_gmt":"2025-03-21T09:19:58","guid":{"rendered":"https:\/\/rdnews.al\/?p=107920"},"modified":"2025-03-21T09:19:58","modified_gmt":"2025-03-21T09:19:58","slug":"rama-ne-durres-na-vjen-keq-per-shoket-e-partise-ne-burg-por-jemi-krenare","status":"publish","type":"post","link":"https:\/\/rdnews.al\/index.php\/2025\/03\/21\/rama-ne-durres-na-vjen-keq-per-shoket-e-partise-ne-burg-por-jemi-krenare\/","title":{"rendered":"Rama n\u00eb Durr\u00ebs: Na vjen keq p\u00ebr \u201cshok\u00ebt e partis\u00eb\u201d n\u00eb burg, por jemi krenar\u00eb&#8230;"},"content":{"rendered":"<p>Gjat\u00eb nj\u00eb takimi n\u00eb Durr\u00ebs, kryeministri Edi Rama ka folur p\u00ebr drejt\u00ebsin\u00eb, ku tha se i vjen keq p\u00ebr disa nga socialist\u00ebt q\u00eb kan\u00eb p\u00ebrfunduar n\u00eb qeli.<\/p>\n<p>Por m\u00eb tej Rama tha se duhet t\u00eb jen\u00eb krenar\u00eb p\u00ebr Reform\u00ebn n\u00eb Drejt\u00ebsi, t\u00eb cil\u00ebn sipas tij e ka b\u00ebr\u00eb Partia Socialiste.<\/p>\n<p>\u201c<em>Ne duhet t\u00eb jemi krenar\u00eb, jo kokulur, p\u00ebr faktin, q\u00eb p\u00ebrtej dhimbjes personale p\u00ebr arsye njer\u00ebzore se nuk na vjen mir\u00eb t\u00eb shohim dik\u00eb q\u00eb deri dje ka qen\u00eb mes nesh, nd\u00ebrsa sot \u00ebsht\u00eb n\u00eb duart e drejt\u00ebsis\u00eb. Por ama nuk ndodhte kjo kurr\u00eb n\u00ebse nuk do e kishim hapur ne k\u00ebt\u00eb kapak. K\u00ebtu u vran\u00eb 4 veta mes bulevardit dhe s\u2019u pyet njeri. U refuzua zbatimi i urdhrave t\u00eb prokurorit. E kupton ku kemi qen\u00eb.<\/em><\/p>\n<p><em>E kemi b\u00ebr\u00eb ne. Si qenka kjo. E kemi b\u00ebr\u00eb ne dhe nuk e b\u00ebn dot askush tjet\u00ebr. Ata e thon\u00eb cop\u00eb, m\u00eb 12 maj do shkrijm\u00eb SPAK<\/em>\u201d, tha Rama.<\/p>\n<p>Gjat\u00eb nj\u00eb takimi n\u00eb Durr\u00ebs, kryeministri Edi Rama ka folur p\u00ebr drejt\u00ebsin\u00eb, ku tha se i vjen keq p\u00ebr disa nga socialist\u00ebt q\u00eb kan\u00eb p\u00ebrfunduar n\u00eb qeli.<\/p>\n<p>Por m\u00eb tej Rama tha se duhet t\u00eb jen\u00eb krenar\u00eb p\u00ebr Reform\u00ebn n\u00eb Drejt\u00ebsi, t\u00eb cil\u00ebn sipas tij e ka b\u00ebr\u00eb Partia Socialiste.<\/p>\n<p>\u201c<em>Ne duhet t\u00eb jemi krenar\u00eb, jo kokulur, p\u00ebr faktin, q\u00eb p\u00ebrtej dhimbjes personale p\u00ebr arsye njer\u00ebzore se nuk na vjen mir\u00eb t\u00eb shohim dik\u00eb q\u00eb deri dje ka qen\u00eb mes nesh, nd\u00ebrsa sot \u00ebsht\u00eb n\u00eb duart e drejt\u00ebsis\u00eb. Por ama nuk ndodhte kjo kurr\u00eb n\u00ebse nuk do e kishim hapur ne k\u00ebt\u00eb kapak. K\u00ebtu u vran\u00eb 4 veta mes bulevardit dhe s\u2019u pyet njeri. U refuzua zbatimi i urdhrave t\u00eb prokurorit. E kupton ku kemi qen\u00eb.<\/em><\/p>\n<p><em>E kemi b\u00ebr\u00eb ne. Si qenka kjo. E kemi b\u00ebr\u00eb ne dhe nuk e b\u00ebn dot askush tjet\u00ebr. Ata e thon\u00eb cop\u00eb, m\u00eb 12 maj do shkrijm\u00eb SPAK<\/em>\u201d, tha Rama.<\/p>\n","protected":false},"excerpt":{"rendered":"<p>Gjat\u00eb nj\u00eb takimi n\u00eb Durr\u00ebs, kryeministri Edi Rama ka folur p\u00ebr drejt\u00ebsin\u00eb, ku tha se i vjen keq p\u00ebr disa nga socialist\u00ebt q\u00eb kan\u00eb p\u00ebrfunduar n\u00eb qeli. Por m\u00eb tej Rama tha se duhet t\u00eb jen\u00eb krenar\u00eb p\u00ebr Reform\u00ebn n\u00eb Drejt\u00ebsi, t\u00eb cil\u00ebn sipas tij e ka b\u00ebr\u00eb Partia Socialiste. \u201cNe duhet t\u00eb jemi krenar\u00eb, &hellip;<\/p>\n","protected":false},"author":4,"featured_media":107921,"comment_status":"closed","ping_status":"closed","sticky":false,"template":"","format":"standard","meta":{"footnotes":""},"categories":[37],"tags":[],"class_list":["post-107920","post","type-post","status-publish","format-standard","has-post-thumbnail","","category-politike"],"_links":{"self":[{"href":"https:\/\/rdnews.al\/index.php\/wp-json\/wp\/v2\/posts\/107920","targetHints":{"allow":["GET"]}}],"collection":[{"href":"https:\/\/rdnews.al\/index.php\/wp-json\/wp\/v2\/posts"}],"about":[{"href":"https:\/\/rdnews.al\/index.php\/wp-json\/wp\/v2\/types\/post"}],"author":[{"embeddable":true,"href":"https:\/\/rdnews.al\/index.php\/wp-json\/wp\/v2\/users\/4"}],"replies":[{"embeddable":true,"href":"https:\/\/rdnews.al\/index.php\/wp-json\/wp\/v2\/comments?post=107920"}],"version-history":[{"count":1,"href":"https:\/\/rdnews.al\/index.php\/wp-json\/wp\/v2\/posts\/107920\/revisions"}],"predecessor-version":[{"id":107922,"href":"https:\/\/rdnews.al\/index.php\/wp-json\/wp\/v2\/posts\/107920\/revisions\/107922"}],"wp:featuredmedia":[{"embeddable":true,"href":"https:\/\/rdnews.al\/index.php\/wp-json\/wp\/v2\/media\/107921"}],"wp:attachment":[{"href":"https:\/\/rdnews.al\/index.php\/wp-json\/wp\/v2\/media?parent=107920"}],"wp:term":[{"taxonomy":"category","embeddable":true,"href":"https:\/\/rdnews.al\/index.php\/wp-json\/wp\/v2\/categories?post=107920"},{"taxonomy":"post_tag","embeddable":true,"href":"https:\/\/rdnews.al\/index.php\/wp-json\/wp\/v2\/tags?post=107920"}],"curies":[{"name":"wp","href":"https:\/\/api.w.org\/{rel}","templated":true}]}}