{"id":107925,"date":"2025-03-21T09:53:53","date_gmt":"2025-03-21T09:53:53","guid":{"rendered":"https:\/\/rdnews.al\/?p=107925"},"modified":"2025-03-21T09:55:39","modified_gmt":"2025-03-21T09:55:39","slug":"dosja-veliaj-pd-con-ne-spak-bushken-dhe-llagamin-kalaja-hetim-pasuror-dhe-sekuestrim-te-celulareve","status":"publish","type":"post","link":"https:\/\/rdnews.al\/index.php\/2025\/03\/21\/dosja-veliaj-pd-con-ne-spak-bushken-dhe-llagamin-kalaja-hetim-pasuror-dhe-sekuestrim-te-celulareve\/","title":{"rendered":"Dosja Veliaj\/ PD \u00e7on n\u00eb SPAK Bushk\u00ebn dhe Llagamin, Kalaja: Hetim pasuror dhe sekuestrim t\u00eb celular\u00ebve"},"content":{"rendered":"<p>PD \u00e7on n\u00eb SPAK Bushk\u00ebn dhe Llagamin p\u00ebr p\u00ebrgjimet e b\u00ebra publike, p\u00ebr lidhjet e tyre me \u00e7iftin Veliaj-Xoxa dhe ushtrimin e ndikimit t\u00eb paligjsh\u00ebm n\u00eb sistemin e drejt\u00ebsis\u00eb.<\/p>\n<p>Bushka ka grabitur nj\u00eb pron\u00eb me disa bashk\u00ebpronar\u00eb n\u00eb Rrug\u00ebn e Dibr\u00ebs me falsifikim, p\u00ebr shkak t\u00eb pozicionit politik t\u00eb saj.<\/p>\n<p>Avokatja Adriana Kalaja, n\u00eb nj\u00eb prononcim p\u00ebrpara SPAK theksoi se, kall\u00ebzimi bazohet n\u00eb p\u00ebrgjimet e publikuara nga OraNews dhe k\u00ebrkoi sekuestrimin e aparateve celular\u00eb t\u00eb akuzuarve.<\/p>\n<p>Ajo k\u00ebrkoi gjithashtu mas\u00eb sigurimi p\u00ebr Bushk\u00ebn dhe Llagamin, pasi dyshohen p\u00ebr pengimin n\u00eb zbardhjen e s\u00eb v\u00ebrtet\u00ebs dhe p\u00ebrfitime t\u00eb paligjshme nga fondacionet e Xox\u00ebs.<\/p>\n<p>\u201cSot vijm\u00eb me nj\u00eb kall\u00ebzim t\u00eb ri. Kall\u00ebzojm\u00eb kryetaren e Komisionit t\u00eb Ligjeve, Klotilda Bushka, kall\u00ebzojm\u00eb ish-kryetaren e KLGJ-s\u00eb, Nereda Llagamin, bashk\u00eb me Erion Veliajn dhe Ajola Xoxen, p\u00ebr shkak t\u00eb ushtrimit t\u00eb ndikimit t\u00eb paligjsh\u00ebm p\u00ebr shum\u00eb \u00e7\u00ebshtje n\u00eb sistemin gjyq\u00ebsor, por mbi t\u00eb gjitha p\u00ebr shkak t\u00eb t\u00eb gjitha atyre p\u00ebrgjimeve t\u00eb b\u00ebr\u00eb publike nga OraNews dhe p\u00ebr t\u00eb cil\u00ebn ne, me k\u00ebt\u00eb rast, i kemi k\u00ebrkuar SPAK-s\u00eb, sekuestrimin e aparateve celular\u00eb t\u00eb dy t\u00eb akuzuarve prej nesh, pra si Bushk\u00ebs ashtu dhe Llagamit.<\/p>\n<p>Nga ana tjet\u00ebr, kemi sjell\u00eb nj\u00eb informacion shum\u00eb t\u00eb zhvilluar me lidhjet q\u00eb k\u00ebto dy an\u00ebtar\u00eb mund t\u2019i quajm\u00eb plot\u00ebsisht t\u00eb Partis\u00eb Socialiste, se si kan\u00eb ushtruar ndikim t\u00eb paligjsh\u00ebm n\u00eb sistemin e drejt\u00ebsis\u00eb, por duke p\u00ebrfituar t\u00eb ardhura t\u00eb ndryshme nga fondacionet, t\u00eb cilat ishin n\u00eb zot\u00ebrim nga Ajola Xoxa.<\/p>\n<p>Ne gjykojm\u00eb se Klotilda Bushka, qoft\u00eb edhe p\u00ebr vepr\u00ebn penale q\u00eb po hetohet tani nga SPAK, p\u00ebr pengimin n\u00eb zbardhjen e s\u00eb v\u00ebrtet\u00ebs, \u00ebsht\u00eb nj\u00eb vep\u00ebr penale e cila n\u00eb fakt duhet t\u00eb shoq\u00ebrohet me nj\u00eb mas\u00eb sigurimi. P\u00ebr k\u00ebt\u00eb arsye, ne i kemi k\u00ebrkuar SPAK-s\u00eb marrjen e nj\u00eb mase t\u00eb sigurimit personal p\u00ebr t\u00eb dyja k\u00ebto shtetase, t\u00eb cilat kan\u00eb ndikuar n\u00eb m\u00ebnyr\u00eb t\u00eb jasht\u00ebzakonshme gjat\u00eb gjith\u00eb k\u00ebsaj periudhe n\u00eb vendimmarrje t\u00eb ndryshme n\u00eb sistemin e drejt\u00ebsis\u00eb.<\/p>\n<p>Nisur nga fakti q\u00eb jan\u00eb qoft\u00eb objekte t\u00eb SPAK, por edhe objekti i k\u00ebtij kall\u00ebzimi \u00ebsht\u00eb i SPAK, ne k\u00ebrkojm\u00eb q\u00eb krahas mas\u00ebs s\u00eb sigurimit personal, t\u00eb filloj\u00eb edhe nj\u00eb hetim pasuror p\u00ebr Bushk\u00ebn dhe Llagamin, pasi sipas informacioneve m\u00eb t\u00eb fundit q\u00eb na kan\u00eb ardhur n\u00eb Partin\u00eb Demokratike, Klotilda Bushka, n\u00ebp\u00ebrmjet falsifikimit t\u00eb dokumentave, n\u00ebp\u00ebrmjet ushtrimit t\u00eb ndikimit t\u00eb paligjsh\u00ebm p\u00ebr shkak t\u00eb pozicionit politik q\u00eb ka, ka grabitur nj\u00eb pron\u00eb e cila ka qen\u00eb n\u00eb em\u00ebr t\u00eb disa bashk\u00ebpronar\u00ebve, por q\u00eb sot, n\u00eb m\u00ebnyr\u00eb t\u00eb paligjshme, \u00ebsht\u00eb n\u00eb em\u00ebr t\u00eb saj, n\u00eb em\u00ebr t\u00eb familjar\u00ebve t\u00eb saj dhe p\u00ebr t\u00eb cil\u00ebn t\u00eb gjith\u00eb ish-bashk\u00ebpronar\u00ebt e k\u00ebsaj prone jan\u00eb ankuar n\u00eb PD.<\/p>\n<p>Dhe jo vet\u00ebm q\u00eb jemi n\u00eb krah t\u00eb tyre, por do jemi n\u00eb krah t\u00eb \u00e7do qytetari, t\u00eb cil\u00ebt jan\u00eb ndjer\u00eb n\u00eb gjith\u00eb k\u00ebto vite t\u00eb pseudo-reform\u00ebs n\u00eb drejt\u00ebsi, si jan\u00eb persekutuar, dhunuar dhe nxjerr\u00eb nga prona e tyre me q\u00ebllim p\u00ebrfitimin e nj\u00eb grupi njer\u00ebzish t\u00eb caktuar\u201d, u shpreh Kalaja.<\/p>\n","protected":false},"excerpt":{"rendered":"<p>PD \u00e7on n\u00eb SPAK Bushk\u00ebn dhe Llagamin p\u00ebr p\u00ebrgjimet e b\u00ebra publike, p\u00ebr lidhjet e tyre me \u00e7iftin Veliaj-Xoxa dhe ushtrimin e ndikimit t\u00eb paligjsh\u00ebm n\u00eb sistemin e drejt\u00ebsis\u00eb. Bushka ka grabitur nj\u00eb pron\u00eb me disa bashk\u00ebpronar\u00eb n\u00eb Rrug\u00ebn e Dibr\u00ebs me falsifikim, p\u00ebr shkak t\u00eb pozicionit politik t\u00eb saj. Avokatja Adriana Kalaja, n\u00eb nj\u00eb &hellip;<\/p>\n","protected":false},"author":4,"featured_media":107638,"comment_status":"closed","ping_status":"closed","sticky":false,"template":"","format":"standard","meta":{"footnotes":""},"categories":[37],"tags":[],"class_list":["post-107925","post","type-post","status-publish","format-standard","has-post-thumbnail","","category-politike"],"_links":{"self":[{"href":"https:\/\/rdnews.al\/index.php\/wp-json\/wp\/v2\/posts\/107925","targetHints":{"allow":["GET"]}}],"collection":[{"href":"https:\/\/rdnews.al\/index.php\/wp-json\/wp\/v2\/posts"}],"about":[{"href":"https:\/\/rdnews.al\/index.php\/wp-json\/wp\/v2\/types\/post"}],"author":[{"embeddable":true,"href":"https:\/\/rdnews.al\/index.php\/wp-json\/wp\/v2\/users\/4"}],"replies":[{"embeddable":true,"href":"https:\/\/rdnews.al\/index.php\/wp-json\/wp\/v2\/comments?post=107925"}],"version-history":[{"count":3,"href":"https:\/\/rdnews.al\/index.php\/wp-json\/wp\/v2\/posts\/107925\/revisions"}],"predecessor-version":[{"id":107928,"href":"https:\/\/rdnews.al\/index.php\/wp-json\/wp\/v2\/posts\/107925\/revisions\/107928"}],"wp:featuredmedia":[{"embeddable":true,"href":"https:\/\/rdnews.al\/index.php\/wp-json\/wp\/v2\/media\/107638"}],"wp:attachment":[{"href":"https:\/\/rdnews.al\/index.php\/wp-json\/wp\/v2\/media?parent=107925"}],"wp:term":[{"taxonomy":"category","embeddable":true,"href":"https:\/\/rdnews.al\/index.php\/wp-json\/wp\/v2\/categories?post=107925"},{"taxonomy":"post_tag","embeddable":true,"href":"https:\/\/rdnews.al\/index.php\/wp-json\/wp\/v2\/tags?post=107925"}],"curies":[{"name":"wp","href":"https:\/\/api.w.org\/{rel}","templated":true}]}}