{"id":107975,"date":"2025-03-21T13:23:21","date_gmt":"2025-03-21T13:23:21","guid":{"rendered":"https:\/\/rdnews.al\/?p=107975"},"modified":"2025-03-21T13:23:35","modified_gmt":"2025-03-21T13:23:35","slug":"berisha-perplasja-bashki-qeveri-seria-e-fundit-e-narcos-emerimi-i-anuela-ristani-antikushtetues","status":"publish","type":"post","link":"https:\/\/rdnews.al\/index.php\/2025\/03\/21\/berisha-perplasja-bashki-qeveri-seria-e-fundit-e-narcos-emerimi-i-anuela-ristani-antikushtetues\/","title":{"rendered":"Berisha: P\u00ebrplasja Bashki-qeveri seria e fundit e Narcos! Em\u00ebrimi i Anuela Ristani antikushtetues"},"content":{"rendered":"<p>N\u00eb konferenc\u00ebn me gazetar\u00ebt, kryetari i PD, Sali Berisha, ka reaguar ndaj situat\u00ebs s\u00eb krijuar mes qeveris\u00eb dhe Bashkis\u00eb s\u00eb Tiran\u00ebs, duke e krahasuar at\u00eb me nj\u00eb skenar t\u00eb serialit t\u00eb famsh\u00ebm \u201cNarcos\u201d.<\/p>\n<p>Berisha e cil\u00ebsoi em\u00ebrimin e Anuela Ristanit n\u00eb krye t\u00eb bashkis\u00eb si antikushtetues dhe nj\u00eb akt t\u00eb drejtuar nga kryeministri Edi Rama. Ai theksoi se ky vendim bie ndesh me Kushtetut\u00ebn, pasi vet\u00ebm K\u00ebshilli Bashkiak ka t\u00eb drejt\u00ebn p\u00ebr t\u00eb p\u00ebrcaktuar drejtuesin e institucionit.<\/p>\n<p>\u201cRikthehemi tek \u00e7\u00ebshtja e dit\u00ebs.<\/p>\n<p>\u00c7\u00ebshtja e dit\u00ebs \u00ebsht\u00eb seria e fundit e Narcosit, q\u00eb zhvillohet n\u00eb godin\u00ebn e qeveris\u00eb, bashkis\u00eb Tiran\u00ebs dhe qelit\u00eb e burgut qeveritar n\u00eb Durr\u00ebs.<\/p>\n<p>Zhvillohet nj\u00eb skenar q\u00eb as n\u00eb filma nuk do mund t\u00eb ishte i till\u00eb.<\/p>\n<p>Nj\u00eb skenar me habira, me \u00e7udira, t\u00eb denja p\u00ebr \u00e7do puntat\u00eb t\u00eb Narcosit.<\/p>\n<p>N\u00eb puntat\u00ebn e fundit pra, \u00e7far\u00eb ndodh? Ndodh q\u00eb Erion Veliaj ka shnd\u00ebrruar qelin\u00eb n\u00eb zyr\u00ebn e bashkis\u00eb. Erion Veliaj aty firmos dhe vulos sikur t\u00eb ishte n\u00eb zyr\u00ebn e bashkis\u00eb. Se si mund t\u00eb ndodh\u00eb kjo e di vet\u00ebm regjizori.<\/p>\n<p>Sikur t\u00eb jet\u00eb n\u00eb \u2018susam hapu\u2019 apo n\u00eb urdh\u00ebr t\u00eb peshkut.<\/p>\n<p>Por kjo nuk \u00ebsht\u00eb esenciale. Esenciale \u00ebsht\u00eb se ai p\u00ebr arsyet e veta paraqet para shqiptar\u00ebve nj\u00eb dokument me firm\u00eb ku i delegon firm\u00ebn nj\u00eb punonj\u00ebse t\u00eb besuar t\u00eb bashkis\u00eb q\u00eb quhet Sara Goxhaj.<\/p>\n<p>N\u00eb nj\u00eb koh\u00eb kur 5 dit\u00eb m\u00eb par\u00eb Edi Rama i kishet besuar firm\u00ebn e Erion Veliajt nj\u00eb Anuela Ristanit.<\/p>\n<p>Zonja Ristani doli dje n\u00eb nj\u00eb media dhe u betua e st\u00ebrbetua se ajo nuk \u00ebsht\u00eb njeriu i Edi Ram\u00ebs.<\/p>\n<p>Un\u00eb nuk mund t\u00eb them asgj\u00eb, por pyetje do ti shtroj zonj\u00ebs Ristani: N\u00ebqoft\u00ebse ti, nuk je njeri konfidente e Edi Ram\u00ebs, si pranon ti urdh\u00ebrin antikushtetues t\u00eb Edi Ram\u00ebs.<\/p>\n<p>Se kush do t\u00eb drejtoj\u00eb bashkin\u00eb ka tag\u00ebr t\u00eb plot\u00eb t\u00eb p\u00ebrcaktoj\u00eb k\u00ebshilli bashkiak me Kushtetut\u00eb. Dhe n\u00eb nj\u00eb m\u00ebnyr\u00eb apo nj\u00eb tjet\u00ebr, kjo e delegimit t\u00eb firm\u00ebs \u00ebsht\u00eb e drejt\u00eb personale e atij q\u00eb beson firm\u00ebn, se firma nuk i jepet kujtdo.<\/p>\n<p>Pra rezulton se zonja Ristani e cila betohet se nuk \u00ebsht\u00eb konfidente e Edi Ram\u00ebs, dhe mund t\u00eb mos jet\u00eb se nuk e njoh, por zonja Ristani pranon em\u00ebrimin e saj antikushtetues n\u00eb krye t\u00eb bashkis\u00eb\u00a0 nga Edi Rama. Ajo k\u00ebt\u00eb em\u00ebrim duhet ta k\u00ebrkonte sipas kushtetut\u00ebs nga K\u00ebshilli Bashkiak\u201d, tha Berisha.<\/p>\n<p>&nbsp;<\/p>\n","protected":false},"excerpt":{"rendered":"<p>N\u00eb konferenc\u00ebn me gazetar\u00ebt, kryetari i PD, Sali Berisha, ka reaguar ndaj situat\u00ebs s\u00eb krijuar mes qeveris\u00eb dhe Bashkis\u00eb s\u00eb Tiran\u00ebs, duke e krahasuar at\u00eb me nj\u00eb skenar t\u00eb serialit t\u00eb famsh\u00ebm \u201cNarcos\u201d. Berisha e cil\u00ebsoi em\u00ebrimin e Anuela Ristanit n\u00eb krye t\u00eb bashkis\u00eb si antikushtetues dhe nj\u00eb akt t\u00eb drejtuar nga kryeministri Edi Rama. &hellip;<\/p>\n","protected":false},"author":4,"featured_media":107977,"comment_status":"closed","ping_status":"closed","sticky":false,"template":"","format":"standard","meta":{"footnotes":""},"categories":[37],"tags":[],"class_list":["post-107975","post","type-post","status-publish","format-standard","has-post-thumbnail","","category-politike"],"_links":{"self":[{"href":"https:\/\/rdnews.al\/index.php\/wp-json\/wp\/v2\/posts\/107975","targetHints":{"allow":["GET"]}}],"collection":[{"href":"https:\/\/rdnews.al\/index.php\/wp-json\/wp\/v2\/posts"}],"about":[{"href":"https:\/\/rdnews.al\/index.php\/wp-json\/wp\/v2\/types\/post"}],"author":[{"embeddable":true,"href":"https:\/\/rdnews.al\/index.php\/wp-json\/wp\/v2\/users\/4"}],"replies":[{"embeddable":true,"href":"https:\/\/rdnews.al\/index.php\/wp-json\/wp\/v2\/comments?post=107975"}],"version-history":[{"count":2,"href":"https:\/\/rdnews.al\/index.php\/wp-json\/wp\/v2\/posts\/107975\/revisions"}],"predecessor-version":[{"id":107979,"href":"https:\/\/rdnews.al\/index.php\/wp-json\/wp\/v2\/posts\/107975\/revisions\/107979"}],"wp:featuredmedia":[{"embeddable":true,"href":"https:\/\/rdnews.al\/index.php\/wp-json\/wp\/v2\/media\/107977"}],"wp:attachment":[{"href":"https:\/\/rdnews.al\/index.php\/wp-json\/wp\/v2\/media?parent=107975"}],"wp:term":[{"taxonomy":"category","embeddable":true,"href":"https:\/\/rdnews.al\/index.php\/wp-json\/wp\/v2\/categories?post=107975"},{"taxonomy":"post_tag","embeddable":true,"href":"https:\/\/rdnews.al\/index.php\/wp-json\/wp\/v2\/tags?post=107975"}],"curies":[{"name":"wp","href":"https:\/\/api.w.org\/{rel}","templated":true}]}}