{"id":107981,"date":"2025-03-21T17:22:09","date_gmt":"2025-03-21T17:22:09","guid":{"rendered":"https:\/\/rdnews.al\/?p=107981"},"modified":"2025-03-21T17:24:14","modified_gmt":"2025-03-21T17:24:14","slug":"veliaj-u-terhoq-nga-emerimi-i-sara-goxhajt-pasi-i-cuan-nje-plumb-ne-zarf","status":"publish","type":"post","link":"https:\/\/rdnews.al\/index.php\/2025\/03\/21\/veliaj-u-terhoq-nga-emerimi-i-sara-goxhajt-pasi-i-cuan-nje-plumb-ne-zarf\/","title":{"rendered":"Veliaj u t\u00ebrhoq nga em\u00ebrimi i Sara Goxhajt pasi i \u00e7uan nj\u00eb plumb n\u00eb zarf!"},"content":{"rendered":"<p>Kryetari i PD, Sali Berisha ka b\u00ebr\u00eb nj\u00eb deklarat\u00eb t\u00eb fort\u00eb mbi vendimin e Erion Veliajt p\u00ebr t\u00eb t\u00ebrhequr em\u00ebrimin e Sara Goxhajt si kryetare e komanduar e Bashkis\u00eb Tiran\u00eb.<br \/>\nBerisha tha se, kryebashkiakut t\u00eb arrestuar i \u00e7uan nj\u00eb plumb n\u00ebzarf, teksa nuk p\u00ebrjashtoi edhe hipotez\u00ebn e drogimit.<br \/>\nKreu i PD theksoi se, Veliaj gjat\u00eb takimit ku t\u00ebrhoqi em\u00ebrimin e Goxhaj ishte pa pranin\u00eb e avokatit duke k\u00ebrkuar nj\u00eb hetim. Gjithashtu i b\u00ebri thirrje OSBE \u201ct\u00eb mbik\u00ebqyr\u00eb k\u00ebto zhvillime\u201d.<br \/>\n\u201cMerrni vesh a \u00ebsht\u00eb apo nuk \u00ebsht\u00eb, kush e merr vesh? Vet\u00ebm n\u00eb film Narcosi. Erion Veliaj ndalon edhe sekretarin e p\u00ebrgjithsh\u00ebm me polic\u00eb. Nga qelia e mbyllur urdh\u00ebron policin\u00eb. Se si mund t\u00eb urdh\u00ebroj\u00eb ai policin\u00eb bashkiake q\u00eb mos e lejoni at\u00eb Halilin t\u00eb mos futet n\u00eb bashki bashk\u00eb me sekretarin e P\u00ebrgjithsh\u00ebm, at\u00eb e di Edi Rama ose Altin Dumani q\u00eb jan\u00eb n\u00eb k\u00ebt\u00eb skenar. Por marrim pak momentin tjet\u00ebr.<br \/>\nPasi Veliaj vendos t\u00eb shkarkoj\u00eb Ristanin dhe em\u00ebroj Sara Goxhaj p\u00ebr firm\u00ebn e tij, delegon firm\u00ebn, ai b\u00ebn nj\u00eb saltro mortale t\u00eb papritur. Thot\u00eb se kjo ishte nj\u00eb keqkuptim dhe k\u00ebt\u00eb e b\u00ebri nga nj\u00eb k\u00ebrc\u00ebnim alla mafioz i Edi Ram\u00ebs q\u00eb vendosi shkarkimin e Erion Veliajt.<br \/>\nDhe me tu marr\u00eb vesh shkarkimi i Erion Veliajt, Erion Veliaj sikur t\u00eb ishte n\u00eb zyr\u00ebn e bashkis\u00eb s\u00eb Tiran\u00ebs dhe jo n\u00eb Durr\u00ebs. E kuptoni se \u00e7far\u00eb kontrolli i tmerrsh\u00ebm i b\u00ebhet atij njeriu. Si e mori vesh dhe ku e mori vesh ai q\u00eb u shkarkua dje n\u00eb ora 2 t\u00eb dit\u00ebs. Si e mori vesh me thoni ju mua.<br \/>\nPra k\u00ebtu b\u00ebhet nj\u00eb loj\u00eb mafioze, psikologjike e paimagjinueshme. Kush ja tha atij, q\u00eb vendosi shkarkimin Edi Rama. Thojani shqiptar\u00ebve.<br \/>\nDhe Erion Veliaj merr kthes\u00ebn e menj\u00ebhershme ku thot\u00eb ishte nj\u00eb keqkuptim se rikthehet, mbetet n\u00eb fuqi em\u00ebrimi i Ram\u00ebs, antikushtetues i tij, p\u00ebr Anduela Ristanin, por nuk asnj\u00eb konfirmim nga k\u00ebshilli bashkiak dhe Erion Veliaj.<br \/>\nDefakto firma mbetet gjer tani, pavar\u00ebsisht se \u00e7\u2019thot\u00eb nga statuset. Dhe ju e keni par\u00eb e mor\u00ebt vesh. Informatori dixhital raporton se statuset shkruhen nga Edi Rama dhe zyra e tij.<br \/>\nUn\u00eb nuk marr p\u00ebrsip\u00ebr t\u00eb b\u00ebj\u00eb ekspertiza, por u them qytetar\u00ebve, cilido q\u00eb e dyshon k\u00ebt\u00eb dhe me t\u00eb drejt\u00eb mund ta dyshoj\u00eb, t\u00eb marr\u00eb pak statuset e Erion Veliajt dhe disa shkrime q\u00eb shkruante Rama me emrat e gazetar\u00ebve t\u00eb ndrysh\u00ebm, i shkruante kur atij i shp\u00ebrthenin uj\u00ebrat e zeza dhe nuk p\u00ebrmbahej me goj\u00ebn e shthurur, shkruante \u00e7do gj\u00eb identike me statuset e shkruara p\u00ebr Erion Veliajn.<br \/>\n\u00cbsht\u00eb i njohur stili i Edi Ram\u00ebs aty. Merrni shkrimet q\u00eb publikonte dikur Blendi Mane, q\u00eb \u00ebsht\u00eb faktuar se i vinte emrin e tij, me dashjen apo pa dashjen e k\u00ebtij t\u00eb fundit. Po se Edi Rama ka nevoj\u00eb t\u00eb shp\u00ebrthej\u00eb dhe t\u00eb nxjerr\u00eb t\u00eb zezat dhe kishte nj\u00eb koh\u00eb q\u00eb i nxirrte me anonimat.<br \/>\nThuhej se p\u00ebrdorte dhe Mero Bazen p\u00ebr k\u00ebto, por mos e pyesni se tani dal\u00eb ka, t\u00eb dhan\u00eb t\u00eb tjera nga regjistrimet shum\u00eb interesante. Do i merrni vesh ju, se \u00e7far\u00eb thoshte Veliaj p\u00ebr Mjeron.<br \/>\nVeliaj p\u00ebr Mjeron k\u00ebtej i k\u00ebrkon t\u00eb zbatoj\u00eb k\u00ebt\u00eb e k\u00ebt\u00eb, e k\u00ebtej i v\u00eb nj\u00eb epitet, ai q\u00eb qelb er\u00eb. Po n\u00eb Narcos, Anisa ndodhen t\u00eb gjith\u00eb element\u00ebt.<br \/>\nVet\u00ebm n\u00eb Narcos gjen gj\u00ebra t\u00eb tilla, k\u00ebtej e porosit, k\u00ebtej i thot\u00eb se ka probleme me higjen\u00ebn personale.<br \/>\nPra, dhe k\u00ebto jan\u00eb vet\u00ebm nj\u00eb pjes\u00eb, \u00ebsht\u00eb maja e ajsbergut.<br \/>\nTani t\u00eb jem i hapur.\u00a0Nuk kam n\u00eb m\u00ebnyr\u00eb absolute asnj\u00eb lloj sentimenti, dihet se cilat jan\u00eb sentimentet e mia p\u00ebr Erion Veliajn. Por sentimentet e mia p\u00ebr Veliajn dhe p\u00ebr ligjin jan\u00eb t\u00eb ndryshme dhe do t\u00eb jen\u00eb gjithmon\u00eb t\u00eb ndryshme.<br \/>\nNdaj dhe un\u00eb i k\u00ebrkoj me urgjenc\u00eb Avokatit t\u00eb Popullit t\u00eb nd\u00ebrmarr\u00eb nj\u00eb hetim t\u00eb plot\u00eb mbi q\u00ebndrimet e Edi Ram\u00ebs, Erion Veliajt, si personazhe kryesore n\u00eb k\u00ebt\u00eb puntat\u00eb t\u00eb serialit Narcos.<br \/>\n\u00c7far\u00eb ndodh, si mundet q\u00eb nj\u00eb i burgosur t\u00eb nxjerr\u00eb shkresa me firm\u00eb dhe vul\u00eb.<br \/>\nP\u00ebrve\u00e7 t\u00eb tjerash, ai zotimi i fundit, i djesh\u00ebm i tij \u00ebsht\u00eb marr\u00eb pa pranin\u00eb e avokatit. Avokati nuk \u00ebsht\u00eb thirrur i pranish\u00ebm n\u00eb takimin e b\u00ebr\u00eb, n\u00ebse \u00ebsht\u00eb b\u00ebr\u00eb fare takimi me Erion Veliajn ku mohon em\u00ebrimin e Sara Goxhajt, at\u00ebher\u00eb ata t\u00eb hetojn\u00eb se \u00ebsht\u00eb absolutisht e ndaluar t\u00eb takohesh me nj\u00eb t\u00eb burgusor zyrtarisht pa pranin\u00eb e avokatit.<br \/>\nI \u00e7uan atij p\u00ebrpara nj\u00eb plumb n\u00eb zarf, apo e droguan, apo \u00e7far\u00eb i b\u00ebn\u00eb, k\u00ebto nuk i di un\u00eb asnj\u00eb. Por k\u00ebto pik\u00ebpyetje po shtrohen mbar\u00eb kudo.<br \/>\nPra \u00ebsht\u00eb i domosdosh\u00ebm nj\u00eb hetim nga Avokati i Popullit.<br \/>\nI b\u00ebj thirrje dhe zyr\u00ebs s\u00eb OSBE-s\u00eb t\u00eb mbik\u00ebqyr\u00eb k\u00ebto zhvillime q\u00eb nuk ekzistojn\u00eb, q\u00eb pasuroj\u00ebn shum\u00eb serin\u00eb e Narcosit.<br \/>\nEdi Rama th\u00ebrret n\u00eb zyr\u00eb dhe k\u00ebrc\u00ebnon eg\u00ebrsisht punonj\u00ebs t\u00eb bashkis\u00eb, n\u00eb nj\u00eb koh\u00eb kur ata me kushtetut\u00eb jan\u00eb t\u00eb pavarur ndaj tij. Nuk kan\u00eb asnj\u00eb tag\u00ebr p\u00ebr t\u00eb thirrur punonj\u00ebs t\u00eb bashkis\u00eb, p\u00ebr \u00e7\u00ebshtje t\u00eb bashkis\u00eb, p\u00ebr tu ngarkuar detyra.<br \/>\nBashkia \u00ebsht\u00eb e pavaruar nga ekzekutivi, i th\u00ebrret dhe i k\u00ebrc\u00ebnon. Ua mbyll dyert dhe i nxjerr jasht\u00eb. Jan\u00eb zhvillime dramatike kockash mafioze, por skenarit i prin Don Edvini, padrinoja. Si\u00e7 e shifni\u201c, tha Berisha.<\/p>\n","protected":false},"excerpt":{"rendered":"<p>Kryetari i PD, Sali Berisha ka b\u00ebr\u00eb nj\u00eb deklarat\u00eb t\u00eb fort\u00eb mbi vendimin e Erion Veliajt p\u00ebr t\u00eb t\u00ebrhequr em\u00ebrimin e Sara Goxhajt si kryetare e komanduar e Bashkis\u00eb Tiran\u00eb. Berisha tha se, kryebashkiakut t\u00eb arrestuar i \u00e7uan nj\u00eb plumb n\u00ebzarf, teksa nuk p\u00ebrjashtoi edhe hipotez\u00ebn e drogimit. Kreu i PD theksoi se, Veliaj gjat\u00eb &hellip;<\/p>\n","protected":false},"author":4,"featured_media":107982,"comment_status":"closed","ping_status":"closed","sticky":false,"template":"","format":"standard","meta":{"footnotes":""},"categories":[37],"tags":[],"class_list":["post-107981","post","type-post","status-publish","format-standard","has-post-thumbnail","","category-politike"],"_links":{"self":[{"href":"https:\/\/rdnews.al\/index.php\/wp-json\/wp\/v2\/posts\/107981","targetHints":{"allow":["GET"]}}],"collection":[{"href":"https:\/\/rdnews.al\/index.php\/wp-json\/wp\/v2\/posts"}],"about":[{"href":"https:\/\/rdnews.al\/index.php\/wp-json\/wp\/v2\/types\/post"}],"author":[{"embeddable":true,"href":"https:\/\/rdnews.al\/index.php\/wp-json\/wp\/v2\/users\/4"}],"replies":[{"embeddable":true,"href":"https:\/\/rdnews.al\/index.php\/wp-json\/wp\/v2\/comments?post=107981"}],"version-history":[{"count":1,"href":"https:\/\/rdnews.al\/index.php\/wp-json\/wp\/v2\/posts\/107981\/revisions"}],"predecessor-version":[{"id":107983,"href":"https:\/\/rdnews.al\/index.php\/wp-json\/wp\/v2\/posts\/107981\/revisions\/107983"}],"wp:featuredmedia":[{"embeddable":true,"href":"https:\/\/rdnews.al\/index.php\/wp-json\/wp\/v2\/media\/107982"}],"wp:attachment":[{"href":"https:\/\/rdnews.al\/index.php\/wp-json\/wp\/v2\/media?parent=107981"}],"wp:term":[{"taxonomy":"category","embeddable":true,"href":"https:\/\/rdnews.al\/index.php\/wp-json\/wp\/v2\/categories?post=107981"},{"taxonomy":"post_tag","embeddable":true,"href":"https:\/\/rdnews.al\/index.php\/wp-json\/wp\/v2\/tags?post=107981"}],"curies":[{"name":"wp","href":"https:\/\/api.w.org\/{rel}","templated":true}]}}