{"id":108013,"date":"2025-03-22T09:37:15","date_gmt":"2025-03-22T09:37:15","guid":{"rendered":"https:\/\/rdnews.al\/?p=108013"},"modified":"2025-03-22T09:37:15","modified_gmt":"2025-03-22T09:37:15","slug":"biseda-telefonike-e-veliajt-nga-furgoni-i-burgut-dhe-heshtja-e-policeve","status":"publish","type":"post","link":"https:\/\/rdnews.al\/index.php\/2025\/03\/22\/biseda-telefonike-e-veliajt-nga-furgoni-i-burgut-dhe-heshtja-e-policeve\/","title":{"rendered":"Biseda telefonike e Veliajt nga furgoni i Burgut dhe &#8220;heshtja&#8221; e polic\u00ebve"},"content":{"rendered":"<p>R\u00ebnia n\u00eb p\u00ebrgjim e Erjon Veliajt teksa fliste me gruan e tij nga furgoni i Burgut t\u00eb Durr\u00ebsit, ngriti n\u00eb k\u00ebmb\u00eb dy prokuror\u00ebt e SPAK-ut, pasi dyshuan se Veliaj p\u00ebrdorte nj\u00eb aparat telefoni n\u00eb burg.<\/p>\n<p>Por kur verifikuan numrin q\u00eb kishte r\u00ebn\u00eb aksidentalisht n\u00eb p\u00ebrgjim t\u00eb SPAK (pasi n\u00eb p\u00ebrgjim ishte numri i Ajola Xox\u00ebs), kuptuan se ai ishte nj\u00eb num\u00ebr q\u00eb p\u00ebrdorej nga nj\u00eb punonj\u00ebs policie i burgjeve.<\/p>\n<p>Me urgjenc\u00eb prokuror\u00ebt kan\u00eb marr\u00eb list\u00ebn e sh\u00ebrbimit ditor t\u00eb k\u00ebtij punonj\u00ebsi policie dhe konstatuan se dit\u00ebn dhe or\u00ebn kur \u00ebsht\u00eb b\u00ebr\u00eb thirrja telefonike n\u00eb drejtim t\u00eb numrit t\u00eb Ajola Xox\u00ebs, ky punonj\u00ebs policie ka qen\u00eb n\u00eb sh\u00ebrbim n\u00eb trup\u00ebn e shoq\u00ebrimit q\u00eb transportonte me furgon Veliajn nga paraburgimi i Durr\u00ebsit n\u00eb drejtim t\u00eb Gjykat\u00ebs s\u00eb Apelit t\u00eb Posa\u00e7\u00ebm n\u00eb Tiran\u00eb.<\/p>\n<p>Menj\u00ebher\u00eb \u00ebsht\u00eb urdh\u00ebruar shoq\u00ebrimi n\u00eb ambientet e SPAK-ut t\u00eb punonj\u00ebsit t\u00eb policis\u00eb, i cili gjat\u00eb marrjes n\u00eb pyetje ka pranuar para prokuror\u00ebve se numri ishte i tij dhe ja kishte dh\u00ebn\u00eb Veliajt brenda n\u00eb furgon, pasi ia kishte k\u00ebrkuar p\u00ebr t\u00eb folur me gruan.<\/p>\n<p><em>\u201c\u2026ia kam dh\u00ebn\u00eb me d\u00ebshir\u00eb dhe pa asnj\u00eb premtim apo favorizim, pasi ma k\u00ebrkoi t\u00eb fliste me gruan. Me erdhi keq dhe ja dhash\u00eb. Un\u00eb jam n\u00eb mosh\u00eb t\u00eb madhe dhe p\u00ebr pak koh\u00eb dal n\u00eb pension. Nuk e mendova se ishte shkelje e r\u00ebnd\u00eb\u2026\u201d, <\/em>ka treguar punonj\u00ebsi i policis\u00eb M.<\/p>\n<p>P\u00ebr shkak t\u00eb k\u00ebsaj d\u00ebshmie bashk\u00ebpunuese, prokuror\u00ebt e kan\u00eb toleruar punonj\u00ebsin e policis\u00eb s\u00eb burgjeve n\u00eb prag pensioni, duke mos e arrestuar p\u00ebr akuz\u00ebn e \u201cShp\u00ebrdorimit t\u00eb detyr\u00ebs\u201d.<\/p>\n<p>Nd\u00ebrkoh\u00eb n\u00eb pyetje brenda godin\u00ebs s\u00eb SPAK jan\u00eb marr\u00eb dhe 5 an\u00ebtar\u00ebt e tjer\u00eb t\u00eb grupimit t\u00eb shoq\u00ebrimit, si dhe komandanti i grupit, shtetasi, G\u00ebzim. Gj.<\/p>\n<p>T\u00eb gjith\u00eb an\u00ebtar\u00ebt, p\u00ebrfshir\u00eb dhe shoferin e furgonit q\u00eb transportoi Veliajn n\u00eb Gjykat\u00ebn e Apelit, jan\u00eb v\u00ebn\u00eb n\u00eb hetim nga SPAK p\u00ebr akuz\u00ebn \u201cMoskall\u00ebzimit t\u00eb krimit\u201d.<\/p>\n<p>Kjo pasi, sipas SPAK, ata kan\u00eb qen\u00eb brenda n\u00eb furgon dhe kan\u00eb par\u00eb e d\u00ebgjuar se Veliaj ishte duke folur n\u00eb telefon dhe nuk kan\u00eb marr\u00eb asnj\u00eb mas\u00eb t\u00eb parandalojn\u00eb dhe ndalojn\u00eb at\u00eb.<\/p>\n<p>Veprimet e kund\u00ebrligjshme t\u00eb Veliaj dhe kolegut t\u00eb tyre M, q\u00eb i dha telefonin, thot\u00eb SPAK, nuk jan\u00eb denoncuar n\u00eb organet p\u00ebrkat\u00ebse nga 5 punonj\u00ebsit e tjer\u00eb t\u00eb policis\u00eb s\u00eb burgjeve, ndaj t\u00eb cil\u00ebve r\u00ebndon akuza e \u201cMoskall\u00ebzimit t\u00eb krimit\u201d.<\/p>\n<p>Nd\u00ebrsa p\u00ebr Veliajn \u00ebsht\u00eb ngritur akuza e \u201cFutjes ose mbajtja e sendeve t\u00eb ndaluara n\u00eb institucionin e ekzekutimit t\u00eb vendimeve me burgim\u201d, vep\u00ebr kjo q\u00eb parashikon nj\u00eb d\u00ebnim nga 1 deri n\u00eb 3 vite burgim.<\/p>\n","protected":false},"excerpt":{"rendered":"<p>R\u00ebnia n\u00eb p\u00ebrgjim e Erjon Veliajt teksa fliste me gruan e tij nga furgoni i Burgut t\u00eb Durr\u00ebsit, ngriti n\u00eb k\u00ebmb\u00eb dy prokuror\u00ebt e SPAK-ut, pasi dyshuan se Veliaj p\u00ebrdorte nj\u00eb aparat telefoni n\u00eb burg. Por kur verifikuan numrin q\u00eb kishte r\u00ebn\u00eb aksidentalisht n\u00eb p\u00ebrgjim t\u00eb SPAK (pasi n\u00eb p\u00ebrgjim ishte numri i Ajola Xox\u00ebs), &hellip;<\/p>\n","protected":false},"author":4,"featured_media":108014,"comment_status":"closed","ping_status":"closed","sticky":false,"template":"","format":"standard","meta":{"footnotes":""},"categories":[37],"tags":[],"class_list":["post-108013","post","type-post","status-publish","format-standard","has-post-thumbnail","","category-politike"],"_links":{"self":[{"href":"https:\/\/rdnews.al\/index.php\/wp-json\/wp\/v2\/posts\/108013","targetHints":{"allow":["GET"]}}],"collection":[{"href":"https:\/\/rdnews.al\/index.php\/wp-json\/wp\/v2\/posts"}],"about":[{"href":"https:\/\/rdnews.al\/index.php\/wp-json\/wp\/v2\/types\/post"}],"author":[{"embeddable":true,"href":"https:\/\/rdnews.al\/index.php\/wp-json\/wp\/v2\/users\/4"}],"replies":[{"embeddable":true,"href":"https:\/\/rdnews.al\/index.php\/wp-json\/wp\/v2\/comments?post=108013"}],"version-history":[{"count":1,"href":"https:\/\/rdnews.al\/index.php\/wp-json\/wp\/v2\/posts\/108013\/revisions"}],"predecessor-version":[{"id":108015,"href":"https:\/\/rdnews.al\/index.php\/wp-json\/wp\/v2\/posts\/108013\/revisions\/108015"}],"wp:featuredmedia":[{"embeddable":true,"href":"https:\/\/rdnews.al\/index.php\/wp-json\/wp\/v2\/media\/108014"}],"wp:attachment":[{"href":"https:\/\/rdnews.al\/index.php\/wp-json\/wp\/v2\/media?parent=108013"}],"wp:term":[{"taxonomy":"category","embeddable":true,"href":"https:\/\/rdnews.al\/index.php\/wp-json\/wp\/v2\/categories?post=108013"},{"taxonomy":"post_tag","embeddable":true,"href":"https:\/\/rdnews.al\/index.php\/wp-json\/wp\/v2\/tags?post=108013"}],"curies":[{"name":"wp","href":"https:\/\/api.w.org\/{rel}","templated":true}]}}