{"id":108016,"date":"2025-03-22T10:52:27","date_gmt":"2025-03-22T10:52:27","guid":{"rendered":"https:\/\/rdnews.al\/?p=108016"},"modified":"2025-03-22T10:52:27","modified_gmt":"2025-03-22T10:52:27","slug":"berisha-ne-duam-qe-shqiperia-te-jete-vendi-i-endrrave-te-rinise-shqiptare-fitorja-e-11-majit-ka-rendesi-historike","status":"publish","type":"post","link":"https:\/\/rdnews.al\/index.php\/2025\/03\/22\/berisha-ne-duam-qe-shqiperia-te-jete-vendi-i-endrrave-te-rinise-shqiptare-fitorja-e-11-majit-ka-rendesi-historike\/","title":{"rendered":"Berisha: Ne duam q\u00eb Shqip\u00ebria t\u00eb jet\u00eb vendi i \u00ebndrrave t\u00eb rinis\u00eb shqiptare! Fitorja e 11 majit ka r\u00ebnd\u00ebsi historike"},"content":{"rendered":"<p>Kryetari i PD, Sali Berisha, gjat\u00eb fjal\u00ebs s\u00eb tij n\u00eb konferenc\u00ebn \u201cFushata elektorale dhe komunikimi\u201d, organizuar nga PD dhe Fondacioni suedez, \u201cJarl Hjamarson\u201d, shprehu angazhimin e tij dhe t\u00eb partis\u00eb p\u00ebr nj\u00eb Shqip\u00ebri t\u00eb ndryshuar, ku t\u00eb rinjt\u00eb jan\u00eb n\u00eb qend\u00ebr t\u00eb zhvillimit dhe transformimit t\u00eb vendit.<\/p>\n<p>Ai theksoi r\u00ebnd\u00ebsin\u00eb historike t\u00eb fitores m\u00eb 11 maj dhe p\u00ebrmendi mb\u00ebshtetjen e partner\u00ebve t\u00eb huaj, ve\u00e7an\u00ebrisht t\u00eb partis\u00eb suedeze Moderatna, p\u00ebrfshir\u00eb edhe kryeministrin\u00a0e saj.<\/p>\n<p>\u201cDua t\u00eb falenderoj nga zemra mikun ton\u00eb suedeze, t\u00eb fal\u00ebnderoj partin\u00eb Moderatna, kryeministrin, kryetarin e saj, t\u00eb Suedis\u00eb, p\u00ebr k\u00ebt\u00eb ndihm\u00eb t\u00eb \u00e7muar q\u00eb na japin, ndihm\u00eb e cila \u00ebsht\u00eb nj\u00eb inkurajim i madh p\u00ebr ne.<\/p>\n<p>\u00cbsht\u00eb vazhdimi i nj\u00eb tradite t\u00eb nj\u00eb bashk\u00ebpunimi t\u00eb gjat\u00eb q\u00eb ne kemi me k\u00ebt\u00eb parti, me t\u00eb cil\u00ebn ne jemi nj\u00eb familje dhe nj\u00eb ndihm\u00eb q\u00eb vjen n\u00eb nj\u00eb koh\u00eb shum\u00eb t\u00eb r\u00ebnd\u00ebsishme si\u00e7 \u00ebsht\u00eb kjo e fushat\u00ebs elektorale.<\/p>\n<p>Trajnimi juaj \u00ebsht\u00eb jasht\u00ebzakonisht i r\u00ebnd\u00ebsish\u00ebm.<\/p>\n<p>Dua t\u00eb p\u00ebrsh\u00ebndes miqt\u00eb e tjer\u00eb t\u00eb pranish\u00ebm, Alban\u00ebn dhe Oerdin dhe t\u2019u p\u00ebrsh\u00ebndes t\u00eb gjith\u00eb ju q\u00eb merrni pjes\u00eb n\u00eb k\u00ebt\u00eb trajnim me urimin, shpres\u00ebn dhe besimin q\u00eb ato njohuri dhe aft\u00ebsi q\u00eb i fitoni n\u00eb k\u00ebt\u00eb trajnim t\u2019i shp\u00ebrndani n\u00eb t\u00eb gjitha deg\u00ebt e PD n\u00eb Shqip\u00ebri.<\/p>\n<p>Ne shkojm\u00eb n\u00eb k\u00ebt\u00eb fushat\u00eb me p\u00ebrpjekjen ton\u00eb m\u00eb serioze p\u00ebr nj\u00eb fitore m\u00eb 11 maj, fitore e cila ka r\u00ebnd\u00ebsi historike p\u00ebr Shqip\u00ebrin\u00eb dhe jo vet\u00ebm.<br \/>\nShqip\u00ebria sot ka nj\u00eb regjim narkodiktatorial, n\u00eb t\u00eb cilin t\u00eb gjitha pushtetet jan\u00eb t\u00eb p\u00ebrqendruara n\u00eb nj\u00eb dor\u00eb.<\/p>\n<p>N\u00eb t\u00eb cilin b\u00ebhen p\u00ebrpjekjet m\u00eb t\u00eb jasht\u00ebzakonshme p\u00ebr t\u00eb kontrolluar vullnetin e qytetar\u00ebve shqiptar\u00eb.<\/p>\n<p>N\u00eb t\u00eb cilin jan\u00eb arrestuar nj\u00ebsoj si n\u00eb Tunizi tre lider\u00ebt e partive kryesore opozitare.<\/p>\n<p>Por nga ana tjet\u00ebr, ne vijm\u00eb n\u00eb k\u00ebt\u00eb fushat\u00eb m\u00eb t\u00eb vendosur se kurr\u00eb p\u00ebr t\u00eb shp\u00ebtuar Shqip\u00ebrin\u00eb, t\u00eb vetmin vend, nga diktatura e dyt\u00eb n\u00eb 33 vite.<\/p>\n<p>Sot \u00ebsht\u00eb nj\u00eb dat\u00eb e madhe p\u00ebr ne, frym\u00ebzuese. \u00cbsht\u00eb 22 marsi, \u00ebsht\u00eb festa e Sulltan Novruzit, \u00e7ka un\u00eb uroj t\u00eb gjith\u00eb bektashinjt\u00eb shqiptar\u00eb me k\u00ebt\u00eb rast.<\/p>\n<p>Por \u00ebsht\u00eb edhe 22 marsi, dita n\u00eb t\u00eb cil\u00ebn ne shqiptar\u00ebt p\u00ebrmbys\u00ebm me vot\u00ebn e lir\u00eb diktatur\u00ebn staliniste m\u00eb t\u00eb eg\u00ebr q\u00eb kishte njohur Europa e pas-Luft\u00ebs s\u00eb Dyt\u00eb Bot\u00ebrore.<\/p>\n<p>Fakti q\u00eb ne, si forc\u00eb politike, u riorganizuam, kap\u00ebrcyem v\u00ebshtir\u00ebsi t\u00eb m\u00ebdha, arrit\u00ebm t\u00eb mposht\u00ebm t\u00eb gjitha p\u00ebrpjekjet e narkoshtetit p\u00ebr shkat\u00ebrrimin ton\u00eb dhe vijm\u00eb sot m\u00eb t\u00eb fort\u00eb se kurr\u00eb, p\u00ebrb\u00ebn nj\u00eb prerogativ\u00eb t\u00eb fuqishme p\u00ebr fitoren ton\u00eb.<\/p>\n<p>P\u00ebrve\u00e7 k\u00ebsaj, si\u00e7 jeni n\u00eb dijeni, ne kemi krijuar koalicionin m\u00eb t\u00eb gjer\u00eb n\u00eb t\u00eb gjitha vitet.<\/p>\n<p>Aleat\u00ebt tan\u00eb p\u00ebrb\u00ebjn\u00eb rreth nj\u00eb t\u00eb tret\u00ebn e votuesve shqiptar\u00eb.<\/p>\n<p>Kandidat\u00ebt n\u00eb t\u00ebr\u00ebsi kan\u00eb dal\u00eb nga primaret dhe an\u00ebtar\u00ebsia jon\u00eb \u00ebsht\u00eb konsultuar m\u00eb shum\u00eb se kurr\u00eb n\u00eb p\u00ebrzgjedhjen e tyre.<\/p>\n<p>Por p\u00ebrve\u00e7 k\u00ebtyre, ne kemi nj\u00eb program t\u00eb shk\u00eblqyer.<\/p>\n<p>Programi i Shqip\u00ebris\u00eb Madh\u00ebshtore \u00ebsht\u00eb programi m\u00eb i mir\u00eb q\u00eb PD ka paraqitur para shqiptar\u00ebve n\u00eb t\u00ebr\u00eb ekzistenc\u00ebn e saj.<\/p>\n<p>Ky program ka n\u00eb themel arritjet tona historike q\u00eb nga vendosja e pluralizmit te an\u00ebtar\u00ebsimi i Shqip\u00ebris\u00eb n\u00eb NATO.<\/p>\n<p>Por ka n\u00eb themel vizionin p\u00ebr t\u00eb transformuar me shpejt\u00ebsi Shqip\u00ebrin\u00eb.<\/p>\n<p>Ne duam q\u00eb Shqip\u00ebria t\u00eb jet\u00eb vendi i \u00ebndrrave tuaja t\u00eb dit\u00ebs.<\/p>\n<p>\u00c7do projekt i \u00e7do individi \u00ebsht\u00eb n\u00eb t\u00eb v\u00ebrtet\u00eb nj\u00eb \u00ebnd\u00ebrr dite.<\/p>\n<p>Dhe askush m\u00eb shum\u00eb se t\u00eb rinjt\u00eb nuk i ka m\u00eb t\u00eb bukura \u00ebndrrat e dit\u00ebs.<\/p>\n<p>Ne duam q\u00eb me Shqip\u00ebrin\u00eb n\u00eb vitet e ardhshme, t\u00eb rinjt\u00eb shqiptar\u00eb t\u2019i besojn\u00eb \u00ebndrr\u00ebn e tyre Shqip\u00ebris\u00eb.<\/p>\n<p>T\u00eb binden, t\u2019i p\u00ebrkushtojn\u00eb energjit\u00eb e tyre nd\u00ebrtimit t\u00eb \u00ebndrr\u00ebs s\u00eb tyre n\u00eb Shqip\u00ebri.<\/p>\n<p>Synojm\u00eb q\u00eb Shqip\u00ebria t\u2019u ofroj\u00eb atyre t\u00eb gjitha leht\u00ebsirat, t\u00eb gjitha mund\u00ebsit\u00eb p\u00ebr realizimin e k\u00ebsaj \u00ebndrre.<\/p>\n<p>Synojm\u00eb q\u00eb Shqip\u00ebria t\u00eb jet\u00eb nj\u00eb vend i drejt\u00eb, i qytetar\u00ebve t\u00eb barabart\u00eb, i shtetit ligjor.<br \/>\nSynojm\u00eb q\u00eb p\u00ebr t\u00eb rinjt\u00eb t\u00eb b\u00ebjm\u00eb \u00e7do investim q\u00eb ata t\u00eb shkollohen sa m\u00eb mir\u00eb, q\u00eb ata t\u00eb pun\u00ebsohen sa m\u00eb shum\u00eb, q\u00eb ata t\u00eb ken\u00eb sukses n\u00eb bizneset e tyre\u201d, u shpreh Berisha.<\/p>\n","protected":false},"excerpt":{"rendered":"<p>Kryetari i PD, Sali Berisha, gjat\u00eb fjal\u00ebs s\u00eb tij n\u00eb konferenc\u00ebn \u201cFushata elektorale dhe komunikimi\u201d, organizuar nga PD dhe Fondacioni suedez, \u201cJarl Hjamarson\u201d, shprehu angazhimin e tij dhe t\u00eb partis\u00eb p\u00ebr nj\u00eb Shqip\u00ebri t\u00eb ndryshuar, ku t\u00eb rinjt\u00eb jan\u00eb n\u00eb qend\u00ebr t\u00eb zhvillimit dhe transformimit t\u00eb vendit. Ai theksoi r\u00ebnd\u00ebsin\u00eb historike t\u00eb fitores m\u00eb 11 &hellip;<\/p>\n","protected":false},"author":4,"featured_media":108017,"comment_status":"closed","ping_status":"closed","sticky":false,"template":"","format":"standard","meta":{"footnotes":""},"categories":[37],"tags":[],"class_list":["post-108016","post","type-post","status-publish","format-standard","has-post-thumbnail","","category-politike"],"_links":{"self":[{"href":"https:\/\/rdnews.al\/index.php\/wp-json\/wp\/v2\/posts\/108016","targetHints":{"allow":["GET"]}}],"collection":[{"href":"https:\/\/rdnews.al\/index.php\/wp-json\/wp\/v2\/posts"}],"about":[{"href":"https:\/\/rdnews.al\/index.php\/wp-json\/wp\/v2\/types\/post"}],"author":[{"embeddable":true,"href":"https:\/\/rdnews.al\/index.php\/wp-json\/wp\/v2\/users\/4"}],"replies":[{"embeddable":true,"href":"https:\/\/rdnews.al\/index.php\/wp-json\/wp\/v2\/comments?post=108016"}],"version-history":[{"count":1,"href":"https:\/\/rdnews.al\/index.php\/wp-json\/wp\/v2\/posts\/108016\/revisions"}],"predecessor-version":[{"id":108018,"href":"https:\/\/rdnews.al\/index.php\/wp-json\/wp\/v2\/posts\/108016\/revisions\/108018"}],"wp:featuredmedia":[{"embeddable":true,"href":"https:\/\/rdnews.al\/index.php\/wp-json\/wp\/v2\/media\/108017"}],"wp:attachment":[{"href":"https:\/\/rdnews.al\/index.php\/wp-json\/wp\/v2\/media?parent=108016"}],"wp:term":[{"taxonomy":"category","embeddable":true,"href":"https:\/\/rdnews.al\/index.php\/wp-json\/wp\/v2\/categories?post=108016"},{"taxonomy":"post_tag","embeddable":true,"href":"https:\/\/rdnews.al\/index.php\/wp-json\/wp\/v2\/tags?post=108016"}],"curies":[{"name":"wp","href":"https:\/\/api.w.org\/{rel}","templated":true}]}}